{"id":17966,"date":"2025-10-15T07:43:03","date_gmt":"2025-10-15T07:43:03","guid":{"rendered":"https:\/\/www.europesays.com\/lt\/17966\/"},"modified":"2025-10-15T07:43:03","modified_gmt":"2025-10-15T07:43:03","slug":"nutyleta-priezastis-kodel-donaldas-trumpas-dazniausiai-nesioja-raudona-kaklaraisti","status":"publish","type":"post","link":"https:\/\/www.europesays.com\/lt\/17966\/","title":{"rendered":"Nutyl\u0117ta prie\u017eastis, kod\u0117l Donaldas Trumpas da\u017eniausiai ne\u0161ioja raudon\u0105 kaklarai\u0161t\u012f"},"content":{"rendered":"<p>\u201eTelegraph\u201c nusprend\u0117 i\u0161siai\u0161kinti, kod\u0117l JAV lyderis da\u017eniausiai vie\u0161umoje pasirodo vilkint kostium\u0105 su raudonu kaklarai\u0161\u010diu. Su\u017einojome, su kuo asocijuojasi \u0161i spalva.<\/p>\n<p>Kod\u0117l Donaldas Trumpas ne\u0161ioja raudonus kaklarai\u0161\u010dius<\/p>\n<p>47-ojo JAV prezidento Donaldo Trumpo stilius yra grie\u017etai klasikinis, taip jis bando pabr\u0117\u017eti savo status\u0105 ir \u012ftak\u0105. Jo garderobe vyrauja tams\u016bs kostiumai \u2013 da\u017eniausiai gil\u016bs m\u0117lynos ir juodos spalvos atspalviai, kuriuos jis derina su baltais mar\u0161kiniais ir raudonais kaklarai\u0161\u010diais.<\/p>\n<p>B\u016btent kaklarai\u0161tis tapo pagrindine jo asmeninio stiliaus dalimi, ta\u010diau jis simbolizuoja kur kas daugiau nei tik mad\u0105. <\/p>\n<p>Da\u017eniausiai Trumpas vie\u0161umoje pasirodo su \u201eItalo Ferretti\u201c itali\u0161ko prek\u0117s \u017eenklo kaklarai\u0161\u010diais. Daugelis prezident\u0173 ir kit\u0173 svarbi\u0173 politini\u0173 veik\u0117j\u0173 pasirinko raudonus kaklarai\u0161\u010dius savo \u012fvaizd\u017eiui, bet b\u016btent Trumpas padar\u0117 tai pagrindine savo \u012fvaizd\u017eio dalimi.<\/p>\n<p>       <img decoding=\"async\" src=\"https:\/\/www.europesays.com\/lt\/wp-content\/uploads\/2025\/10\/58301948-bd16-406a-973c-0a6a7d7686fb.jpg\" loading=\"lazy\" alt=\"Donaldas Trumpas\"\/>    <\/p>\n<p>Reikia pa\u017eym\u0117ti, kad po 2000 m. prezidento rinkim\u0173 raudona spalva prad\u0117jo asocijuotis su Respublikon\u0173 partija. Donaldas Trumpas pasirinkdamas raudon\u0105 kaklarai\u0161t\u012f s\u0105moningai akcentuoja savo priklausym\u0105 partijai ir jos vertybi\u0173 palaikym\u0105.<\/p>\n<p>Psichologiniu po\u017ei\u016briu raudona spalva asocijuojasi su vald\u017eia, ry\u017etingumu, pasitik\u0117jimu savimi, taip pat pabr\u0117\u017eia dominuojan\u010di\u0105 \u017emogaus pozicij\u0105, nesvarbu, ar tai b\u016bt\u0173 verslas, ar politika. <\/p>\n<p>Tokiu kaklarai\u0161\u010di\u0173 pasirinkimu Donaldas Trumpas nori atkreipti d\u0117mes\u012f ir padaryti reikiam\u0105 \u012fsp\u016bd\u012f, taip pat pademonstruoti savo j\u0117g\u0105 ir vald\u017ei\u0105.<\/p>\n<p>Derinys \u2013 raudonas kaklarai\u0161tis, balti mar\u0161kiniai ir m\u0117lynas kostiumas \u2013 taip pat atspindi JAV v\u0117liavos spalvas, o tai dar labiau pabr\u0117\u017eia JAV prezidento \u017eini\u0105 apie patriotizm\u0105 ir nacionalizm\u0105.<\/p>\n","protected":false},"excerpt":{"rendered":"\u201eTelegraph\u201c nusprend\u0117 i\u0161siai\u0161kinti, kod\u0117l JAV lyderis da\u017eniausiai vie\u0161umoje pasirodo vilkint kostium\u0105 su raudonu kaklarai\u0161\u010diu. Su\u017einojome, su kuo asocijuojasi&hellip;\n","protected":false},"author":2,"featured_media":17967,"comment_status":"","ping_status":"","sticky":false,"template":"","format":"standard","meta":{"footnotes":""},"categories":[15],"tags":[25,30,31,194,34,35,24,5977,32,33,37,39,36,38,40,23,22,44,28,29,26,27,74,75,76],"class_list":{"0":"post-17966","1":"post","2":"type-post","3":"status-publish","4":"format-standard","5":"has-post-thumbnail","7":"category-pasaulis","8":"tag-antrastes","9":"tag-breaking-news","10":"tag-breakingnews","11":"tag-donaldas-trumpas","12":"tag-featured-news","13":"tag-featurednews","14":"tag-headlines","15":"tag-kaklaraistis","16":"tag-latest-news","17":"tag-latestnews","18":"tag-lietuva","19":"tag-lietuviu","20":"tag-lithuania","21":"tag-lithuanian","22":"tag-lt","23":"tag-naujienos","24":"tag-news","25":"tag-pasaulis","26":"tag-populiariausios-naujienos","27":"tag-populiariausiosnaujienos","28":"tag-top-stories","29":"tag-topstories","30":"tag-world","31":"tag-world-news","32":"tag-worldnews"},"share_on_mastodon":{"url":"","error":""},"_links":{"self":[{"href":"https:\/\/www.europesays.com\/lt\/wp-json\/wp\/v2\/posts\/17966","targetHints":{"allow":["GET"]}}],"collection":[{"href":"https:\/\/www.europesays.com\/lt\/wp-json\/wp\/v2\/posts"}],"about":[{"href":"https:\/\/www.europesays.com\/lt\/wp-json\/wp\/v2\/types\/post"}],"author":[{"embeddable":true,"href":"https:\/\/www.europesays.com\/lt\/wp-json\/wp\/v2\/users\/2"}],"replies":[{"embeddable":true,"href":"https:\/\/www.europesays.com\/lt\/wp-json\/wp\/v2\/comments?post=17966"}],"version-history":[{"count":0,"href":"https:\/\/www.europesays.com\/lt\/wp-json\/wp\/v2\/posts\/17966\/revisions"}],"wp:featuredmedia":[{"embeddable":true,"href":"https:\/\/www.europesays.com\/lt\/wp-json\/wp\/v2\/media\/17967"}],"wp:attachment":[{"href":"https:\/\/www.europesays.com\/lt\/wp-json\/wp\/v2\/media?parent=17966"}],"wp:term":[{"taxonomy":"category","embeddable":true,"href":"https:\/\/www.europesays.com\/lt\/wp-json\/wp\/v2\/categories?post=17966"},{"taxonomy":"post_tag","embeddable":true,"href":"https:\/\/www.europesays.com\/lt\/wp-json\/wp\/v2\/tags?post=17966"}],"curies":[{"name":"wp","href":"https:\/\/api.w.org\/{rel}","templated":true}]}}