{"id":180029,"date":"2026-05-17T09:18:10","date_gmt":"2026-05-17T09:18:10","guid":{"rendered":"https:\/\/www.europesays.com\/lt\/180029\/"},"modified":"2026-05-17T09:18:10","modified_gmt":"2026-05-17T09:18:10","slug":"augalu-deginimo-taisykles-grieztesni-reikalavimai","status":"publish","type":"post","link":"https:\/\/www.europesays.com\/lt\/180029\/","title":{"rendered":"Augal\u0173 deginimo taisykl\u0117s: grie\u017etesni reikalavimai"},"content":{"rendered":"<p>\u017dmoni\u0173 pasipiktinimas <\/p>\n<p>Pasikeitimai nenud\u017eiugino gyventoj\u0173. Po ministerijos \u012fra\u0161u socialiniame tinkle \u201eFacebook\u201c matyti pustre\u010dio \u0161imto \u012fra\u0161\u0173, kur esama pikt\u0173 ir ironi\u0161k\u0173 komentar\u0173. \u017dmon\u0117s ra\u0161o, kad pasaulyje tonomis dega nafta ir chemin\u0117s med\u017eiagos, o neva \u201em\u016bs\u0173 \u0161apeliai i\u0161gelb\u0117s gamt\u0105\u201c. <\/p>\n<p>\u201eGerai, kad dar leid\u017eiama kv\u0117puoti\u201c, \u2013 sako viena moteris.<\/p>\n<p>\u201eDeginau ir deginsiu\u201c, \u2013 ra\u0161o dar vienas \u017emogus.<\/p>\n<p>\u201eO kaip Jonini\u0173 lau\u017eai ir Mor\u0117s? B\u016btinai tur\u0117sime ie\u0161mus rankose laikyti\u201c, \u2013 savaip pakeitimus interpretuoja dar viena internaut\u0117. <\/p>\n<p>Ta\u010diau ministerija laikosi pozicijos, kad deginant \u0161akas ar kitas sodo atliekas dideliais kiekiais ter\u0161iamas oras, kyla gaisr\u0173 rizika, ugnis gali persimesi \u012f mi\u0161kus.<\/p>\n<p>\u201eDaugel\u012f atliek\u0173 galima sukompostuoti taip jas tinkamai ir tvariai panaudojant, juolab, kad organi\u0161kas kompostas yra puiki sodo tr\u0105\u0161a\u201c, \u2013 naujien\u0173 portalui \u201eDelfi\u201c komentuoja ministerija.<\/p>\n<p>Pasikeitimai nuo gegu\u017e\u0117s <\/p>\n<p>Pagrindiniai poky\u010diai nuo gegu\u017e\u0117s 1 dienos pagal ministro \u012fsakym\u0105:<\/p>\n<ul>\n<li>\n<p>Draudimas lauke deginti surinktus augalus jau taikomas ir kurortin\u0117ms teritorijoms bei m\u0117g\u0117j\u0173 sod\u0173 bendrijoms, nepatenkan\u010dioms \u012f miest\u0173 teritorij\u0105. Anks\u010diau draudimas galiojo tik miestams ir miesteliams.<\/p>\n<\/li>\n<li>\n<p>Savivaldyb\u0117s gali pa\u010dios nustatyti deginimo s\u0105lygas kaimuose ir viens\u0117d\u017eiuose.<\/p>\n<\/li>\n<li>\n<p>Nustatytos konkre\u010dios i\u0161imtys sudeginti ma\u017eam kiekiui sumed\u0117jusi\u0173 augal\u0173 (\u017er. \u017eemiau).<\/p>\n<\/li>\n<li>\n<p>Nustatytos s\u0105lygos, kaip deginti U\u017egav\u0117ni\u0173 Mor\u0119 ar simbolinius lau\u017eus.<\/p>\n<\/li>\n<\/ul>\n<p>    <img decoding=\"async\" src=\"https:\/\/www.europesays.com\/lt\/wp-content\/uploads\/2026\/05\/2d3aa990-7de7-11ed-b50f-6fa38dc383a6.jpg\" loading=\"lazy\" alt=\"Asociatyvioji nuotr.\"\/>    <\/p>\n<p>Draudimo esm\u0117 \u2013 augalai ir j\u0173 kiekis<\/p>\n<p>Taigi, nuo \u0161iol draud\u017eiamas surinkt\u0173 augal\u0173 ar j\u0173 dali\u0173, liekan\u0173 deginimas lauke:<\/p>\n<ul>\n<li>\n<p>miestuose ir miesteliuose,<\/p>\n<\/li>\n<li>\n<p>kurortuose ir kurortin\u0117se teritorijose*,<\/p>\n<\/li>\n<li>\n<p>sod\u0173 bendrijose u\u017e miest\u0173 rib\u0173.<\/p>\n<\/li>\n<\/ul>\n<p>Augalai ir j\u0173 dalys ministro \u012fsakyme apibr\u0117\u017eiami: \u017eol\u0117, nendri\u0173, \u0161iaud\u0173, laukininkyst\u0117s ir dar\u017eininkyst\u0117s augalin\u0117s liekanos (dar\u017eovi\u0173 stiebai, lapai, virk\u0161\u010dios, \u0161aknys, pikt\u017eol\u0117s ir pan.), nukrit\u0119 lapai ar kitos nuokritos, nul\u016b\u017eusios ar nugen\u0117tos \u0161akos, sodininkyst\u0117s, \u017eeldyn\u0173 prie\u017ei\u016bros liekanos, kitokios medienos liekanos.<\/p>\n<p>Savivaldyb\u0117s dabar turi daugiau laisv\u0117s nustatyti deginimo draudimus kaimuose ir viens\u0117d\u017eiuose. Joms nenusta\u010dius deginimo s\u0105lyg\u0173 \u2013 surinkt\u0173 augal\u0173 deginimas draud\u017eiamas.<\/p>\n<p>*Kurortai: Bir\u0161tonas, Druskininkai, Neringa, Palanga. Kurortin\u0117s teritorijos: Anyk\u0161\u010diai, Trakai, Zarasai, Ignalinos miesto Strigaili\u0161kio ir Pal\u016b\u0161\u0117s kaim\u0173 dali\u0173 teritorijos bei Kulautos, Ka\u010dergin\u0117s miesteli\u0173 ir dalies Zapy\u0161kio miestelio teritorijos.<\/p>\n<p>I\u0161imtis sumed\u0117jusiems augalams<\/p>\n<p>Vieno deginimo metu galima sudeginti ma\u017e\u0105 kiek\u012f sumed\u0117jusi\u0173 augal\u0173 (pavyzd\u017eiui, med\u017ei\u0173, kr\u016bm\u0173, lian\u0173 \u0161akos ir (ar) stiebai ). Kalbama apie kiek\u012f iki 1 m3 (erdmetrio), tai yra ma\u017edaug viena automobilin\u0117 priekaba. Ta\u010diau: i\u0161imtis netaikoma miestuose, kurortuose ar kurortin\u0117se teritorijose.<\/p>\n<p>\u201eI\u0161imtis sudeginti 1m3 sumed\u0117jusi\u0173 augal\u0173 taikoma miesteliuose, \u012f miesto ar kurorto teritorijas nepatenkan\u010diose m\u0117g\u0117j\u0173 sod\u0173 teritorijose, taip pat kaimuose ir viens\u0117d\u017eiuose, jei savivaldyb\u0117s nenustatys kitaip\u201c, \u2013 teigia Aplinkos ministerijos Tar\u0161os prevencijos politikos grup\u0117s patar\u0117jas Paulius \u017dvirblis. <\/p>\n<p>Jis pabr\u0117\u017eia, kad lapai ir kiti \u017eoliniai augalai nelaikomi sumed\u0117jusiais augalais.<\/p>\n<p>       <img decoding=\"async\" src=\"https:\/\/www.europesays.com\/lt\/wp-content\/uploads\/2026\/05\/7eace30d-8a2a-44c4-9b42-ac79983bf32c.jpg\" loading=\"lazy\" alt=\"\u0160ak\u0173 ir augal\u0173 deginimas sode\"\/>      <\/p>\n<p>Paruo\u0161tas biokuras, \u0161a\u0161lykas ir Mor\u0117<\/p>\n<p>Vis d\u0117lto galima pasiruo\u0161ti ir sudeginti i\u0161 augal\u0173 ar j\u0173 dali\u0173 pagamint\u0105 kiet\u0105j\u012f biokur\u0105, tai yra: deginti paruo\u0161tas (i\u0161d\u017eiovintas) malkas, skiedras, med\u017eio angl\u012f, pakuras. <\/p>\n<ul>\n<li>\n<p>lau\u017eaviet\u0117je,<\/p>\n<\/li>\n<li>\n<p>grilyje,<\/p>\n<\/li>\n<li>\n<p>\u0161a\u0161lykin\u0117je,<\/p>\n<\/li>\n<li>\n<p>krosnyje.<\/p>\n<\/li>\n<\/ul>\n<p>\u201eGyventojas gali i\u0161 surinkt\u0173 augal\u0173 ar j\u0173 dali\u0173 pasiruo\u0161ti biokur\u0105 pats ir j\u012f naudoti neatsi\u017evelgiant \u012f teritorijos status\u0105, pavyzd\u017eiui, i\u0161 nukirsto ar nugen\u0117to med\u017eio pasigaminti malk\u0173 ar saus\u0173 \u0161akeli\u0173 pakurai, o jas sudeginti lauke \u012frengtame lau\u017ee, \u0161a\u0161lykin\u0117je, grilyje ar pastato krosnyje\u201c, \u2013 ai\u0161kina ministerija.<\/p>\n<p>    <img decoding=\"async\" src=\"https:\/\/www.europesays.com\/lt\/wp-content\/uploads\/2026\/05\/893e42e0-b1fb-11ed-a18c-5196e699d050.jpg\" loading=\"lazy\" alt=\"U\u017egav\u0117ni\u0173 \u0161vent\u0117 Vilniuje\"\/>    <\/p>\n<p>Primenama laikytis saugumo taisykli\u0173: lau\u017e\u0173 k\u016brenimui taikomi skirtingi minimalaus atstumo nuo pastato reikalavimai nei k\u016brenant \u0161a\u0161lykines, kepsnines ir pana\u0161ius \u012frenginius.<\/p>\n<p>I\u0161lieka draudimas deginti augalus ir j\u0173 dalis ar\u010diau kaip 50 metr\u0173 iki mi\u0161ko, i\u0161skyrus saus\u0173 sumed\u0117jusi\u0173 augal\u0173 ar j\u0173 dali\u0173 deginim\u0105 rekreacijos tikslu oficialiai nustatytose ir pa\u017eym\u0117tose lau\u017eaviet\u0117se.<\/p>\n<p>Nuo \u0161iol sudaryta galimyb\u0117 deginti i\u0161 augal\u0173 ar j\u0173 dali\u0173 pagamintus dirbinius (pavyzd\u017eiui, nendrines skulpt\u016bras, U\u017egav\u0117ni\u0173 Mor\u0119) tik savivaldyb\u0117s administravimo subjekt\u0173 ar su j\u0173 leidimu organizuojamuose oficialiuose renginiuose. <\/p>\n<p>Baudos u\u017e pa\u017eeidimus<\/p>\n<p>U\u017e pa\u017eeidimus deginant\u202fsurinktus augalus ar j\u0173 dalis\u202f(i\u0161skyrus surinktus vykdant mi\u0161k\u0173 \u016bkio veikl\u0105) fiziniams asmenims\u202fgresia bauda\u202fnuo 30 iki 230 eur\u0173, o\u202fjuridini\u0173 asmen\u0173 vadovams ar kitiems atsakingiems asmenims \u2013 nuo 60 iki 300 eur\u0173.<\/p>\n","protected":false},"excerpt":{"rendered":"\u017dmoni\u0173 pasipiktinimas Pasikeitimai nenud\u017eiugino gyventoj\u0173. Po ministerijos \u012fra\u0161u socialiniame tinkle \u201eFacebook\u201c matyti pustre\u010dio \u0161imto \u012fra\u0161\u0173, kur esama pikt\u0173&hellip;\n","protected":false},"author":2,"featured_media":180030,"comment_status":"","ping_status":"","sticky":false,"template":"","format":"standard","meta":{"footnotes":"","_share_on_mastodon":"0"},"categories":[13],"tags":[25,3779,11430,30,31,34,35,24,32,33,37,39,36,38,40,23,22,28,29,26,27,14449],"class_list":["post-180029","post","type-post","status-publish","format-standard","has-post-thumbnail","category-lietuva","tag-antrastes","tag-aplinkos-ministerija","tag-baudos","tag-breaking-news","tag-breakingnews","tag-featured-news","tag-featurednews","tag-headlines","tag-latest-news","tag-latestnews","tag-lietuva","tag-lietuviu","tag-lithuania","tag-lithuanian","tag-lt","tag-naujienos","tag-news","tag-populiariausios-naujienos","tag-populiariausiosnaujienos","tag-top-stories","tag-topstories","tag-zaliosios-atliekos"],"share_on_mastodon":{"url":"https:\/\/pubeurope.com\/@lt\/116589173844308748","error":""},"_links":{"self":[{"href":"https:\/\/www.europesays.com\/lt\/wp-json\/wp\/v2\/posts\/180029","targetHints":{"allow":["GET"]}}],"collection":[{"href":"https:\/\/www.europesays.com\/lt\/wp-json\/wp\/v2\/posts"}],"about":[{"href":"https:\/\/www.europesays.com\/lt\/wp-json\/wp\/v2\/types\/post"}],"author":[{"embeddable":true,"href":"https:\/\/www.europesays.com\/lt\/wp-json\/wp\/v2\/users\/2"}],"replies":[{"embeddable":true,"href":"https:\/\/www.europesays.com\/lt\/wp-json\/wp\/v2\/comments?post=180029"}],"version-history":[{"count":0,"href":"https:\/\/www.europesays.com\/lt\/wp-json\/wp\/v2\/posts\/180029\/revisions"}],"wp:featuredmedia":[{"embeddable":true,"href":"https:\/\/www.europesays.com\/lt\/wp-json\/wp\/v2\/media\/180030"}],"wp:attachment":[{"href":"https:\/\/www.europesays.com\/lt\/wp-json\/wp\/v2\/media?parent=180029"}],"wp:term":[{"taxonomy":"category","embeddable":true,"href":"https:\/\/www.europesays.com\/lt\/wp-json\/wp\/v2\/categories?post=180029"},{"taxonomy":"post_tag","embeddable":true,"href":"https:\/\/www.europesays.com\/lt\/wp-json\/wp\/v2\/tags?post=180029"}],"curies":[{"name":"wp","href":"https:\/\/api.w.org\/{rel}","templated":true}]}}