{"id":180409,"date":"2026-05-17T18:31:08","date_gmt":"2026-05-17T18:31:08","guid":{"rendered":"https:\/\/www.europesays.com\/lt\/180409\/"},"modified":"2026-05-17T18:31:08","modified_gmt":"2026-05-17T18:31:08","slug":"tomas-masiulis-smaiksciai-ivertino-zalgirio-zygi-lietuvoje","status":"publish","type":"post","link":"https:\/\/www.europesays.com\/lt\/180409\/","title":{"rendered":"Tomas Masiulis \u0161maik\u0161\u010diai \u012fvertino \u201e\u017dalgirio\u201c \u017eyg\u012f Lietuvoje"},"content":{"rendered":"<p>Sekmadienio vakar\u0105 \u201e\u017dalgiris\u201c savo sirgali\u0173 akivaizdoje <a rel=\"noopener follow nofollow\" target=\"_blank\" href=\"https:\/\/www.delfi.lt\/krepsinis\/naujienos\/lietuviu-vedamas-zalgiris-reguliaruji-sezona-uzbaige-dominuojanciu-pasirodymu-120251186\" data-rel-date-range=\"[]\">98:80<\/a> sutriu\u0161kino <a rel=\"noopener nofollow\" target=\"_blank\" href=\"https:\/\/www.delfi.lt\/temos\/kedainiu-nevezis\" tag-id=\"82307045\">K\u0117daini\u0173 \u201eNev\u0117\u017e\u012f\u201c<\/a>. Kaunie\u010diai jau anks\u010diau laiko u\u017esitikrino pirm\u0105j\u0105 turnyrin\u0117s lentel\u0117s viet\u0105, o su \u0161iuo laim\u0117jimu vietin\u0117se pirmenyb\u0117se i\u0161kovojo net 27-\u0105j\u0105 pergal\u0119 paeiliui.<\/p>\n<p>\u201eManau, kad rungtynes prad\u0117jome tikrai gerai bei rimtai nusiteik\u0119, bet v\u0117liau \u0161iek tiek atsipalaidavome ir var\u017eovai sugr\u012f\u017eo, \u2013 spaudos konferencij\u0105 prad\u0117jo T. Masiulis. \u2013 Nor\u0117jome vis\u0105 susitikim\u0105 su\u017eaisti solid\u017eiau, ta\u010diau nepavyko i\u0161vengti bangavim\u0173. Sveikinimai \u017eaid\u0117jams ir sirgaliams su pergale bei reguliariojo sezono pabaiga. \u017di\u016brime \u012f priek\u012f ir laukiame atkrintam\u0173j\u0173.\u201c<\/p>\n<p>Lietuvos \u010dempionai su\u017eaid\u0117 geriausi\u0105 LKL reguliar\u0173j\u012f sezon\u0105 nuo 2010-2011 m., kuomet per 24 ma\u010dus nepatyr\u0117 n\u0117 vieno pralaim\u0117jimo. Vienintel\u012f syk\u012f \u017ealgirie\u010diai nusileido Panev\u0117\u017eio \u201eLietkabeliui\u201c, kai pra\u0117jusi\u0173 met\u0173 spal\u012f namuose krito 87:85.<\/p>\n<p>\u201eVis\u0105laik sakau, kad labai daug rungtyni\u0173, \u2013 papra\u0161ytas \u012fvertinti nuostab\u0173 aukl\u0117tini\u0173 pasirodym\u0105 vietin\u0117se pirmenyb\u0117se, besijuokdamas atsak\u0117 Kauno ekipos vairininkas. \u2013 V\u0117lgi, d\u017eiaugiuosi u\u017e tuos vaikinus, kurie ma\u017eiau \u017eaid\u0117 Eurolygoje \u2013 tikrai visi nor\u0117jo \u010dia \u012frodyti.<\/p>\n<p>Buvo daug rungtyni\u0173, kuriose m\u0117gavausi, kaip jie \u017eaid\u017eia, kaunasi d\u0117l kiekvieno kamuolio ir \u012frodin\u0117ja man bei komandai, kad yra verti daugiau minu\u010di\u0173. V\u0117lgi, \u010dia tik skai\u010diai. Kit\u0105 savait\u0119 viskas pasimir\u0161ta ir v\u0117l prasideda i\u0161 naujo. Kiekvien\u0105 dien\u0105 mes turime \u012frodyti, kad esame geri.\u201c<\/p>\n<p>\u201e\u017dalgiris\u201c jau tre\u010diadien\u012f (gegu\u017e\u0117s 20 d.) namuose prad\u0117s ketvirtfinalio serij\u0105 iki dviej\u0173 pergali\u0173 su <a rel=\"noopener nofollow\" target=\"_blank\" href=\"https:\/\/www.delfi.lt\/temos\/jonavos-jonava\" tag-id=\"96615649\">\u201eJonava\u201c<\/a>, kuri dar visai neseniai LKL \u010dempionate laim\u0117jo trejas rungtynes paeiliui ir kiek netik\u0117tai i\u0161kop\u0117 i\u0161 paskutin\u0117s \u2013 devintosios \u2013 vietos.<\/p>\n<p>\u201eVis\u0105laik yra ka\u017ekokio nerimo, tai turb\u016bt normalu. Niekas dabar neprisimins, kad mes taip \u017eaid\u0117me reguliariajame sezone. V\u0117l viskas prasideda nuo 0:0. Kiekvienos rungtyn\u0117s yra labai svarbios, tod\u0117l turime ateiti maksimaliai pasiruo\u0161\u0119 bei susikaup\u0119 ir daryti savo darb\u0105.<\/p>\n<p>Dabar jie tikrai gerai \u017eaid\u017eia, \u2013 b\u016bsimus var\u017eovus atkrintamosiose pagyr\u0117 T. Masiulis. \u2013 Sezono pabaigoje jie surado savo \u017eaidim\u0105, tod\u0117l lengvo pasivaik\u0161\u010diojimo nelaukiame. Ruo\u0161iames rimtai kovai, turime ateiti rimtai nusiteik\u0119 ir \u012f kiekvienas rungtynes \u017ei\u016br\u0117ti maksimaliai.\u201c<\/p>\n<p>Tuo metu \u201eNev\u0117\u017eis\u201c reguliar\u0173j\u012f sezon\u0105 u\u017ebaig\u0117 fiksuodamas 8 pralaim\u0117jim\u0173 serij\u0105. K\u0117daini\u0173 ekipa galutin\u0117je rikiuot\u0117je liko paskutin\u0117je \u2013 devintoje \u2013 pozicijoje ir tapo vienintele LKL komanda, kuri neu\u017esitikrino kelialapio \u012f atkrintam\u0105sias var\u017eybas.<\/p>\n","protected":false},"excerpt":{"rendered":"Sekmadienio vakar\u0105 \u201e\u017dalgiris\u201c savo sirgali\u0173 akivaizdoje 98:80 sutriu\u0161kino K\u0117daini\u0173 \u201eNev\u0117\u017e\u012f\u201c. Kaunie\u010diai jau anks\u010diau laiko u\u017esitikrino pirm\u0105j\u0105 turnyrin\u0117s lentel\u0117s&hellip;\n","protected":false},"author":2,"featured_media":180410,"comment_status":"","ping_status":"","sticky":false,"template":"","format":"standard","meta":{"footnotes":"","_share_on_mastodon":"0"},"categories":[6],"tags":[25,30,31,34,35,24,11691,328,852,32,33,37,39,36,38,327,40,23,22,28,29,1063,26,27],"class_list":["post-180409","post","type-post","status-publish","format-standard","has-post-thumbnail","category-antrastes","tag-antrastes","tag-breaking-news","tag-breakingnews","tag-featured-news","tag-featurednews","tag-headlines","tag-jonavos-jonava","tag-kauno-zalgiris","tag-kedainiu-nevezis","tag-latest-news","tag-latestnews","tag-lietuva","tag-lietuviu","tag-lithuania","tag-lithuanian","tag-lkl","tag-lt","tag-naujienos","tag-news","tag-populiariausios-naujienos","tag-populiariausiosnaujienos","tag-tomas-masiulis","tag-top-stories","tag-topstories"],"share_on_mastodon":{"url":"https:\/\/pubeurope.com\/@lt\/116591347854583845","error":""},"_links":{"self":[{"href":"https:\/\/www.europesays.com\/lt\/wp-json\/wp\/v2\/posts\/180409","targetHints":{"allow":["GET"]}}],"collection":[{"href":"https:\/\/www.europesays.com\/lt\/wp-json\/wp\/v2\/posts"}],"about":[{"href":"https:\/\/www.europesays.com\/lt\/wp-json\/wp\/v2\/types\/post"}],"author":[{"embeddable":true,"href":"https:\/\/www.europesays.com\/lt\/wp-json\/wp\/v2\/users\/2"}],"replies":[{"embeddable":true,"href":"https:\/\/www.europesays.com\/lt\/wp-json\/wp\/v2\/comments?post=180409"}],"version-history":[{"count":0,"href":"https:\/\/www.europesays.com\/lt\/wp-json\/wp\/v2\/posts\/180409\/revisions"}],"wp:featuredmedia":[{"embeddable":true,"href":"https:\/\/www.europesays.com\/lt\/wp-json\/wp\/v2\/media\/180410"}],"wp:attachment":[{"href":"https:\/\/www.europesays.com\/lt\/wp-json\/wp\/v2\/media?parent=180409"}],"wp:term":[{"taxonomy":"category","embeddable":true,"href":"https:\/\/www.europesays.com\/lt\/wp-json\/wp\/v2\/categories?post=180409"},{"taxonomy":"post_tag","embeddable":true,"href":"https:\/\/www.europesays.com\/lt\/wp-json\/wp\/v2\/tags?post=180409"}],"curies":[{"name":"wp","href":"https:\/\/api.w.org\/{rel}","templated":true}]}}