{"id":180778,"date":"2026-05-18T08:30:14","date_gmt":"2026-05-18T08:30:14","guid":{"rendered":"https:\/\/www.europesays.com\/lt\/180778\/"},"modified":"2026-05-18T08:30:14","modified_gmt":"2026-05-18T08:30:14","slug":"vaidas-zagunis-sunkmecio-zenklu-dar-nematyti-bet-verslui-ramybes-laikotarpis-baigiasi","status":"publish","type":"post","link":"https:\/\/www.europesays.com\/lt\/180778\/","title":{"rendered":"Vaidas \u017dag\u016bnis. Sunkme\u010dio \u017eenkl\u0173 dar nematyti, bet verslui ramyb\u0117s laikotarpis baigiasi"},"content":{"rendered":"<p>Konfliktui Irane t\u0119siantis jau tre\u010di\u0105 m\u0117nes\u012f, pasaulio rinkose i\u0161lieka padidinta \u012ftampa. Energetikos kainos laikosi auk\u0161tame lygyje, o tarp verslo atstov\u0173 ir investuotoj\u0173 vis da\u017eniau girdimos diskusijos apie galim\u0105 nauj\u0105 ekonomikos sul\u0117t\u0117jimo bang\u0105 Europoje. Vis d\u0117lto, nepaisant augan\u010dio neapibr\u0117\u017etumo, \u0161iandien dar nematome \u017eenkl\u0173, rodan\u010di\u0173 art\u0117jant\u012f sunkmet\u012f euro zonoje ar Baltijos regione.<\/p>\n<p>\u201eCitadele\u201c bankas suk\u016br\u0117 ekonomikos ciklo steb\u0117jimo \u012frank\u012f, leid\u017eiant\u012f realiu laiku vertinti Baltijos \u0161ali\u0173 ir pagrindini\u0173 eksporto rink\u0173 ekonomin\u0119 b\u016bkl\u0119 bei modeliuoti verslo ciklo krypt\u012f keliems m\u0117nesiams \u012f priek\u012f.<\/p>\n<p>Naujausi duomenys rodo, kad euro zonos ekonomika \u0161iuo metu i\u0161lieka atsigavimo faz\u0117je. Kitaip tariant, bent artimiausiu laikotarpiu recesijos scenarijus n\u0117ra pagrindinis.<\/p>\n<p>Ta\u010diau tai nerei\u0161kia, kad situacija yra komforti\u0161ka. Euro zonos ekonomikos aktyvumas pastaraisiais m\u0117nesiais prakti\u0161kai sustojo vietoje, o bendras ekonomikos ciklas i\u0161lieka silpnesnis nei ilgalaikis istorinis vidurkis. Kitaip tariant, ekonomika auga, ta\u010diau jos augimo pagrindas lieka trapus ir jautrus i\u0161oriniams sukr\u0117timams \u2013 pirmiausia energetikos kain\u0173 \u0161okams ir geopolitinei \u012ftampai.<\/p>\n<p>\u0160iame kontekste \u012fdomiai atrodo Vokietijos situacija. Ilg\u0105 laik\u0105 silpniausia euro zonos ekonomika buvusi \u0161alis pastaraisiais m\u0117nesiais demonstruoja tam tikrus stabilizacijos \u017eenklus. M\u016bs\u0173 vertinimu, tam didel\u0119 \u012ftak\u0105 daro pramon\u0117s sektorius. Dalis Vokietijos gamintoj\u0173 \u0161iuo metu aktyvina gamyb\u0105 ir didina atsargas, siekdami apsisaugoti nuo galim\u0173 \u017ealiav\u0173 tiekimo sutrikim\u0173 ir tolesnio energetikos kain\u0173 augimo. Horm\u016bzo s\u0105siaurio situacija ir sutrik\u0119s laiv\u0173 jud\u0117jimas i\u0161lieka reik\u0161minga rizika Europos pramonei, tod\u0117l \u012fmon\u0117s stengiasi pasiruo\u0161ti galimiems trikd\u017eiams i\u0161 anksto.<\/p>\n<p>Tuo metu kitose Baltijos \u0161alims svarbiose eksporto rinkose situacija atrodo ma\u017eiau optimisti\u0161kai. L\u0117t\u0117jimo signal\u0173 matome Pranc\u016bzijoje, Nyderlanduose, o didesnio atsargumo reikalauja ir Lenkija, kurios ekonomikos ciklas pastaruoju metu silpn\u0117ja. Tai svarbu Baltijos regiono verslui, nes b\u016btent \u0161ios rinkos yra tarp svarbiausi\u0173 eksporto partneri\u0173.<\/p>\n<p>Kita kryptis, kuri\u0105 \u0161iandien verta atid\u017eiai steb\u0117ti, yra Skandinavija. Nors regiono ekonomikos ciklas po truput\u012f atsigauna, Skandinavijos \u0161alys i\u0161lieka jautrios pal\u016bkan\u0173 norm\u0173 poky\u010diams d\u0117l didel\u0117s privataus sektoriaus skolos ir didel\u0117s paskol\u0173 su kintamomis pal\u016bkanomis dalies. Europos Centriniam Bankui ruo\u0161iantis grie\u017etesnei pinig\u0173 politikai, pana\u0161ia kryptimi gali jud\u0117ti ir Skandinavijos centriniai bankai. Tokiu atveju regiono ekonomikos augimas gali sul\u0117t\u0117ti grei\u010diau nei Vakar\u0173 Europoje.<\/p>\n<p>Baltijos \u0161ali\u0173 situacija i\u0161lieka nevienoda, ta\u010diau n\u0117 viena i\u0161 regiono ekonomik\u0173 \u0161iuo metu nerodo kriz\u0117s po\u017eymi\u0173. Estijos ekonomika teb\u0117ra silpniausia regione, nors ir i\u0161lieka augimo trajektorijoje. Latvijos ekonomikos aktyvumas pastaraisiais m\u0117nesiais buvo sustipr\u0117j\u0119s, ta\u010diau jau matyti pirmieji stabilizacijos \u017eenklai.<\/p>\n<p>Lietuvos ekonomika kol kas atrodo atspariausiai. Auk\u0161tas aktyvumas pramon\u0117je ir vidaus vartojim\u0105 palaikantys veiksniai leid\u017eia ekonomikai i\u0161likti augimo faz\u0117je. Vis d\u0117lto matyti ir pirmieji atsargumo signalai \u2013 gyventoj\u0173 nuotaikos prast\u0117ja, \u017emon\u0117s tampa jautresni infliacijos ir ekonomikos perspektyv\u0173 rizikai, o tai ilgainiui gali paveikti vartojimo temp\u0105.<\/p>\n<p>Verslui tai rei\u0161kia, kad artimiausiu metu svarbiausia taps ne agresyvi pl\u0117tra, o lankstumas ir geb\u0117jimas prisitaikyti prie greitai besikei\u010dian\u010dios aplinkos. Energetikos kain\u0173 svyravimai, geopolitin\u0117 \u012ftampa ir galimi pal\u016bkan\u0173 norm\u0173 poky\u010diai didins rink\u0173 nepastovum\u0105, tod\u0117l \u012fmon\u0117ms teks atid\u017eiau vertinti eksporto rink\u0173 rizikas, atsargiau planuoti investicijas ir daugiau d\u0117mesio skirti likvidumo valdymui.<\/p>\n<p>Kitaip tariant, \u0161iandien nematome kriz\u0117s scenarijaus nei euro zonoje, nei Baltijos regione. Ta\u010diau matome ekonomik\u0105, kuri tampa gerokai jautresn\u0117 i\u0161oriniams sukr\u0117timams. Tod\u0117l artimiausiais m\u0117nesiais verslo s\u0117km\u0119 lems ne vien augimo tempas, o geb\u0117jimas greitai reaguoti \u012f besikei\u010dian\u010di\u0105 ekonomin\u0119 ir geopolitin\u0119 aplink\u0105.<\/p>\n<p>Komentaro autorius \u2013 Vaidas \u017dag\u016bnis, \u201eCitadele\u201c banko valdybos narys, Verslo bankininkyst\u0117s vadovas Baltijos \u0161alims<\/p>\n<p>\u201eBNS Spaudos centre\u201c skelbiami \u012fvairi\u0173 organizacij\u0173 prane\u0161imai \u017einiasklaidai. U\u017e prane\u0161im\u0173 turin\u012f atsako juos paskelb\u0119 asmenys bei j\u0173 atstovaujamos organizacijos.<\/p>\n","protected":false},"excerpt":{"rendered":"Konfliktui Irane t\u0119siantis jau tre\u010di\u0105 m\u0117nes\u012f, pasaulio rinkose i\u0161lieka padidinta \u012ftampa. Energetikos kainos laikosi auk\u0161tame lygyje, o tarp&hellip;\n","protected":false},"author":2,"featured_media":180779,"comment_status":"","ping_status":"","sticky":false,"template":"","format":"standard","meta":{"footnotes":"","_share_on_mastodon":"0"},"categories":[17],"tags":[81,37,39,36,38,40,46],"class_list":["post-180778","post","type-post","status-publish","format-standard","has-post-thumbnail","category-verslas","tag-business","tag-lietuva","tag-lietuviu","tag-lithuania","tag-lithuanian","tag-lt","tag-verslas"],"share_on_mastodon":{"url":"https:\/\/pubeurope.com\/@lt\/116594646864679306","error":""},"_links":{"self":[{"href":"https:\/\/www.europesays.com\/lt\/wp-json\/wp\/v2\/posts\/180778","targetHints":{"allow":["GET"]}}],"collection":[{"href":"https:\/\/www.europesays.com\/lt\/wp-json\/wp\/v2\/posts"}],"about":[{"href":"https:\/\/www.europesays.com\/lt\/wp-json\/wp\/v2\/types\/post"}],"author":[{"embeddable":true,"href":"https:\/\/www.europesays.com\/lt\/wp-json\/wp\/v2\/users\/2"}],"replies":[{"embeddable":true,"href":"https:\/\/www.europesays.com\/lt\/wp-json\/wp\/v2\/comments?post=180778"}],"version-history":[{"count":0,"href":"https:\/\/www.europesays.com\/lt\/wp-json\/wp\/v2\/posts\/180778\/revisions"}],"wp:featuredmedia":[{"embeddable":true,"href":"https:\/\/www.europesays.com\/lt\/wp-json\/wp\/v2\/media\/180779"}],"wp:attachment":[{"href":"https:\/\/www.europesays.com\/lt\/wp-json\/wp\/v2\/media?parent=180778"}],"wp:term":[{"taxonomy":"category","embeddable":true,"href":"https:\/\/www.europesays.com\/lt\/wp-json\/wp\/v2\/categories?post=180778"},{"taxonomy":"post_tag","embeddable":true,"href":"https:\/\/www.europesays.com\/lt\/wp-json\/wp\/v2\/tags?post=180778"}],"curies":[{"name":"wp","href":"https:\/\/api.w.org\/{rel}","templated":true}]}}