{"id":180780,"date":"2026-05-18T08:32:14","date_gmt":"2026-05-18T08:32:14","guid":{"rendered":"https:\/\/www.europesays.com\/lt\/180780\/"},"modified":"2026-05-18T08:32:14","modified_gmt":"2026-05-18T08:32:14","slug":"lietuvoje-prognozuojamos-liutys-ir-perkunija-pirmadieni","status":"publish","type":"post","link":"https:\/\/www.europesays.com\/lt\/180780\/","title":{"rendered":"Lietuvoje prognozuojamos li\u016btys ir perk\u016bnija pirmadien\u012f"},"content":{"rendered":"<p>Meteorolog\u0173 teigimu, \u0161iandien ypa\u010d atid\u016bs tur\u0117t\u0173 b\u016bti Vilniaus, Utenos ir Panev\u0117\u017eio apskri\u010di\u0173 gyventojai. \u0160iuose regionuose paskelbti pavojingo lygio persp\u0117jimai d\u0117l smarkaus lietaus ir perk\u016bnijos.<\/p>\n<p>Vis d\u0117lto lietingi ir v\u0117sesni orai neu\u017esibus ilgam. Jau nuo tre\u010diadienio Lietuvoje \u012fsitvirtins sausesni ir ramesni orai, o savaitgal\u012f termometr\u0173 stulpeliai kai kur gali pakilti net iki 26 laipsni\u0173 \u0161ilumos.<\/p>\n<p>Pavojingi persp\u0117jimai rytin\u0117je Lietuvos dalyje<\/p>\n<p>Lietuvos hidrometeorologijos tarnyba prane\u0161a, kad pirmadien\u012f nuo 9 iki 21 valandos Vilniaus, Utenos ir Panev\u0117\u017eio apskrityse vietomis numatomas smarkus lietus.<\/p>\n<p>    <img decoding=\"async\" src=\"https:\/\/www.europesays.com\/lt\/wp-content\/uploads\/2026\/05\/4bb38781-3336-4b35-b115-48d454515d0d.jpg\" loading=\"lazy\" alt=\"Pavojingi meteorologiniai rei\u0161kiniai\"\/>      <\/p>\n<p>Nuo 12 iki 21 valandos tuose pa\u010diuose regionuose prognozuojama perk\u016bnija. Per audras v\u0117jo g\u016bsiai gali siekti 15\u201317 m\/s, tod\u0117l gyventojams rekomenduojama pasir\u016bpinti savo saugumu.<\/p>\n<p>\u201eKelyje rekomenduojama pasirinkti saug\u0173 greit\u012f ir didesn\u012f atstum\u0105, nestatyti automobili\u0173 po med\u017eiais, o \u017eaibuojant likti patalpose, atjungti jautresnius elektros prietaisus ir vengti atvir\u0173 viet\u0173, pavieni\u0173 med\u017ei\u0173 bei metalini\u0173 konstrukcij\u0173.\u201c<\/p>\n<p>Trumpai tariant, pirmadienio popiet\u0119 ir vakar\u0105 rytin\u0117je Lietuvos dalyje orai gali b\u016bti tikrai nemalon\u016bs.<\/p>\n<p>Pirmadienio orai: lietus \u0161ilum\u0105 \u201epavogs\u201c<\/p>\n<p>\u0160iandien daugelyje rajon\u0173 numatomi trumpi liet\u016bs. Ryt\u0173 Lietuvoje vietomis lis smarkiai, o popiet\u0119 ir vakare griaud\u0117s perk\u016bnija.<\/p>\n<p>P\u016bs \u0161iaurini\u0173 kryp\u010di\u0173 v\u0117jas, kurio greitis sieks 8\u201313 m\/s. Per perk\u016bnij\u0105 g\u016bsiai sustipr\u0117s iki 15\u201317 m\/s.<\/p>\n<p>Auk\u0161\u010diausia temperat\u016bra Lietuvoje sieks 13\u201318 laipsni\u0173 \u0161ilumos, ta\u010diau kai kur vakariniuose ir pietvakariniuose rajonuose gali su\u0161ilti ir iki 21 laipsnio. Paj\u016bryje i\u0161liks v\u0117siau \u2013 apie 13\u201315 laipsni\u0173.<\/p>\n<p>I\u0161 pirmo \u017evilgsnio temperat\u016bra visai maloni, bet d\u0117l da\u017eno lietaus ir stipresnio v\u0117jo diena daug kur atrodys gerokai gaivesn\u0117.<\/p>\n<p>Elvyra Latv\u0117nait\u0117: ciklonas atne\u0161 daug dr\u0117gm\u0117s<\/p>\n<p>Sinoptik\u0117 Elvyra Latv\u0117nait\u0117 socialiniuose tinkluose pasidalino, kad po gana ramios pirmadienio nakties Lietuv\u0105 pasieks darganoto ciklono vakarin\u0117 dalis.<\/p>\n<p>Vakare ir antradienio nakt\u012f \u0161io ciklono centras keliaus tiesiai per Lietuv\u0105.<\/p>\n<p>    <img decoding=\"async\" src=\"https:\/\/www.europesays.com\/lt\/wp-content\/uploads\/2026\/05\/d2d9be88-6390-44f1-9a3b-e9931adf8d18.jpg\" loading=\"lazy\" alt=\"Ciklonas\"\/>      <\/p>\n<p>Pasak sinoptik\u0117s, i\u0161 piet\u0173 ar pietry\u010di\u0173 atkeliaujantys ciklonai paprastai turi labai daug dr\u0117gm\u0117s ir beveik visada atne\u0161a gaus\u0173 liet\u0173.<\/p>\n<p>\u201ePirmadien\u012f ir antradien\u012f didesne \u0161iluma dar nesid\u017eiaugsime, nes lietus t\u0105 \u0161ilum\u0105 pavogs\u201c, \u2013 pa\u017eymi ji.<\/p>\n<p>Sinoptik\u0117 taip pat neatmeta, kad rytiniuose ir \u0161iaur\u0117s rytiniuose rajonuose gali i\u0161kristi ir smulk\u016bs ledukai.<\/p>\n<p>Antradien\u012f lietaus dar netr\u016bks<\/p>\n<p>Antradienio nakt\u012f daug kur numatomi trumpi liet\u016bs, vietomis smark\u016bs. Kai kur dar gali sugriaud\u0117ti perk\u016bnija.<\/p>\n<p>Dien\u0105 lietus pama\u017eu rims \u2013 trumpai palis tik vietomis, daugiausia pirmoje dienos pus\u0117je. V\u0117jas nakt\u012f bus besikei\u010dian\u010dios krypties, 5\u201310 m\/s, dien\u0105 p\u016bs vakar\u0173 krypties 7\u201312 m\/s v\u0117jas.<\/p>\n<p>    <img decoding=\"async\" src=\"https:\/\/www.europesays.com\/lt\/wp-content\/uploads\/2026\/05\/caa4bf55-5d07-4728-8078-c748083f6390.jpg\" loading=\"lazy\" alt=\"Asociatyvi\"\/>      <\/p>\n<p>Temperat\u016bra nakt\u012f sieks 8\u201313 laipsni\u0173, o dien\u0105 pakils iki 16\u201321 laipsnio. Paj\u016bryje bus gerokai gaiviau \u2013 apie 12\u201315 laipsni\u0173.<\/p>\n<p>Nors lietaus dar bus, antradienio antroje dienos pus\u0117je jau atsiras daugiau pragiedruli\u0173.<\/p>\n<p>Tre\u010diadien\u012f \u2013 ilgai laukta or\u0173 ramyb\u0117<\/p>\n<p>    <img decoding=\"async\" src=\"https:\/\/www.europesays.com\/lt\/wp-content\/uploads\/2026\/05\/1779093131_768_f30dc5c7-01df-45bd-a881-b388eed13be5.jpg\" loading=\"lazy\" alt=\"Pavasari\u0161ki orai\"\/>      <\/p>\n<p>Tre\u010diadien\u012f lietaus tikimyb\u0117 bus nedidel\u0117. Nakt\u012f v\u0117jas bus silpnas, dien\u0105 p\u016bs \u0161iaurini\u0173 kryp\u010di\u0173 4\u20139 m\/s v\u0117jas.<\/p>\n<p>Temperat\u016bra nakt\u012f nukris iki 5\u201310 laipsni\u0173, o dien\u0105 daugelyje rajon\u0173 \u0161ils iki 18\u201323 laipsni\u0173. Paj\u016bryje i\u0161liks kiek v\u0117siau \u2013 14\u201317 laipsni\u0173.<\/p>\n<p>Po lietingo savait\u0117s starto tre\u010diadienis atne\u0161 tikr\u0105 atokv\u0117p\u012f.<\/p>\n<p>Ketvirtadien\u012f ir penktadien\u012f \u2013 vasari\u0161ka \u0161iluma su lietumi<\/p>\n<p>Ketvirtadien\u012f naktis bus sausa, kai kur nusidrieks r\u016bkas.<\/p>\n<p>Dien\u0105 daugelyje rajon\u0173 temperat\u016bra kils iki 19\u201324 laipsni\u0173 \u0161ilumos. Vietomis, daugiausia rytin\u0117je Lietuvos dalyje, trumpai palis ir gali sugriaud\u0117ti perk\u016bnija.<\/p>\n<p>    <img decoding=\"async\" src=\"https:\/\/www.europesays.com\/lt\/wp-content\/uploads\/2026\/05\/908a2083-696a-4e1a-8706-7c2717c1fc3f.jpg\" loading=\"lazy\" alt=\"Vilnie\u010diai m\u0117gaujasi gr\u012f\u017eusia \u0161iluma\"\/>      <\/p>\n<p>Penktadien\u012f \u0161iluma dar labiau sustipr\u0117s.<\/p>\n<p>Daugelyje rajon\u0173 termometrai rodys 21\u201325 laipsnius, o vakariniuose rajonuose ir paj\u016bryje bus apie 18\u201320 laipsni\u0173.<\/p>\n<p>Tiesa, dien\u0105 v\u0117l vietomis numatomi trumpi liet\u016bs ir perk\u016bnija.<\/p>\n<p>Savaitgal\u012f \u2013 iki 26 laipsni\u0173 \u0161ilumos<\/p>\n<p>Pagal dabartines prognozes, \u0161e\u0161tadien\u012f ir sekmadien\u012f Lietuv\u0105 pasieks beveik vasari\u0161ki orai.<\/p>\n<p>\u0160e\u0161tadien\u012f dien\u0105 temperat\u016bra kils iki 22\u201326 laipsni\u0173.<\/p>\n<p>Sekmadien\u012f \u0161iluma nesitrauks \u2013 daugelyje rajon\u0173 bus 22\u201326 laipsniai.<\/p>\n<p>    <img decoding=\"async\" src=\"https:\/\/www.europesays.com\/lt\/wp-content\/uploads\/2026\/05\/b88b7c0a-eaa9-4fc3-acf8-3d920a35f105.jpg\" loading=\"lazy\" alt=\"\u017daibai \u0160ilut\u0117je\"\/>      <\/p>\n<p>Nors popiet\u0117mis vietomis formuosis trumpi liet\u016bs ir perk\u016bnijos debesys, bendras or\u0173 fonas bus labai \u0161iltas ir malonus.<\/p>\n<p>Pasak E. Latv\u0117nait\u0117s, jei prognoz\u0117s nepasikeis, savaitgalio orai prad\u017eiugins tiek poilsiautojus, tiek dar\u017eininkus, tiek \u016bkininkus.<\/p>\n<p>Mi\u0161k\u0173 gaisringumas i\u0161lieka padid\u0117j\u0119s<\/p>\n<p>Nepaisant lietaus, dalyje Lietuvos i\u0161lieka padid\u0117j\u0119s mi\u0161k\u0173 gaisringumas.<\/p>\n<p>    <img decoding=\"async\" src=\"https:\/\/www.europesays.com\/lt\/wp-content\/uploads\/2026\/05\/27633c7b-5976-4fd1-be3f-51cf5f370845.jpg\" loading=\"lazy\" alt=\"Mi\u0161k\u0173 gaisringumas\"\/>      <\/p>\n<p>Gegu\u017e\u0117s 18 dien\u0105 daugelyje rajon\u0173 vyrauja antros ir tre\u010dios klas\u0117s gaisringumas, o kai kur fiksuojama ir ketvirta klas\u0117.<\/p>\n<p>Antradien\u012f daug kur vyraus pirmos ir antros klas\u0117s gaisringumas, ta\u010diau vietomis i\u0161liks ir didesn\u0117 rizika.<\/p>\n<p>Tai rei\u0161kia, kad net ir po lietaus mi\u0161kuose reik\u0117t\u0173 i\u0161likti atsargiems.<\/p>\n<p>Vandens lygis up\u0117se krenta, bet kai kur gali kilti<\/p>\n<p>    <img decoding=\"async\" src=\"https:\/\/www.europesays.com\/lt\/wp-content\/uploads\/2026\/05\/f5ac0713-b71a-4bb6-a274-6d53daa2285b.jpg\" loading=\"lazy\" alt=\"\u017dalieji e\u017eerai\"\/>      <\/p>\n<p>Hidrologai prane\u0161a, kad gegu\u017e\u0117s 18 dien\u0105 daugelyje \u0161alies upi\u0173 stebimas vandens lygio kritimas, vietomis iki 26 centimetr\u0173 per par\u0105.<\/p>\n<p>Ta\u010diau \u0161iaurin\u0117je ir rytin\u0117je Lietuvos dalyje d\u0117l prognozuojam\u0173 krituli\u0173 artimiausiu metu numatomas vandens lygio kilimas.<\/p>\n<p>Vandens temperat\u016bra up\u0117se siekia 8\u201316 laipsni\u0173, e\u017eeruose \u2013 13\u201316, Kur\u0161i\u0173 mariose \u2013 12\u201313, o Baltijos j\u016broje \u2013 vos 8\u20139 laipsnius \u0161ilumos.<\/p>\n","protected":false},"excerpt":{"rendered":"Meteorolog\u0173 teigimu, \u0161iandien ypa\u010d atid\u016bs tur\u0117t\u0173 b\u016bti Vilniaus, Utenos ir Panev\u0117\u017eio apskri\u010di\u0173 gyventojai. \u0160iuose regionuose paskelbti pavojingo lygio&hellip;\n","protected":false},"author":2,"featured_media":180781,"comment_status":"","ping_status":"","sticky":false,"template":"","format":"standard","meta":{"footnotes":"","_share_on_mastodon":"0"},"categories":[13],"tags":[25,30,31,4162,34,35,24,32,33,37,39,36,38,966,40,23,22,736,15972,28,29,26,27,28705],"class_list":["post-180780","post","type-post","status-publish","format-standard","has-post-thumbnail","category-lietuva","tag-antrastes","tag-breaking-news","tag-breakingnews","tag-elvyra-latvenaite","tag-featured-news","tag-featurednews","tag-headlines","tag-latest-news","tag-latestnews","tag-lietuva","tag-lietuviu","tag-lithuania","tag-lithuanian","tag-liutys","tag-lt","tag-naujienos","tag-news","tag-oru-prognoze","tag-perkunija","tag-populiariausios-naujienos","tag-populiariausiosnaujienos","tag-top-stories","tag-topstories","tag-vilniaus-apskritis"],"share_on_mastodon":{"url":"https:\/\/pubeurope.com\/@lt\/116594655360194902","error":""},"_links":{"self":[{"href":"https:\/\/www.europesays.com\/lt\/wp-json\/wp\/v2\/posts\/180780","targetHints":{"allow":["GET"]}}],"collection":[{"href":"https:\/\/www.europesays.com\/lt\/wp-json\/wp\/v2\/posts"}],"about":[{"href":"https:\/\/www.europesays.com\/lt\/wp-json\/wp\/v2\/types\/post"}],"author":[{"embeddable":true,"href":"https:\/\/www.europesays.com\/lt\/wp-json\/wp\/v2\/users\/2"}],"replies":[{"embeddable":true,"href":"https:\/\/www.europesays.com\/lt\/wp-json\/wp\/v2\/comments?post=180780"}],"version-history":[{"count":0,"href":"https:\/\/www.europesays.com\/lt\/wp-json\/wp\/v2\/posts\/180780\/revisions"}],"wp:featuredmedia":[{"embeddable":true,"href":"https:\/\/www.europesays.com\/lt\/wp-json\/wp\/v2\/media\/180781"}],"wp:attachment":[{"href":"https:\/\/www.europesays.com\/lt\/wp-json\/wp\/v2\/media?parent=180780"}],"wp:term":[{"taxonomy":"category","embeddable":true,"href":"https:\/\/www.europesays.com\/lt\/wp-json\/wp\/v2\/categories?post=180780"},{"taxonomy":"post_tag","embeddable":true,"href":"https:\/\/www.europesays.com\/lt\/wp-json\/wp\/v2\/tags?post=180780"}],"curies":[{"name":"wp","href":"https:\/\/api.w.org\/{rel}","templated":true}]}}