{"id":181056,"date":"2026-05-18T13:12:10","date_gmt":"2026-05-18T13:12:10","guid":{"rendered":"https:\/\/www.europesays.com\/lt\/181056\/"},"modified":"2026-05-18T13:12:10","modified_gmt":"2026-05-18T13:12:10","slug":"advokate-referendumas-del-seimos-apibrezimo-nepriestarauja-es","status":"publish","type":"post","link":"https:\/\/www.europesays.com\/lt\/181056\/","title":{"rendered":"Advokat\u0117: referendumas d\u0117l \u0161eimos apibr\u0117\u017eimo neprie\u0161tarauja ES"},"content":{"rendered":"<p>Pasak advokat\u0117s, prof. Liudvikos Me\u0161kauskait\u0117s, patariamasis <a rel=\"noopener nofollow\" target=\"_blank\" href=\"https:\/\/www.delfi.lt\/temos\/referendumas\" tag-id=\"96603953\">referendumas<\/a> d\u0117l \u0161eimos apibr\u0117\u017eimo neturi nieko bendro su \u012fsipareigojimais ES. Tod\u0117l tokie g\u0105sdinimai, jos nuomone, yra papras\u010diausia nepamatuoti.\u00a0<\/p>\n<p>\u201eTie g\u0105sdinimai yra baim\u0117 savo tautos. Jei atsiklausimas\u00a0tautos, jos valios i\u0161girdimas prie\u0161tarauja m\u016bs\u0173 tarptautiniams \u012fsipareigojimams, tai rei\u0161kia, kad j\u016bs nepripa\u017e\u012fstate, kad Lietuva yra demokratin\u0117 valstyb\u0117, rei\u0161kia, kad j\u016bs nepripa\u017e\u012fstate Europos \u017emogaus teisi\u0173 ir pagrindini\u0173 laisvi\u0173 apsaugos konvencijos straipsnio \u201eTeis\u0117 \u012f santuok\u0105\u201c, kuris ai\u0161kiai sako, kad atitinkamo am\u017eiaus sulauk\u0119s vyras ir moteris turi teis\u0119 registruoti santuok\u0105 ir kad ta santuoka registruojama pagal valstyb\u0117s nacionalinius \u012fstatymus. Stodami \u012f ES mes neatidav\u0117me savo suvereniteto spr\u0119sti santuokos ir \u0161eimos sampratos\u201c, \u2013 pirmadien\u012f Seime surengtoje apskritojo stalo diskusijoje \u201eReferendumas d\u0117l \u0161eimos sampratos Konstitucijoje: ar leisime tarti \u017eod\u012f Tautai?\u201c sak\u0117 L. Me\u0161kauskait\u0117.<\/p>\n<p>Jos nuomone, tai netgi egzistencinis klausimas, turint galvoje drasti\u0161kai Lietuvoje ma\u017e\u0117jant\u012f gimstamum\u0105.<\/p>\n<p>\u201eEsu giliai \u012fsitikinusi, kad patariamasis referendumas gal\u0117t\u0173 ne skaldyti, o b\u016btent sutelkti taut\u0105, nes tai yra civilizuotas, skaidrus \u00a0tautos valios\u00a0pasirei\u0161kimas\u201c, \u2013 akcentavo ji.<\/p>\n<p>Renginyje dalyvavusi teisinink\u0117, prof. Violeta Vasiliauskien\u0117 irgi teig\u0117, kad nei viena tarptautin\u0117 institucija neturi teis\u0117s nurodyti suvereniai tautai, kaip jos Konstitucijoje turi b\u016bti traktuojama \u0161eima.\u00a0<\/p>\n<p>\u201eJungtin\u0117s Tautos teigia, kad kiekviena \u0161alis pati apibr\u0117\u017eia kas yra \u0161eima. Europos \u017emogaus teisi\u0173 teismas palieka \u0161\u012f klausim\u0105 nacionalinei diskrecijai. ES neturi kompetencijos \u0161eimos teis\u0117s srityje, o m\u016bs\u0173 pa\u010di\u0173 konstitucin\u0117 tvarka auk\u0161\u010diausi\u0105 vald\u017ei\u0105 suteikia b\u016btent tam, kam ir priklauso \u2013 Lietuvos \u017emon\u0117ms. Referendumas yra tiesiog tos vald\u017eios \u012fgyvendinamas tiesioginis demokratinis atsakymas \u012f klausim\u0105, \u012f kur\u012f visada tur\u0117jome atsakyti patys\u201c, \u2013 sak\u0117 V. Vasiliauskien\u0117.\u00a0<\/p>\n<p>Pirmadien\u012f Seime vykusioje diskusijoje apie planuojam\u0105 surengti patariam\u0105j\u012f referendum\u0105 d\u0117l \u0161eimos sampratos dalyvavo Seimo nariai Audronius A\u017eubalis, Ligita Girskien\u0117, Vytautas Sinica, akademin\u0117s bendruomen\u0117s atstovai, konstitucin\u0117s teis\u0117s ekspertai ir kiti.\u00a0<\/p>\n<p>Kaip skelbta, Baland\u017eio 9 d. Seimas nutar\u0117 svarstyti parlamentar\u0173 grup\u0117s iniciatyv\u0105 kartu su 2027 m. vyksian\u010diais savivaldybi\u0173 taryb\u0173 ir mer\u0173 rinkimais surengti patariam\u0105j\u012f referendum\u0105 d\u0117l \u0161eimos sampratos \u012ftvirtinimo Konstitucijoje.\u00a0<\/p>\n<p>Jei Seimas pritart\u0173, per patariam\u0105j\u012f referendum\u0105 pilie\u010di\u0173 b\u016bt\u0173 paklausta, ar jie sutinka, kad \u201eKonstitucijoje tiesiogiai b\u016bt\u0173 \u012ftvirtinta, jog \u0161eimos teisiniai santykiai kyla tik i\u0161 vyro ir moters santuokos, motinyst\u0117s ir t\u0117vyst\u0117s\u201c.<\/p>\n<p>Kaip pa\u017eymima nutarimo projekte, kur\u012f pateik\u0117 Mi\u0161rios Seimo nari\u0173 grup\u0117s narys Vytautas Sinica, \u0161eima yra visuomen\u0117s ir valstyb\u0117s pagrindas, nuo kurios puosel\u0117jimo priklauso visuomen\u0117s ir valstyb\u0117s tvarumas bei t\u0119stinumas. Seimas savo dokumente ketina priminti, kad \u201evyro ir moters papildomumas yra \u0161eimos, kaip pirmin\u0117s ir prigimtin\u0117s bendruomen\u0117s bei palankiausios vaiko augimo, vystymosi ir ugdymo aplinkos, k\u016brimo pagrindas\u201c.\u00a0<\/p>\n<p>Nutarimo projekte taip pat pabr\u0117\u017eiama pilie\u010di\u0173 teis\u0117 tiesiogiai spr\u0119sti svarbiausius valstybei klausimus, galin\u010dius tur\u0117ti \u012ftakos dabartin\u0117s ir ateities kart\u0173 gyvenimo kokybei bei pa\u010dios Tautos i\u0161likimui.<\/p>\n<p>Paskelbti patariam\u0105j\u012f referendum\u0105 d\u0117l Konstitucijos 38 straipsnio pakeitimo si\u016blo per 60 \u012fvairioms parlamentin\u0117ms frakcijoms atstovaujan\u010di\u0173 parlamentar\u0173.<\/p>\n<p>Patariamasis referendumas laikomas \u012fvykusiu, jeigu jame dalyvavo daugiau kaip pus\u0117 pilie\u010di\u0173, turin\u010di\u0173 rinkim\u0173 teis\u0119 ir \u012fra\u0161yt\u0173 \u012f rink\u0117j\u0173 s\u0105ra\u0161\u0105. Jei referendumui pateiktam sprendimui pritar\u0117 ne ma\u017eiau kaip pus\u0117 jame dalyvavusi\u0173 pilie\u010di\u0173, j\u0173 pareik\u0161tos valios \u012fgyvendinimo klausimas ne v\u0117liau kaip per vien\u0105 m\u0117nes\u012f nuo galutini\u0173 referendumo rezultat\u0173 paskelbimo turi b\u016bti apsvarstytas Seime.\u00a0<\/p>\n","protected":false},"excerpt":{"rendered":"Pasak advokat\u0117s, prof. Liudvikos Me\u0161kauskait\u0117s, patariamasis referendumas d\u0117l \u0161eimos apibr\u0117\u017eimo neturi nieko bendro su \u012fsipareigojimais ES. Tod\u0117l tokie&hellip;\n","protected":false},"author":2,"featured_media":181057,"comment_status":"","ping_status":"","sticky":false,"template":"","format":"standard","meta":{"footnotes":"","_share_on_mastodon":"0"},"categories":[13],"tags":[25,30,31,34,35,24,32,33,37,39,36,38,40,23,22,28,29,7274,26,27],"class_list":["post-181056","post","type-post","status-publish","format-standard","has-post-thumbnail","category-lietuva","tag-antrastes","tag-breaking-news","tag-breakingnews","tag-featured-news","tag-featurednews","tag-headlines","tag-latest-news","tag-latestnews","tag-lietuva","tag-lietuviu","tag-lithuania","tag-lithuanian","tag-lt","tag-naujienos","tag-news","tag-populiariausios-naujienos","tag-populiariausiosnaujienos","tag-referendumas","tag-top-stories","tag-topstories"],"share_on_mastodon":{"url":"https:\/\/pubeurope.com\/@lt\/116595755750302442","error":""},"_links":{"self":[{"href":"https:\/\/www.europesays.com\/lt\/wp-json\/wp\/v2\/posts\/181056","targetHints":{"allow":["GET"]}}],"collection":[{"href":"https:\/\/www.europesays.com\/lt\/wp-json\/wp\/v2\/posts"}],"about":[{"href":"https:\/\/www.europesays.com\/lt\/wp-json\/wp\/v2\/types\/post"}],"author":[{"embeddable":true,"href":"https:\/\/www.europesays.com\/lt\/wp-json\/wp\/v2\/users\/2"}],"replies":[{"embeddable":true,"href":"https:\/\/www.europesays.com\/lt\/wp-json\/wp\/v2\/comments?post=181056"}],"version-history":[{"count":0,"href":"https:\/\/www.europesays.com\/lt\/wp-json\/wp\/v2\/posts\/181056\/revisions"}],"wp:featuredmedia":[{"embeddable":true,"href":"https:\/\/www.europesays.com\/lt\/wp-json\/wp\/v2\/media\/181057"}],"wp:attachment":[{"href":"https:\/\/www.europesays.com\/lt\/wp-json\/wp\/v2\/media?parent=181056"}],"wp:term":[{"taxonomy":"category","embeddable":true,"href":"https:\/\/www.europesays.com\/lt\/wp-json\/wp\/v2\/categories?post=181056"},{"taxonomy":"post_tag","embeddable":true,"href":"https:\/\/www.europesays.com\/lt\/wp-json\/wp\/v2\/tags?post=181056"}],"curies":[{"name":"wp","href":"https:\/\/api.w.org\/{rel}","templated":true}]}}