{"id":181199,"date":"2026-05-18T15:27:07","date_gmt":"2026-05-18T15:27:07","guid":{"rendered":"https:\/\/www.europesays.com\/lt\/181199\/"},"modified":"2026-05-18T15:27:07","modified_gmt":"2026-05-18T15:27:07","slug":"ekspertas-tendencija-vokietijoje-kelia-nerima-delfi","status":"publish","type":"post","link":"https:\/\/www.europesays.com\/lt\/181199\/","title":{"rendered":"Ekspertas: tendencija Vokietijoje kelia nerim\u0105 &#8211; Delfi"},"content":{"rendered":"<ol>\n<li><a href=\"https:\/\/news.google.com\/rss\/articles\/CBMizAFBVV95cUxPM3NucldadmVkU2VGc1hReG54SFFhTlowbm9hZWlLYTNJQ3BMclVXYjhoaGR5a1pmdjRGanFKWUVZczNkM3A1UGR6ZTdmUW9pM1p0U2lmd3NIN1A2aUF4bEFfTFZPYTV2MEhzUlV3SjRrYU0xZi1YaE9UZ0c0aDFKYTAxZ3VCZ3dmeFY4aWxRczcyRHBwaTkwblJTdGVjRWpidkpOUVJyN1JTOFZodW9Zb1Y5X3B1RkFBcG5makZ0U3ZsT0k2Um0xcmt4UUk?oc=5\" target=\"_blank\" rel=\"nofollow noopener\">Ekspertas: tendencija Vokietijoje kelia nerim\u0105<\/a>&nbsp;&nbsp;Delfi<\/li>\n<li><a href=\"https:\/\/news.google.com\/rss\/articles\/CBMizAFBVV95cUxQWDBoTElhRU5rRE9sZUZXUU8wZDdVV0FOUHFrVTRaaG9zU0xuZ0trc2p4Zll0c2lzUExJeUhSX3JjRlZJejJsdUdvd3VaVHNVUWM1OGVybUhfLUxtX3MzX3pCR2lkZkMwR0Z3OEtOX1FpeVVwNklnZW5JYk5sS0lNMjVDWl83WXhuWkNJQjJ0bEI4bzdYSldkT1Q5VWlwcE5JQ1RGNDV2MTVORTVKYV83eldORnhMWFpwYmtKeGR2MTdhaGpadWdqb2NZWVM?oc=5\" target=\"_blank\" rel=\"nofollow noopener\">Tyrimas: vis daugiau rink\u0117j\u0173 palaiko AfD, nors partija radikalizuojasi<\/a>&nbsp;&nbsp;Lrytas<\/li>\n<li><a href=\"https:\/\/news.google.com\/rss\/articles\/CBMirwFBVV95cUxQT2xKU0p0c3ZnWGt3b3djdXFQRkJCT29sQXY5WjZ2cGZRUVluSEYyUnM1TjhFM1Z6b1ZSM1Y2enI3cDNOT01qT3hhTjBCZktpM25KOWdKdXVIT0xPYVl1WjBtWmhOaVo3ZlhSN1p3WFFVVGRNSUtxVDRxWTQzeUg3NDVDMTN0YU1Ld202ZGNjbDZLUHpMOUZZWkVVZGZxeV9BR1ZqclpVdHlGSlRKYjQ4?oc=5\" target=\"_blank\" rel=\"nofollow noopener\">\u201eAlternatyva Vokietijai\u201c penkiais punktais lenkia Friedrich Merz vadovaujam\u0105 CDU\/CSU blok\u0105<\/a>&nbsp;&nbsp;Ekspertai.eu<\/li>\n<li><a href=\"https:\/\/news.google.com\/rss\/articles\/CBMi2gFBVV95cUxNRXM1SXVhdS1ZLTZkWTFyY19EcmFua2c5SHZXeE1vSThMWGdoOTRnRWVrYzBPQUM5Si1Pb09rQTM1SHdZY01xS3dVZUo2VzROZGctYzhWWlZqR1ZXSWgzZ3gzNWFTcHR3bURIS05GSDl6WnZTaDdfekQyZndrZV9UMDdsMmpuUy14TEhrUEg2Z2p1OXozYk5ScHBXVjNhTHE4SnJhVDNndndMTWhONllmY3AtampSZUdFQ2EyeFVqTU1tUG9SYnpzSWxxVXFKMmhBWktKQjl2akhOUQ?oc=5\" target=\"_blank\" rel=\"nofollow noopener\">Tyrimas: vis daugiau rink\u0117j\u0173 palaiko AfD<\/a>&nbsp;&nbsp;Respublika<\/li>\n<\/ol>\n","protected":false},"excerpt":{"rendered":"Ekspertas: tendencija Vokietijoje kelia nerim\u0105&nbsp;&nbsp;Delfi Tyrimas: vis daugiau rink\u0117j\u0173 palaiko AfD, nors partija radikalizuojasi&nbsp;&nbsp;Lrytas \u201eAlternatyva Vokietijai\u201c penkiais punktais&hellip;\n","protected":false},"author":2,"featured_media":181200,"comment_status":"","ping_status":"","sticky":false,"template":"","format":"standard","meta":{"footnotes":"","_share_on_mastodon":"0"},"categories":[15],"tags":[7309,25,30,31,3346,34,35,24,32,33,37,39,36,38,40,23,22,44,28,29,26,27,320,74,75,76],"class_list":["post-181199","post","type-post","status-publish","format-standard","has-post-thumbnail","category-pasaulis","tag-afd","tag-antrastes","tag-breaking-news","tag-breakingnews","tag-elta-uzsienio-naujiena","tag-featured-news","tag-featurednews","tag-headlines","tag-latest-news","tag-latestnews","tag-lietuva","tag-lietuviu","tag-lithuania","tag-lithuanian","tag-lt","tag-naujienos","tag-news","tag-pasaulis","tag-populiariausios-naujienos","tag-populiariausiosnaujienos","tag-top-stories","tag-topstories","tag-vokietija","tag-world","tag-world-news","tag-worldnews"],"share_on_mastodon":{"url":"https:\/\/pubeurope.com\/@lt\/116596286894869825","error":""},"_links":{"self":[{"href":"https:\/\/www.europesays.com\/lt\/wp-json\/wp\/v2\/posts\/181199","targetHints":{"allow":["GET"]}}],"collection":[{"href":"https:\/\/www.europesays.com\/lt\/wp-json\/wp\/v2\/posts"}],"about":[{"href":"https:\/\/www.europesays.com\/lt\/wp-json\/wp\/v2\/types\/post"}],"author":[{"embeddable":true,"href":"https:\/\/www.europesays.com\/lt\/wp-json\/wp\/v2\/users\/2"}],"replies":[{"embeddable":true,"href":"https:\/\/www.europesays.com\/lt\/wp-json\/wp\/v2\/comments?post=181199"}],"version-history":[{"count":0,"href":"https:\/\/www.europesays.com\/lt\/wp-json\/wp\/v2\/posts\/181199\/revisions"}],"wp:featuredmedia":[{"embeddable":true,"href":"https:\/\/www.europesays.com\/lt\/wp-json\/wp\/v2\/media\/181200"}],"wp:attachment":[{"href":"https:\/\/www.europesays.com\/lt\/wp-json\/wp\/v2\/media?parent=181199"}],"wp:term":[{"taxonomy":"category","embeddable":true,"href":"https:\/\/www.europesays.com\/lt\/wp-json\/wp\/v2\/categories?post=181199"},{"taxonomy":"post_tag","embeddable":true,"href":"https:\/\/www.europesays.com\/lt\/wp-json\/wp\/v2\/tags?post=181199"}],"curies":[{"name":"wp","href":"https:\/\/api.w.org\/{rel}","templated":true}]}}