{"id":182670,"date":"2026-05-20T08:43:07","date_gmt":"2026-05-20T08:43:07","guid":{"rendered":"https:\/\/www.europesays.com\/lt\/182670\/"},"modified":"2026-05-20T08:43:07","modified_gmt":"2026-05-20T08:43:07","slug":"paskelbus-oro-pavoju-stebimasi-del-lrt","status":"publish","type":"post","link":"https:\/\/www.europesays.com\/lt\/182670\/","title":{"rendered":"Paskelbus oro pavoj\u0173 stebimasi d\u0117l LRT"},"content":{"rendered":"<p>\u201eDelfi\u201c redakcija sulauk\u0117 nepasitenkinusi\u0173 \u017emoni\u0173 \u017einu\u010di\u0173, kurie, kilus oro pavojui tam tikrose \u0161alies dalyse, k\u0117l\u0117 klausim\u0105 \u2013 kod\u0117l svarbiausios informacijos savo radijo ir TV kanalais neskuba prane\u0161ti nacionalinis transliuotojas?<\/p>\n<p>\u017dmon\u0117ms papildomo nerimo ir taip g\u0105sdinan\u010dioje situacijoje es\u0105 suk\u0117l\u0117 tai, kad \u012fsijungus <a rel=\"noopener nofollow\" target=\"_blank\" href=\"https:\/\/www.delfi.lt\/temos\/lrt\" tag-id=\"58026236\">LRT<\/a> televizij\u0105 joki\u0173 oficiali\u0173 prane\u0161im\u0173 eteryje nebuvo matyti. D\u0117mesys krypo ir \u012f radijo kanalus \u2013 svarbu pabr\u0117\u017eti, kad realiu laiku informacija ten gyventojams buvo teikiama, telefonu komentarus dalijo ir \u012fvairi\u0173 sri\u010di\u0173 ekspertai, visgi, kiek ne\u012fprasta pilie\u010diams pasirod\u0117 tai, jog tarp pokalbi\u0173 eteryje buvo leid\u017eiama muzika. <\/p>\n<p>\u201e\u012edomiai: Sinatra, Mamontovas \u2013 kas toliau?\u201c \u2013 klausim\u0105 k\u0117l\u0117 viena \u201eDelfi\u201c skaitytoja. <\/p>\n<p>\u201eJie paleido ne \u0161iaip Sinatra. Tai \u2013 daina \u201eMy way\u201c, prasidedanti \u017eod\u017eiais: \u201eAnd now, the end is near\u201c (liet. \u201eIr \u0161tai, dabar pabaiga jau arti\u201c)\u201c, \u2013 d\u0117mes\u012f atkreip\u0117 dar vienas \u017emogus. <\/p>\n<p>Dalis pilie\u010di\u0173 tik\u0117josi nenutr\u016bkstamos informacijos srauto.<\/p>\n<p>    <img decoding=\"async\" src=\"https:\/\/www.europesays.com\/lt\/wp-content\/uploads\/2026\/05\/73ddcab3-1075-4966-a8da-9ffd81192c30.jpg\" loading=\"lazy\" alt=\"LRT\"\/>    <\/p>\n<p>\u201ePer oro pavoj\u0173 per LRT radij\u0105 paleisti dain\u0105 \u201ePakelk akis \u012f dang\u0173. Danguje lai\u0161kai\u201c \u2013 \u012fsp\u016bdinga\u201c, \u2013 ironizavo Vilija Andrulevi\u010di\u016bt\u0117.<\/p>\n<p>\u201eGavau \u012f visus telefonus persp\u0117jim\u0105 apie galim\u0105 oro pavoj\u0173. \u012esijungiu visuomeninio transliuotojo radij\u0105 \u2013 kalba apie me\u0161kas. Tai persp\u0117jimas telefone buvo netikras? &lt;&#8230;&gt;\u201c, \u2013 steb\u0117josi ir Jolanta Bielskien\u0117.<\/p>\n<p>\u201eVienu metu LRT skamb\u0117jo daina \u201eI did it my way\u201c. \u0160itas pralinksmino. Bet tikiuosi, kad \u0161iandien visiems buvo geras pratimas ir pamok\u0173 bus\u201c, \u2013 ra\u0161\u0117 ir dar viena moteris.<\/p>\n<p>\u201eDelfi\u201c d\u0117l \u0161ios situacijos komentaro kreip\u0117si \u012f LRT atstovus. Gavus j\u0173 komentar\u0105, straipsn\u012f papildysime. <\/p>\n","protected":false},"excerpt":{"rendered":"\u201eDelfi\u201c redakcija sulauk\u0117 nepasitenkinusi\u0173 \u017emoni\u0173 \u017einu\u010di\u0173, kurie, kilus oro pavojui tam tikrose \u0161alies dalyse, k\u0117l\u0117 klausim\u0105 \u2013 kod\u0117l&hellip;\n","protected":false},"author":2,"featured_media":182671,"comment_status":"","ping_status":"","sticky":false,"template":"","format":"standard","meta":{"footnotes":"","_share_on_mastodon":"0"},"categories":[21],"tags":[113,37,39,36,38,519,40,3197,114],"class_list":["post-182670","post","type-post","status-publish","format-standard","has-post-thumbnail","category-pramogos","tag-entertainment","tag-lietuva","tag-lietuviu","tag-lithuania","tag-lithuanian","tag-lrt","tag-lt","tag-pavojus","tag-pramogos"],"share_on_mastodon":{"url":"https:\/\/pubeurope.com\/@lt\/116606023278927606","error":""},"_links":{"self":[{"href":"https:\/\/www.europesays.com\/lt\/wp-json\/wp\/v2\/posts\/182670","targetHints":{"allow":["GET"]}}],"collection":[{"href":"https:\/\/www.europesays.com\/lt\/wp-json\/wp\/v2\/posts"}],"about":[{"href":"https:\/\/www.europesays.com\/lt\/wp-json\/wp\/v2\/types\/post"}],"author":[{"embeddable":true,"href":"https:\/\/www.europesays.com\/lt\/wp-json\/wp\/v2\/users\/2"}],"replies":[{"embeddable":true,"href":"https:\/\/www.europesays.com\/lt\/wp-json\/wp\/v2\/comments?post=182670"}],"version-history":[{"count":0,"href":"https:\/\/www.europesays.com\/lt\/wp-json\/wp\/v2\/posts\/182670\/revisions"}],"wp:featuredmedia":[{"embeddable":true,"href":"https:\/\/www.europesays.com\/lt\/wp-json\/wp\/v2\/media\/182671"}],"wp:attachment":[{"href":"https:\/\/www.europesays.com\/lt\/wp-json\/wp\/v2\/media?parent=182670"}],"wp:term":[{"taxonomy":"category","embeddable":true,"href":"https:\/\/www.europesays.com\/lt\/wp-json\/wp\/v2\/categories?post=182670"},{"taxonomy":"post_tag","embeddable":true,"href":"https:\/\/www.europesays.com\/lt\/wp-json\/wp\/v2\/tags?post=182670"}],"curies":[{"name":"wp","href":"https:\/\/api.w.org\/{rel}","templated":true}]}}