{"id":182843,"date":"2026-05-20T12:18:11","date_gmt":"2026-05-20T12:18:11","guid":{"rendered":"https:\/\/www.europesays.com\/lt\/182843\/"},"modified":"2026-05-20T12:18:11","modified_gmt":"2026-05-20T12:18:11","slug":"iki-vadove-pasiunte-zinia-del-rudens-nesame-atsipalaidave","status":"publish","type":"post","link":"https:\/\/www.europesays.com\/lt\/182843\/","title":{"rendered":"\u201eIki\u201c vadov\u0117 pasiunt\u0117 \u017eini\u0105 d\u0117l rudens: nesame atsipalaidav\u0119"},"content":{"rendered":"<p>\u012emon\u0117s pardavimo pajamos 2025 metais buvo 7,6 proc. didesn\u0117s nei ankstesniais metais, grynasis pelnas augo l\u0117\u010diau ir siek\u0117 14,2 mln. eur\u0173. Kaip nurodoma, l\u0117tesn\u012f pelno augim\u0105 l\u0117m\u0117 sprendimas daugiau l\u0117\u0161\u0173 skirti darbuotoj\u0173 atlyginimams, tinklo pl\u0117trai ir rekonstrukcijoms, preki\u0173 nuolaidoms.<\/p>\n<p>\u201eAuginome tiek parduot\u0173 preki\u0173 kiekius, tiek lojali\u0173 pirk\u0117j\u0173 skai\u010di\u0173, tiek preki\u0173 krep\u0161el\u012f parduotuv\u0117se, kurios nebuvo rekonstruotos. D\u0117l to a\u0161 saky\u010diau, kad turime labai sveik\u0105 apyvartos augim\u0105, kuris ateina ne i\u0161 <a rel=\"noopener nofollow\" target=\"_blank\" href=\"https:\/\/www.delfi.lt\/temos\/kainos\" tag-id=\"96616828\">kain\u0173<\/a>, bet i\u0161 didesnio pirk\u0117j\u0173 ir parduoto preki\u0173 kiekio skai\u010diaus\u201c, \u2013 svarst\u0117 N. Kvietkauskait\u0117.<\/p>\n<p>Planai d\u0117l nuostolingo \u201eLastMile\u201c <\/p>\n<p>O \u0161tai elektronin\u0117s prekybos ir greito preki\u0173 pristatymo kanalas \u201e<a rel=\"noopener nofollow\" target=\"_blank\" href=\"https:\/\/www.delfi.lt\/temos\/lastmile\" tag-id=\"81819831\">LastMile<\/a>\u201c vis dar yra nuostolingas \u2013 jo pardavimo pajamos pernai siek\u0117 17,8 mln. eur\u0173, o nuostolis 2,46 mln. eur\u0173. <\/p>\n","protected":false},"excerpt":{"rendered":"\u012emon\u0117s pardavimo pajamos 2025 metais buvo 7,6 proc. didesn\u0117s nei ankstesniais metais, grynasis pelnas augo l\u0117\u010diau ir siek\u0117&hellip;\n","protected":false},"author":2,"featured_media":182844,"comment_status":"","ping_status":"","sticky":false,"template":"","format":"standard","meta":{"footnotes":"","_share_on_mastodon":"0"},"categories":[17],"tags":[81,2742,2480,28894,37,39,36,38,40,2478,28895,46],"class_list":["post-182843","post","type-post","status-publish","format-standard","has-post-thumbnail","category-verslas","tag-business","tag-iki","tag-kainos","tag-lastmile","tag-lietuva","tag-lietuviu","tag-lithuania","tag-lithuanian","tag-lt","tag-mazmenine-prekyba","tag-nijole-kvietkauskaite","tag-verslas"],"share_on_mastodon":{"url":"https:\/\/pubeurope.com\/@lt\/116606868361775501","error":""},"_links":{"self":[{"href":"https:\/\/www.europesays.com\/lt\/wp-json\/wp\/v2\/posts\/182843","targetHints":{"allow":["GET"]}}],"collection":[{"href":"https:\/\/www.europesays.com\/lt\/wp-json\/wp\/v2\/posts"}],"about":[{"href":"https:\/\/www.europesays.com\/lt\/wp-json\/wp\/v2\/types\/post"}],"author":[{"embeddable":true,"href":"https:\/\/www.europesays.com\/lt\/wp-json\/wp\/v2\/users\/2"}],"replies":[{"embeddable":true,"href":"https:\/\/www.europesays.com\/lt\/wp-json\/wp\/v2\/comments?post=182843"}],"version-history":[{"count":0,"href":"https:\/\/www.europesays.com\/lt\/wp-json\/wp\/v2\/posts\/182843\/revisions"}],"wp:featuredmedia":[{"embeddable":true,"href":"https:\/\/www.europesays.com\/lt\/wp-json\/wp\/v2\/media\/182844"}],"wp:attachment":[{"href":"https:\/\/www.europesays.com\/lt\/wp-json\/wp\/v2\/media?parent=182843"}],"wp:term":[{"taxonomy":"category","embeddable":true,"href":"https:\/\/www.europesays.com\/lt\/wp-json\/wp\/v2\/categories?post=182843"},{"taxonomy":"post_tag","embeddable":true,"href":"https:\/\/www.europesays.com\/lt\/wp-json\/wp\/v2\/tags?post=182843"}],"curies":[{"name":"wp","href":"https:\/\/api.w.org\/{rel}","templated":true}]}}