{"id":182936,"date":"2026-05-20T14:48:35","date_gmt":"2026-05-20T14:48:35","guid":{"rendered":"https:\/\/www.europesays.com\/lt\/182936\/"},"modified":"2026-05-20T14:48:35","modified_gmt":"2026-05-20T14:48:35","slug":"du-kaltinamieji-dhl-padegamuju-siuntu-byloje-paleisti-i-laisve","status":"publish","type":"post","link":"https:\/\/www.europesays.com\/lt\/182936\/","title":{"rendered":"Du kaltinamieji DHL padegam\u0173j\u0173 siunt\u0173 byloje paleisti \u012f laisv\u0119"},"content":{"rendered":"<p>I\u0161\u0117j\u0119 \u012f laisv\u0119 abu jie tur\u0117s d\u0117v\u0117ti apykojes, kiekvienas sumok\u0117ti po 30 t\u016bkst. eur\u0173 u\u017estat\u0105 ir registruotis policijoje.\u00a0<\/p>\n<p>\u201eTeismas nutar\u0117 kaltinamajam\u00a0Vasilijui Kova\u010dui\u00a0skirtos kardomosios priemon\u0117s su\u0117mimo termino neprat\u0119sti. Pasibaigus anks\u010diau prat\u0119stam su\u0117mimo terminui Vasilij\u0173 paleisti \u012f laisv\u0119 ir skirti jam kardom\u0105sias priemones: 30\u00a0000 eur\u0173 dyd\u017eio u\u017estat\u0105, intensyvi\u0105 prie\u017ei\u016br\u0105, \u012fpareigojant kaltinam\u0105j\u012f\u00a0d\u0117v\u0117ti elektronin\u012f steb\u0117jimo \u012ftais\u0105 bei laikytis nustatytos dienotvark\u0117s:\u00a0nuo 20.00\u00a0val. iki 10.00\u00a0val. ir nuo 14.00\u00a0val. iki 17.00\u00a0val. b\u016bti savo gyvenamojoje vietoje, esan\u010dioje Kaune\u201c, \u2013 Elt\u0105 informavo Vilniaus apygardos teismo pirmininko pad\u0117j\u0117ja Lina Nemeikait\u0117.<\/p>\n<p>Intensyvi prie\u017ei\u016bros terminas nustatomas \u0161e\u0161iems m\u0117nesiams, \u0161\u012f termin\u0105 skai\u010diuojant nuo bir\u017eelio 3\u00a0d.<\/p>\n<p>Kardom\u0173j\u0173 priemoni\u0173 \u2013 intensyvios prie\u017ei\u016bros ir \u012fpareigojimo periodi\u0161kai registruotis policijos \u012fstaigoje \u2013 s\u0105lyg\u0173 laikymosi kontrol\u0117 pavesta\u00a0Kauno apskrities vyriausiajam policijos komisariatui.<\/p>\n","protected":false},"excerpt":{"rendered":"I\u0161\u0117j\u0119 \u012f laisv\u0119 abu jie tur\u0117s d\u0117v\u0117ti apykojes, kiekvienas sumok\u0117ti po 30 t\u016bkst. eur\u0173 u\u017estat\u0105 ir registruotis policijoje.\u00a0&hellip;\n","protected":false},"author":2,"featured_media":182937,"comment_status":"","ping_status":"","sticky":false,"template":"","format":"standard","meta":{"footnotes":"","_share_on_mastodon":"0"},"categories":[15],"tags":[25,30,31,11110,34,35,24,32,33,37,39,36,38,40,23,22,44,28,29,255,26,27,74,75,76],"class_list":["post-182936","post","type-post","status-publish","format-standard","has-post-thumbnail","category-pasaulis","tag-antrastes","tag-breaking-news","tag-breakingnews","tag-dhl","tag-featured-news","tag-featurednews","tag-headlines","tag-latest-news","tag-latestnews","tag-lietuva","tag-lietuviu","tag-lithuania","tag-lithuanian","tag-lt","tag-naujienos","tag-news","tag-pasaulis","tag-populiariausios-naujienos","tag-populiariausiosnaujienos","tag-teismas","tag-top-stories","tag-topstories","tag-world","tag-world-news","tag-worldnews"],"share_on_mastodon":{"url":"https:\/\/pubeurope.com\/@lt\/116607457954942506","error":""},"_links":{"self":[{"href":"https:\/\/www.europesays.com\/lt\/wp-json\/wp\/v2\/posts\/182936","targetHints":{"allow":["GET"]}}],"collection":[{"href":"https:\/\/www.europesays.com\/lt\/wp-json\/wp\/v2\/posts"}],"about":[{"href":"https:\/\/www.europesays.com\/lt\/wp-json\/wp\/v2\/types\/post"}],"author":[{"embeddable":true,"href":"https:\/\/www.europesays.com\/lt\/wp-json\/wp\/v2\/users\/2"}],"replies":[{"embeddable":true,"href":"https:\/\/www.europesays.com\/lt\/wp-json\/wp\/v2\/comments?post=182936"}],"version-history":[{"count":0,"href":"https:\/\/www.europesays.com\/lt\/wp-json\/wp\/v2\/posts\/182936\/revisions"}],"wp:featuredmedia":[{"embeddable":true,"href":"https:\/\/www.europesays.com\/lt\/wp-json\/wp\/v2\/media\/182937"}],"wp:attachment":[{"href":"https:\/\/www.europesays.com\/lt\/wp-json\/wp\/v2\/media?parent=182936"}],"wp:term":[{"taxonomy":"category","embeddable":true,"href":"https:\/\/www.europesays.com\/lt\/wp-json\/wp\/v2\/categories?post=182936"},{"taxonomy":"post_tag","embeddable":true,"href":"https:\/\/www.europesays.com\/lt\/wp-json\/wp\/v2\/tags?post=182936"}],"curies":[{"name":"wp","href":"https:\/\/api.w.org\/{rel}","templated":true}]}}