{"id":18313,"date":"2025-10-15T16:34:11","date_gmt":"2025-10-15T16:34:11","guid":{"rendered":"https:\/\/www.europesays.com\/lt\/18313\/"},"modified":"2025-10-15T16:34:11","modified_gmt":"2025-10-15T16:34:11","slug":"pauliaus-mikolaicio-paul-de-miko-sirdyje-uzgime-nauji-jausmai","status":"publish","type":"post","link":"https:\/\/www.europesays.com\/lt\/18313\/","title":{"rendered":"Pauliaus Mikolai\u010dio-Paul de Miko \u0161irdyje u\u017egim\u0117 nauji jausmai"},"content":{"rendered":"<p>Kaip jau min\u0117ta, kalbas apie naujus Paul de Miko santykius jau prie\u0161 kur\u012f laik\u0105 pakurst\u0117 akimirkos, kuriose \u017einomas vyras vis buvo pastebimas besim\u0117gaujantis \u017eavios merginos kompanija. <\/p>\n<p>Viena toki\u0173 nuotrauk\u0173 jo Instagrame pasirod\u0117 ir \u0161iandien \u2013 kartu su savo mylim\u0105ja P. Mikolaitis \u012fsiam\u017eino tiesiog lifte, j\u0105 apdovanodamas kar\u0161tu bu\u010diniu. <\/p>\n<p>\u201eDelfi\u201c susisiekus su Pauliumi, \u0161is patvirtino, kad jo \u0161irdis \u2013 v\u0117l u\u017eimta. Tiesa, leistis \u012f kalbas apie naujuosius santykius jis nebuvo link\u0119s. <\/p>\n<p>    <img decoding=\"async\" src=\"https:\/\/www.europesays.com\/lt\/wp-content\/uploads\/2025\/10\/ebe3bded-369d-414b-91e8-af640ce62ceb.jpg\" loading=\"lazy\" alt=\"Paul de Miko\"\/>    <\/p>\n<p>Primename, kad met\u0173 prad\u017eioje P. Mikolaitis-Paul de Miko buvo pasakoj\u0119s apie i\u0161gyvent\u0105 santyki\u0173 kriz\u0119 su \u017einoma nuomon\u0117s formuotoja Gabriele Kudirkaite. Galiausiai, pora pasuko skirtingais keliais. <\/p>\n","protected":false},"excerpt":{"rendered":"Kaip jau min\u0117ta, kalbas apie naujus Paul de Miko santykius jau prie\u0161 kur\u012f laik\u0105 pakurst\u0117 akimirkos, kuriose \u017einomas&hellip;\n","protected":false},"author":2,"featured_media":18314,"comment_status":"","ping_status":"","sticky":false,"template":"","format":"standard","meta":{"footnotes":""},"categories":[21],"tags":[113,37,39,36,38,40,2086,6085,114,1497],"class_list":{"0":"post-18313","1":"post","2":"type-post","3":"status-publish","4":"format-standard","5":"has-post-thumbnail","7":"category-pramogos","8":"tag-entertainment","9":"tag-lietuva","10":"tag-lietuviu","11":"tag-lithuania","12":"tag-lithuanian","13":"tag-lt","14":"tag-paul-de-miko","15":"tag-paulius-mikolaitis","16":"tag-pramogos","17":"tag-santykiai"},"share_on_mastodon":{"url":"","error":""},"_links":{"self":[{"href":"https:\/\/www.europesays.com\/lt\/wp-json\/wp\/v2\/posts\/18313","targetHints":{"allow":["GET"]}}],"collection":[{"href":"https:\/\/www.europesays.com\/lt\/wp-json\/wp\/v2\/posts"}],"about":[{"href":"https:\/\/www.europesays.com\/lt\/wp-json\/wp\/v2\/types\/post"}],"author":[{"embeddable":true,"href":"https:\/\/www.europesays.com\/lt\/wp-json\/wp\/v2\/users\/2"}],"replies":[{"embeddable":true,"href":"https:\/\/www.europesays.com\/lt\/wp-json\/wp\/v2\/comments?post=18313"}],"version-history":[{"count":0,"href":"https:\/\/www.europesays.com\/lt\/wp-json\/wp\/v2\/posts\/18313\/revisions"}],"wp:featuredmedia":[{"embeddable":true,"href":"https:\/\/www.europesays.com\/lt\/wp-json\/wp\/v2\/media\/18314"}],"wp:attachment":[{"href":"https:\/\/www.europesays.com\/lt\/wp-json\/wp\/v2\/media?parent=18313"}],"wp:term":[{"taxonomy":"category","embeddable":true,"href":"https:\/\/www.europesays.com\/lt\/wp-json\/wp\/v2\/categories?post=18313"},{"taxonomy":"post_tag","embeddable":true,"href":"https:\/\/www.europesays.com\/lt\/wp-json\/wp\/v2\/tags?post=18313"}],"curies":[{"name":"wp","href":"https:\/\/api.w.org\/{rel}","templated":true}]}}