{"id":183241,"date":"2026-05-21T03:14:54","date_gmt":"2026-05-21T03:14:54","guid":{"rendered":"https:\/\/www.europesays.com\/lt\/183241\/"},"modified":"2026-05-21T03:14:54","modified_gmt":"2026-05-21T03:14:54","slug":"seimo-komitetas-pritare-mamadieniu-ir-tevadieniu-prapletimui-respublika-lt","status":"publish","type":"post","link":"https:\/\/www.europesays.com\/lt\/183241\/","title":{"rendered":"Seimo komitetas pritar\u0117 mamadieni\u0173 ir t\u0117vadieni\u0173 prapl\u0117timui &#8211; Respublika.lt"},"content":{"rendered":"<p style=\"text-align: justify;\" class=\"desktop_banner\">\u00a0<\/p>\n<p style=\"text-align: left;\">\u00a0<\/p>\n<p style=\"text-align: left;\">\u0160is socialdemokrato Lauryno \u0160edvyd\u017eio vadovaujamas komitetas, beje, jau antr\u0105 kart\u0105, pritar\u0117 tai numatan\u010dioms Darbo kodekso pataisoms. U\u017e jas balsavo 3 komiteto nariai, prie\u0161 buvo 2 \u2013 liberalas Eugenijus Gentvilas ir konservatorius Matas Maldeikis.\u00a0<\/p>\n<p style=\"text-align: left;\">Sulauk\u0119s palankaus komiteto sprendimo, mamadieni\u0173 ir t\u0117vadieni\u0173 klausimas \u00a0v\u0117l sugr\u012f\u0161 \u012f plenarin\u0119 Seimo sal\u0119, kur bus priimti galutiniai, \u0161eimoms aktual\u016bs sprendimai.\u00a0<\/p>\n<p style=\"text-align: left;\">Darbo kodekso pataisas parengusios Seimo \u0160vietimo ir mokslo komiteto pirminink\u0117s socialdemokrat\u0117s Jurgitos \u0160ukevi\u010dien\u0117s teigimu, pritarus jos si\u016blymui, t\u0117vai gal\u0117t\u0173 daugiau laiko skirti ne tik ma\u017eiems vaikams, bet ir paaugliams. Jos nuomone, tai b\u016bt\u0173 psichotropini\u0173 ir narkotini\u0173 med\u017eiag\u0173 vartojimo prevencijos priemon\u0117.\u00a0<\/p>\n<p style=\"text-align: left;\">\u201eJeigu mes valstyb\u0117je kalbame apie demografij\u0105, keliame klausim\u0105 d\u0117l psichikos sveikatos, kuri paaugli\u0173 tarpe n\u0117ra gera, \u00a0jeigu mes kalbame apie priklausomybi\u0173 prevencij\u0105, galu gale, smurt\u0105 mokyklose, tai akivaizdu, kad tur\u0117tume stiprinti pagrindin\u0119 \u0161i\u0173 dalyk\u0173 prevencin\u0119 grand\u012f \u2013 \u0161eim\u0105\u201c, \u2013 tre\u010diadien\u012f \u017dmogaus teisi\u0173 komiteto pos\u0117dyje sak\u0117 J. \u0160ukevi\u010dien\u0117.\u00a0<\/p>\n<p style=\"text-align: left;\">Tuo metu kriti\u0161kai iniciatyv\u0105 \u012fvertinusi Lietuvos verslo konfederacijos generalin\u0117 direktor\u0117 Ineta Rizgel\u0117 kviet\u0117 politikus \u012fsiklausyti \u012f ekonominius darbdavi\u0173 argumentus, ant kuri\u0173 ir guls mamadieni\u0173 ir t\u0117vadieni\u0173 i\u0161pl\u0117timo ka\u0161tai.\u00a0<\/p>\n<p style=\"text-align: left;\">\u201eN\u0117ra ai\u0161ki\u0173 duomen\u0173, kaip \u0161iandien praktikoje veikia ta sistema, neturime argument\u0173, kod\u0117l turime j\u0105 pl\u0117sti. (&#8230;) Daugiavaikis t\u0117vas arba mama darbe d\u0117l mamadieni\u0173 ir t\u0117vadieni\u0173 b\u016bna 10 proc. ma\u017eiau laiko ir tai yra ka\u0161tai\u201c, \u2013 sak\u0117 I. Rizgel\u0117.\u00a0<\/p>\n<p style=\"text-align: left;\">Ji primin\u0117 komiteto nariams, kad Tri\u0161al\u0117je taryboje nebuvo sutarimo \u0161iuo klausimu.\u00a0<\/p>\n<p style=\"text-align: left;\">Lietuvos pramoninink\u0173 konfederacijos teisinink\u0117 Daiva Macijausk\u0117 mano, kad mamadieni\u0173 ir t\u0117vadieni\u0173 prapl\u0117timo klausimas yra populistinis, o santykius tarp t\u0117v\u0173 ir vaik\u0173 norima spr\u0119sti darbdavi\u0173 s\u0105skaita.\u00a0<\/p>\n<p style=\"text-align: left;\">\u201eKaip gal\u0117t\u0173 b\u016bti pagerintas t\u0117v\u0173 ir\u00a0vaik\u0173 bendravimas, kai vaikai yra mokyklose? T\u0117vai ima papildomas dienas savo laisvalaikiui. (&#8230;) Mes nesuprantame, kod\u0117l valstyb\u0117 nori gerinti socialinius santykius tarp vaik\u0173 ir t\u0117v\u0173 darbdavi\u0173 s\u0105skaita?\u201c,\u2013 klaus\u0117 ji .<\/p>\n<p style=\"text-align: left;\">Jeigu b\u016bt\u0173 visgi nutarta ilginti vaik\u0173 am\u017ei\u0173, kada t\u0117vams yra suteikiamos papildomos poilsio dienos, D. Macijausk\u0117s teigimu, jos tur\u0117t\u0173 b\u016bti apmokamos i\u0161 valstyb\u0117s biud\u017eeto.<\/p>\n<p style=\"text-align: left;\">Mamadieni\u0173 ir t\u0117vadieni\u0173 prapl\u0117timo klausimas, liberalo Eugenijaus Gentvilo nuomone, yra \u201eneprofesionalios, nenuo\u0161ird\u017eios teis\u0117k\u016bros pavyzdys\u201c.<\/p>\n<p style=\"text-align: left;\">\u201eTai apsimestinis gerumas, kokia gera \u0161ita vald\u017eia. Mieli t\u0117veliai, gal\u0117site nedirbti, kai j\u016bs\u0173 vaikai bus mokyklose, bet tur\u0117site mamadienius ar t\u0117vadienius. Gal\u0117site eiti \u012f parduotuves, gal\u0117site eiti me\u0161kerioti, kai vaiku\u010diai bus mokykloje, o darbdavys u\u017e visk\u0105 \u00a0apmoka. Gerbiami socialdemokratai, k\u0105 j\u016bs darote u\u017e svetimus pinigus, u\u017e darbdavi\u0173 pinigus?\u201c, \u2013 piktinosi iniciatyvai nepritar\u0119s E. Gentvilas.\u00a0<\/p>\n<p style=\"text-align: left;\">ELTA primena, kad gegu\u017e\u0117s prad\u017eioje Seimo sprendimu, Darbo kodekso pataisos d\u0117l mamadieni\u0173 ir t\u0117vadieni\u0173 prapl\u0117timo, nesulaukusios Seimo Socialini\u0173 reikal\u0173 ir darbo komiteto pritarimo, buvo perduotos svarstyti kitam komitetui \u2013 \u017dmogaus teisi\u0173.\u00a0<\/p>\n<p style=\"text-align: left;\">\u0160iuo metu teis\u0117 \u012f mamadienius arba t\u0117vadienius suteikiama dirbantiems t\u0117vams, auginantiems vaikus iki 12 met\u0173.<\/p>\n<p style=\"text-align: left;\">\u00a0<\/p>\n","protected":false},"excerpt":{"rendered":"\u00a0 \u00a0 \u0160is socialdemokrato Lauryno \u0160edvyd\u017eio vadovaujamas komitetas, beje, jau antr\u0105 kart\u0105, pritar\u0117 tai numatan\u010dioms Darbo kodekso pataisoms.&hellip;\n","protected":false},"author":2,"featured_media":183242,"comment_status":"","ping_status":"","sticky":false,"template":"","format":"standard","meta":{"footnotes":"","_share_on_mastodon":"0"},"categories":[13],"tags":[25,30,31,2010,34,35,24,2363,32,33,37,39,36,38,40,28929,23,22,28,29,28931,128,28930,26,27],"class_list":["post-183241","post","type-post","status-publish","format-standard","has-post-thumbnail","category-lietuva","tag-antrastes","tag-breaking-news","tag-breakingnews","tag-darbo","tag-featured-news","tag-featurednews","tag-headlines","tag-kodeksas","tag-latest-news","tag-latestnews","tag-lietuva","tag-lietuviu","tag-lithuania","tag-lithuanian","tag-lt","tag-mamadieniai","tag-naujienos","tag-news","tag-populiariausios-naujienos","tag-populiariausiosnaujienos","tag-prapletimas","tag-seimas","tag-tevadieniai","tag-top-stories","tag-topstories"],"share_on_mastodon":{"url":"https:\/\/pubeurope.com\/@lt\/116610395359760401","error":""},"_links":{"self":[{"href":"https:\/\/www.europesays.com\/lt\/wp-json\/wp\/v2\/posts\/183241","targetHints":{"allow":["GET"]}}],"collection":[{"href":"https:\/\/www.europesays.com\/lt\/wp-json\/wp\/v2\/posts"}],"about":[{"href":"https:\/\/www.europesays.com\/lt\/wp-json\/wp\/v2\/types\/post"}],"author":[{"embeddable":true,"href":"https:\/\/www.europesays.com\/lt\/wp-json\/wp\/v2\/users\/2"}],"replies":[{"embeddable":true,"href":"https:\/\/www.europesays.com\/lt\/wp-json\/wp\/v2\/comments?post=183241"}],"version-history":[{"count":0,"href":"https:\/\/www.europesays.com\/lt\/wp-json\/wp\/v2\/posts\/183241\/revisions"}],"wp:featuredmedia":[{"embeddable":true,"href":"https:\/\/www.europesays.com\/lt\/wp-json\/wp\/v2\/media\/183242"}],"wp:attachment":[{"href":"https:\/\/www.europesays.com\/lt\/wp-json\/wp\/v2\/media?parent=183241"}],"wp:term":[{"taxonomy":"category","embeddable":true,"href":"https:\/\/www.europesays.com\/lt\/wp-json\/wp\/v2\/categories?post=183241"},{"taxonomy":"post_tag","embeddable":true,"href":"https:\/\/www.europesays.com\/lt\/wp-json\/wp\/v2\/tags?post=183241"}],"curies":[{"name":"wp","href":"https:\/\/api.w.org\/{rel}","templated":true}]}}