{"id":183627,"date":"2026-05-21T11:10:12","date_gmt":"2026-05-21T11:10:12","guid":{"rendered":"https:\/\/www.europesays.com\/lt\/183627\/"},"modified":"2026-05-21T11:10:12","modified_gmt":"2026-05-21T11:10:12","slug":"ecb-palukanu-normu-mazinimas-birzelio-4-d-itaka","status":"publish","type":"post","link":"https:\/\/www.europesays.com\/lt\/183627\/","title":{"rendered":"ECB pal\u016bkan\u0173 norm\u0173 ma\u017einimas bir\u017eelio 4 d.: \u012ftaka&#8230;"},"content":{"rendered":"<p>                                                            <img src=\"https:\/\/ui-avatars.com\/api\/?name=Lukas+Adomaitis&amp;background=000000&amp;color=ffffff&amp;bold=true\" alt=\"Lukas Adomaitis\" class=\"article-byline-avatar\" width=\"48\" height=\"48\" loading=\"eager\" decoding=\"async\"\/><\/p>\n<p>                                        Lukas Adomaitis                                        Autorius<\/p>\n<p>                                        2026-05-21 13:54<br \/>\n                                                                                3 min. skaitymo<\/p>\n<p>                            <img width=\"1376\" height=\"768\" src=\"https:\/\/www.europesays.com\/lt\/wp-content\/uploads\/2026\/05\/ecb-palukanu-normu-mazinimas-birzelio-4-d-itaka-lietuvos-busto-paskolo.webp\" class=\"w-full h-auto object-cover aspect-[16\/9] max-h-[600px]\" alt=\"Rankoje laikomas plan\u0161etinis kompiuteris, kuriame matomas krintantis raudonas grafikas su euro simboliu biuro fone.\" fetchpriority=\"high\" decoding=\"async\" loading=\"eager\"  \/>                        <\/p>\n<p>Reklama<\/p>\n<p><a href=\"https:\/\/upesezerai.lt\/\" target=\"_blank\" rel=\"noopener sponsored nofollow\" class=\"block w-full text-center hover:opacity-90 transition-opacity\"><img src=\"https:\/\/www.europesays.com\/lt\/wp-content\/uploads\/2026\/05\/1779305417_110_riverways-lt.webp\" class=\"mx-auto rounded-lg shadow-sm\" alt=\"Banner\" loading=\"lazy\" decoding=\"async\" fetchpriority=\"low\" width=\"300\" height=\"250\"\/><\/a><\/p>\n<p>2026 m. bir\u017eelio 4 d. Europos Centrinis Bankas (ECB) priims vien\u0105 laukiamiausi\u0173 met\u0173 sprendim\u0173 d\u0117l bazini\u0173 pal\u016bkan\u0173 norm\u0173. Lietuvos b\u016bsto paskol\u0173 tur\u0117tojams, kuri\u0173 finansiniai \u012fsipareigojimai yra glaud\u017eiai susieti su kintamuoju \u201eEuribor\u201c rodikliu, \u0161is pos\u0117dis gali reik\u0161ti real\u0173 m\u0117nesio \u012fmok\u0173 suma\u017e\u0117jim\u0105. Po ilgo grie\u017etos pinig\u0173 politikos laikotarpio, kai infliacija pagaliau stabilizavosi ties 2 proc. riba, finans\u0173 analitikai mato tvirt\u0105 pagrind\u0105 pinig\u0173 politikos \u0161velninimo prad\u017eiai.<\/p>\n<tr>\nPrognoz\u0117s detal\u0117s<br \/>\nInformacija<br \/>\n<\/tr>\n<tr>\n<td style=\"text-align: left;\">Prognoz\u0117s klausimas<\/td>\n<td style=\"text-align: left;\">Ar ECB 2026 m. bir\u017eelio 4 d. suma\u017eins bazines pal\u016bkan\u0173 normas?<\/td>\n<\/tr>\n<tr>\n<td style=\"text-align: left;\">Sprendimo data<\/td>\n<td style=\"text-align: left;\">2026 m. bir\u017eelio 4 d. (popiet\u0117)<\/td>\n<\/tr>\n<tr>\n<td style=\"text-align: left;\">Rezoliucijos \u0161altinis<\/td>\n<td style=\"text-align: left;\">Oficialus ECB prane\u0161imas spaudai<\/td>\n<\/tr>\n<tr>\n<td style=\"text-align: left;\">Kas laikoma TAIP<\/td>\n<td style=\"text-align: left;\">Prane\u0161ama apie bet kok\u012f bazini\u0173 pal\u016bkan\u0173 norm\u0173 ma\u017einim\u0105 (pvz., 25 baziniais punktais)<\/td>\n<\/tr>\n<tr>\n<td style=\"text-align: left;\">Kas laikoma NE<\/td>\n<td style=\"text-align: left;\">Pal\u016bkan\u0173 normos paliekamos nepakeistos arba didinamos<\/td>\n<\/tr>\n<p>Pagrindinis rodiklis, \u012f kur\u012f orientuojasi ECB valdan\u010dioji taryba, yra suderintas vartotoj\u0173 kain\u0173 indeksas (SVKI). 2026 m. prad\u017eios duomenys rodo, kad euro zonos infliacija pasiek\u0117 ECB siektin\u0105 2 proc. lyg\u012f. Tai yra esminis l\u016b\u017eio ta\u0161kas, leid\u017eiantis banko valdytojai Christine Lagarde ir kitiems tarybos nariams svarstyti apie ekonomikos skatinim\u0105 ma\u017einant skolinimosi kain\u0105.<\/p>\n<p>Analitikai pabr\u0117\u017eia, kad per ilgas delsimas ma\u017einti pal\u016bkanas gali neigiamai paveikti euro zonos ekonomikos augim\u0105, tod\u0117l bir\u017eelio m\u0117nesio pos\u0117dis laikomas idealia proga prad\u0117ti cikl\u0105. Nors infliacija paslaug\u0173 sektoriuje i\u0161lieka kiek auk\u0161tesn\u0117, bendras kain\u0173 stabilumas suteikia ECB pakankamai erdv\u0117s manevrui. Lietuvai, kurioje b\u016bsto paskol\u0173 rinka yra itin jautri \u201eEuribor\u201c svyravimams, \u0161is stabilumas yra kriti\u0161kai svarbus planuojant nam\u0173 \u016bki\u0173 biud\u017eetus.<\/p>\n<p>Jei ECB bir\u017eelio 4 d. nuspr\u0119s suma\u017einti bazines pal\u016bkan\u0173 normas 0,25 proc. punkto (25 baziniais punktais), tai beveik i\u0161kart atsispind\u0117s \u201eEuribor\u201c tarpbankin\u0117je rinkoje. Dauguma b\u016bsto paskol\u0173 sutar\u010di\u0173 Lietuvoje yra susietos su 6 m\u0117nesi\u0173 \u201eEuribor\u201c, tod\u0117l pal\u016bkan\u0173 ma\u017e\u0117jimas gyventoj\u0173 pinigines pasieks per artimiausi\u0105 pal\u016bkan\u0173 perskai\u010diavimo cikl\u0105.<\/p>\n<p>Skai\u010diuojama, kad vidutinei 100 000 eur\u0173 b\u016bsto paskolai, paimtai 25 metams, toks bazini\u0173 pal\u016bkan\u0173 suma\u017einimas gali reik\u0161ti ma\u017edaug 15\u201320 eur\u0173 ma\u017eesn\u0119 m\u0117nesio \u012fmok\u0105. Nors i\u0161 pirmo \u017evilgsnio suma neatrodo mil\u017eini\u0161ka, tai b\u016bt\u0173 pirmasis realus palengv\u0117jimas po kelerius metus trukusio \u012fmok\u0173 augimo. Be to, rinkos tikisi, kad bir\u017eelio m\u0117nesio sprendimas bus tik ilgesnio ma\u017einimo ciklo prad\u017eia, o tai ilgalaik\u0117je perspektyvoje leist\u0173 sutaupyti \u0161imtus eur\u0173 per metus.<\/p>\n<p>Lietuvos banko valdybos pirmininkas Gediminas \u0160imkus, kuris taip pat yra ECB valdan\u010diosios tarybos narys, ne kart\u0105 u\u017esimin\u0117, kad pinig\u0173 politikos kryptis tur\u0117t\u0173 keistis kartu su ma\u017e\u0117jan\u010diu infliaciniu spaudimu. Jo teigimu, sprendimai bus priimami remiantis naujausiais duomenimis, ta\u010diau dabartin\u0117s tendencijos nuteikia optimisti\u0161kai.<\/p>\n<p>Lietuvos bankas pabr\u0117\u017eia, kad \u0161alies bank\u0173 sistema i\u0161lieka kapitalizuota ir pasirengusi poky\u010diams, ta\u010diau gyventojams patariama i\u0161likti budriems. Net ir prad\u0117jus ma\u017einti pal\u016bkanas, jos grei\u010diausiai nebegr\u012f\u0161 \u012f nulines ar neigiamas zonas, kurias mat\u0117me pra\u0117jus\u012f de\u0161imtmet\u012f. Naujoji \u201enormali\u201c pal\u016bkan\u0173 norma gali stabilizuotis ties 2\u20133 proc. riba, o tai vis tiek reik\u0161 didesn\u0119 na\u0161t\u0105 nei prie\u0161 kriz\u0119, ta\u010diau gerokai ma\u017eesn\u0119 nei 2023\u20132024 m. piko metu.<\/p>\n<p>Nepaisant optimistini\u0173 prognozi\u0173, ECB sprendimas n\u0117ra garantuotas. Egzistuoja keletas rizikos veiksni\u0173, galin\u010di\u0173 priversti Christine Lagarde i\u0161laikyti esamas normas. Did\u017eiausia gr\u0117sm\u0117 \u2013 galimas energetikos kain\u0173 \u0161uolis d\u0117l geopolitin\u0117s \u012ftampos Artimuosiuose Rytuose arba tiekimo grandini\u0173 sutrikim\u0173. Jei naftos ir duj\u0173 kainos v\u0117l prad\u0117t\u0173 spar\u010diai kilti, tai sukelt\u0173 antrin\u0119 infliacijos bang\u0105, kurios ECB siekia bet kokia kaina i\u0161vengti.<\/p>\n<p>Taip pat stebimas darbo u\u017emokes\u010dio augimas euro zonoje. Jei atlyginimai kils spar\u010diau nei darbo na\u0161umas, tai gali sukurti papildom\u0105 spaudim\u0105 kainoms, ypa\u010d paslaug\u0173 sektoriuje. Tokiu atveju ECB valdan\u010dioji taryba gali pasirinkti \u201epalaukime ir pamatysime\u201c strategij\u0105, atid\u0117dama pal\u016bkan\u0173 ma\u017einim\u0105 rudeniui. Galutinis verdiktas paai\u0161k\u0117s bir\u017eelio 4 d. popiet\u0119, i\u0161kart po ECB tarybos pos\u0117d\u017eio Frankfurte.<\/p>\n<p style=\"text-align: right; font-style: italic; font-size: 0.9em;\">\u0160altinis: <a href=\"https:\/\/www.ecb.europa.eu\/press\/calendars\/mgc\/html\/index.en.html\" target=\"_blank\" rel=\"noopener noreferrer nofollow\">European Central Bank<\/a><\/p>\n<p>                                Kontekstas ir veiksmai<br \/>\n                                Apie straipsn\u012f<\/p>\n<p>                                Prane\u0161ti<br \/>\n                                Dalintis<\/p>\n<p>                    \u0160altinis ir patikra<br \/>\n                    Prognoz\u0117s pagrindas<\/p>\n<p>Analiz\u0117 remiasi oficialiu ECB 2026 m. pos\u0117d\u017ei\u0173 kalendoriumi ir dabartin\u0117mis makroekonomin\u0117mis prognoz\u0117mis.<\/p>\n<p>Patikros<\/p>\n<ul class=\"mt-1 grid gap-1 text-xs font-bold text-gray-700\">\n<li>ECB bir\u017eelio 4 d. pos\u0117dis yra patvirtintas oficialiame kalendoriuje<\/li>\n<li>Infliacijos duomenys atitinka Eurostato 2026 m. prad\u017eios tendencijas<\/li>\n<li>Paskol\u0173 \u012fmok\u0173 skai\u010diavimai pagr\u012fsti standartine anuiteto formule<\/li>\n<\/ul>\n<dl class=\"grid shrink-0 gap-1 text-xs font-black uppercase tracking-wider text-gray-500\">\n<p><dt>\u0160altinis<\/dt>\n<dd class=\"text-gray-900\">European Central Bank<\/dd>\n<\/p>\n<p><dt>Apr\u0117ptis<\/dt>\n<dd class=\"text-gray-900\">Lietuva<\/dd>\n<\/p>\n<p><dt>Atnaujinta<\/dt>\n<dd class=\"text-gray-900\">2026-05-21 13:54<\/dd>\n<\/p>\n<\/dl>\n<p>        Prane\u0161ti<\/p>\n<p>                        Straipsnio kontekstasAsmenys ir temos#6<\/p>\n","protected":false},"excerpt":{"rendered":"Lukas Adomaitis Autorius 2026-05-21 13:54 3 min. skaitymo Reklama 2026 m. bir\u017eelio 4 d. Europos Centrinis Bankas (ECB)&hellip;\n","protected":false},"author":2,"featured_media":183628,"comment_status":"","ping_status":"","sticky":false,"template":"","format":"standard","meta":{"footnotes":"","_share_on_mastodon":"0"},"categories":[17],"tags":[81,6670,1761,6821,8993,1768,37,39,36,38,40,3360,46],"class_list":["post-183627","post","type-post","status-publish","format-standard","has-post-thumbnail","category-verslas","tag-business","tag-busto-paskolos","tag-ecb","tag-euribor","tag-gediminas-simkus","tag-infliacija","tag-lietuva","tag-lietuviu","tag-lithuania","tag-lithuanian","tag-lt","tag-palukanu-normos","tag-verslas"],"share_on_mastodon":{"url":"https:\/\/pubeurope.com\/@lt\/116612263440256364","error":""},"_links":{"self":[{"href":"https:\/\/www.europesays.com\/lt\/wp-json\/wp\/v2\/posts\/183627","targetHints":{"allow":["GET"]}}],"collection":[{"href":"https:\/\/www.europesays.com\/lt\/wp-json\/wp\/v2\/posts"}],"about":[{"href":"https:\/\/www.europesays.com\/lt\/wp-json\/wp\/v2\/types\/post"}],"author":[{"embeddable":true,"href":"https:\/\/www.europesays.com\/lt\/wp-json\/wp\/v2\/users\/2"}],"replies":[{"embeddable":true,"href":"https:\/\/www.europesays.com\/lt\/wp-json\/wp\/v2\/comments?post=183627"}],"version-history":[{"count":0,"href":"https:\/\/www.europesays.com\/lt\/wp-json\/wp\/v2\/posts\/183627\/revisions"}],"wp:featuredmedia":[{"embeddable":true,"href":"https:\/\/www.europesays.com\/lt\/wp-json\/wp\/v2\/media\/183628"}],"wp:attachment":[{"href":"https:\/\/www.europesays.com\/lt\/wp-json\/wp\/v2\/media?parent=183627"}],"wp:term":[{"taxonomy":"category","embeddable":true,"href":"https:\/\/www.europesays.com\/lt\/wp-json\/wp\/v2\/categories?post=183627"},{"taxonomy":"post_tag","embeddable":true,"href":"https:\/\/www.europesays.com\/lt\/wp-json\/wp\/v2\/tags?post=183627"}],"curies":[{"name":"wp","href":"https:\/\/api.w.org\/{rel}","templated":true}]}}