{"id":18398,"date":"2025-10-15T19:14:20","date_gmt":"2025-10-15T19:14:20","guid":{"rendered":"https:\/\/www.europesays.com\/lt\/18398\/"},"modified":"2025-10-15T19:14:20","modified_gmt":"2025-10-15T19:14:20","slug":"tamasuniene-apie-priekaistus-del-partnerystes-socdemai-zinojo-musu-pozicija-respublika-lt","status":"publish","type":"post","link":"https:\/\/www.europesays.com\/lt\/18398\/","title":{"rendered":"Tama\u0161unien\u0117 apie priekai\u0161tus d\u0117l partneryst\u0117s: socdemai \u017einojo m\u016bs\u0173 pozicij\u0105 &#8211; Respublika.lt"},"content":{"rendered":"<p><img loading=\"lazy\" decoding=\"async\" src=\"https:\/\/www.respublika.lt\/lt\/naujienos\/lietuva\/lietuvos_politika\/tamasuniene-apie-priekaistus-del-partnerystes-socdemai-zinojo-musu-pozicija\/images\/ico_camera_white.gif\" class=\"camera\" width=\"22\" height=\"15\" alt=\"nuotr.\" style=\"position:relative; top:-2px; right:2px;\"\/> 1 nuotr.<\/p>\n<p>Rita Tama\u0161unien\u0117. Eltos nuotr.<\/p>\n<p style=\"text-align: justify;\" class=\"desktop_banner\">\u00a0<\/p>\n<p style=\"text-align: left;\">\u00a0<\/p>\n<p style=\"text-align: left;\">\u201eTeism\u0173 sprendimai, vis\u0173 lygi\u0173 teism\u0173 sprendimai yra tam, kad (juos \u2013 ELTA) vykdyti. Kaip \u012fvykdyti? Tai yra jau kita klausimo dalis. Ir man atrodo, socialdemokratai netur\u0117t\u0173 dabar klausim\u0105 taip kelti tod\u0117l, kad jie i\u0161 pat prad\u017ei\u0173, pasikviet\u0119 Lietuvos valstie\u010di\u0173 \u017eali\u0173j\u0173 ir Krik\u0161\u010dioni\u0161k\u0173 \u0161eim\u0173 s\u0105jungos frakcij\u0105 \u012f koalicij\u0105, \u017einojo m\u016bs\u0173 pozicij\u0105 (d\u0117l tos pa\u010dios lyties asmen\u0173 partneryst\u0117s \u2013 ELTA). D\u0117l to yra gim\u0119s priedas prie koalicin\u0117s sutarties, kur vertybiniais klausimais m\u016bs\u0173 palaikymas, balsavimas, darbai nebus tokie, koki\u0173 nor\u0117t\u0173 socialdemokratai. Tos s\u0105lygos jiems tiko. Man atrodo, mes labai ai\u0161kiai t\u0105 artikuliavome\u201c, \u2013 LRT radijui tre\u010diadien\u012f d\u0117st\u0117 R. Tama\u0161unien\u0117.<\/p>\n<p style=\"text-align: left;\">Ministr\u0117 teig\u0117, kad jos pozicija d\u0117l partneryst\u0117s klausimo nesikei\u010dia \u2013 ji si\u016blyt\u0173 imtis anks\u010diau Seimui teikto Artimo ry\u0161io \u012fstatymo projekto. Taip pat, pasak R. Tama\u0161unien\u0117s, svarstant, kaip \u012fgyvendinti KT nutarim\u0105 d\u0117l partneryst\u0117s, galvojama ir apie potencialus Civilinio kodekso pakeitimus.<\/p>\n<p style=\"text-align: left;\">\u201eViena alternatyva yra \u0161itas \u012fstatymo projektas (Artimo ry\u0161io \u012fstatymas \u2013 ELTA) ir galimyb\u0117 j\u012f tobulinti. Taip pat galvojama, kad ir per Civilinio kodekso pataisas gal\u0117tume paie\u0161koti to sprendimo\u201c, \u2013 kalb\u0117jo R. Tama\u0161unien\u0117.<\/p>\n<p style=\"text-align: left;\">Anot jos, nereik\u0117t\u0173 atmesti, kad vienas ar kitas \u012fstatymo projektas, siekiant \u012fgyvendinti KT nutarim\u0105 d\u0117l partneryst\u0117s, gal\u0117t\u0173 gimti ir parlamente.\u00a0<\/p>\n<p style=\"text-align: left;\">\u201eIr Seimo nariai, ir Seimo komitetai turi teis\u0117k\u016bros teis\u0119 ir galb\u016bt tie \u012fstatymo projektai ateis kitokie, labiau liberal\u016bs. (&#8230;) Koks bus j\u0173 turinys, a\u0161 negaliu pasakyti. Bet reikia pripa\u017einti, kad ir socialdemokratai, ir liberalai meta dabar akmen\u012f \u012f Teisingumo ministerij\u0105, bet per tiek laiko, per buvusias kadencijas visus ketverius metus, kur buvo dvi liberalios frakcijos vald\u017eioje, nebuvo priimtas nei partneryst\u0117s \u012fstatymas, nei kiti jiems svarb\u016bs teis\u0117s aktais. Tai, pirmiausia, reikia prisiimti atsakomyb\u0119 sau, nes nebuvo palaikymo\u201c, \u2013 d\u0117st\u0117 R. Tama\u0161unien\u0117.\u00a0<\/p>\n<p style=\"text-align: left;\">Steb\u0117josi kritika viceministrei<\/p>\n<p style=\"text-align: left;\">R. Tama\u0161unien\u0117 nesl\u0117p\u0117 nuostabos ir d\u0117l priekai\u0161t\u0173 teisingumo viceministrei Kristinai Zamarytei-Sakavi\u010dienei, kuri pagars\u0117jo pasisakymais prie\u0161 vienalytes\u00a0partnerystes.<\/p>\n<p style=\"text-align: left;\">Anot jos, d\u0117l \u017emogaus religini\u0173 ar kitoki\u0173 \u012fsitikinim\u0173 netur\u0117t\u0173 b\u016bti kvestionuojamos jo galimyb\u0117s u\u017eimti vienokias ar kitokias pareigas.\u00a0<\/p>\n<p style=\"text-align: left;\">\u201eMan atrodo, mes gyvename demokratin\u0117je valstyb\u0117je ir Konstitucija garantuoja, kad \u017emogus gali (\u2026) naudotis teise tur\u0117ti \u012fsitikinimus\u201c, \u2013 ai\u0161kino ministr\u0117.<\/p>\n<p style=\"text-align: left;\">R. Tama\u0161unien\u0117 akcentavo, kad ministerija dirba komandoje, tad es\u0105 viceministr\u0117 savo darbe nesivadovaus vien asmeniniais \u012fsitikinimais.<\/p>\n<p style=\"text-align: left;\">\u201eJos (K. Zamaryt\u0117s-Sakavi\u010dien\u0117s \u2013 ELTA) komentaras buvo ai\u0161kus \u2013 mes dirbame komandoje, mes priimame bendrus sprendimus ir n\u0117ra, kad viceministras savo \u012fsitikinimus bandys realizuoti per ministerijos darb\u0105\u201c, \u2013 d\u0117st\u0117 LLRA-K\u0160S atstov\u0117.\u00a0<\/p>\n<p style=\"text-align: left;\">ELTA primena, kad Seimo Teis\u0117s ir teis\u0117tvarkos komiteto (TTK) pirmininkas Julius Sabatauskas abejoja, ar pasisakymais prie\u0161 vienalytes partnerystes pagars\u0117jusi K. Zamaryt\u0117-Sakavi\u010dien\u0117 yra tinkama eiti teisingumo viceministr\u0117s pareigas.\u00a0<\/p>\n<p style=\"text-align: left;\">Pasak parlamentaro, kyla did\u017eiul\u0117 abejon\u0117, ar Teisingumo ministerija, kurioje dirba partneryst\u0117s prie\u0161inink\u0117, parengs \u012fstatymo projekt\u0105, kuriuo b\u016bt\u0173 \u012fgyvendintas KT nutarimas d\u0117l por\u0173 gyvenimo ne santuokoje.\u00a0<\/p>\n<p style=\"text-align: left;\">TTK pirmininkas pabr\u0117\u017e\u0117, kad premjerei Ingai Ruginienei teks reikalauti i\u0161 Teisingumo ministerijos, jog \u0161i parengt\u0173 partneryst\u0117s \u012fstatymo projekt\u0105.\u00a0<\/p>\n<p style=\"text-align: left;\">Premjer\u0117 I. Ruginien\u0117 anks\u010diau parei\u0161k\u0117 \u2013 jeigu Teisingumo ministerija nepateiks partneryst\u0119 reglamentuojan\u010dio \u012fstatymo projekto, jis gal\u0117t\u0173 b\u016bti pateiktas Seimui kitu b\u016bdu.<\/p>\n<p style=\"text-align: left;\">Baland\u012f KT nusprend\u0117, jog tai, kad Lietuvoje n\u0117ra \u012fteisinta tos pa\u010dios lyties asmen\u0173 partneryst\u0117, prie\u0161tarauja pagrindiniam valstyb\u0117s \u012fstatymui. KT taip pat prie\u0161taraujan\u010diu Konstitucijai paskelb\u0117 Civilinio kodekso straipsn\u012f, pagal kur\u012f partneryst\u0119 galima sudaryti tik tarp vyro ir moters.<\/p>\n<p style=\"text-align: left;\">\u0160iuo metu Civiliniame kodekse \u012ftvirtintas bendro gyvenimo nesudarius santuokos \u2013 partneryst\u0117s \u2013 institutas, ta\u010diau kartu numatyta, kad partneryst\u0117 tur\u0117t\u0173 b\u016bti reglamentuota atskiru \u012fstatymu. Pastarasis Lietuvoje n\u0117ra priimtas daugiau nei 20 met\u0173. Toki\u0105 situacij\u0105 KT \u012fvertino kaip netoleruotin\u0105 ir diskriminacin\u0119.<\/p>\n","protected":false},"excerpt":{"rendered":"1 nuotr. Rita Tama\u0161unien\u0117. Eltos nuotr. \u00a0 \u00a0 \u201eTeism\u0173 sprendimai, vis\u0173 lygi\u0173 teism\u0173 sprendimai yra tam, kad (juos&hellip;\n","protected":false},"author":2,"featured_media":18399,"comment_status":"","ping_status":"","sticky":false,"template":"","format":"standard","meta":{"footnotes":""},"categories":[13],"tags":[25,30,31,34,35,24,32,33,37,39,36,38,6103,40,23,22,6102,28,29,2170,3356,26,27],"class_list":{"0":"post-18398","1":"post","2":"type-post","3":"status-publish","4":"format-standard","5":"has-post-thumbnail","7":"category-lietuva","8":"tag-antrastes","9":"tag-breaking-news","10":"tag-breakingnews","11":"tag-featured-news","12":"tag-featurednews","13":"tag-headlines","14":"tag-latest-news","15":"tag-latestnews","16":"tag-lietuva","17":"tag-lietuviu","18":"tag-lithuania","19":"tag-lithuanian","20":"tag-llra-kss","21":"tag-lt","22":"tag-naujienos","23":"tag-news","24":"tag-partnerystes","25":"tag-populiariausios-naujienos","26":"tag-populiariausiosnaujienos","27":"tag-socialdemokratai","28":"tag-tamasuniene","29":"tag-top-stories","30":"tag-topstories"},"share_on_mastodon":{"url":"","error":""},"_links":{"self":[{"href":"https:\/\/www.europesays.com\/lt\/wp-json\/wp\/v2\/posts\/18398","targetHints":{"allow":["GET"]}}],"collection":[{"href":"https:\/\/www.europesays.com\/lt\/wp-json\/wp\/v2\/posts"}],"about":[{"href":"https:\/\/www.europesays.com\/lt\/wp-json\/wp\/v2\/types\/post"}],"author":[{"embeddable":true,"href":"https:\/\/www.europesays.com\/lt\/wp-json\/wp\/v2\/users\/2"}],"replies":[{"embeddable":true,"href":"https:\/\/www.europesays.com\/lt\/wp-json\/wp\/v2\/comments?post=18398"}],"version-history":[{"count":0,"href":"https:\/\/www.europesays.com\/lt\/wp-json\/wp\/v2\/posts\/18398\/revisions"}],"wp:featuredmedia":[{"embeddable":true,"href":"https:\/\/www.europesays.com\/lt\/wp-json\/wp\/v2\/media\/18399"}],"wp:attachment":[{"href":"https:\/\/www.europesays.com\/lt\/wp-json\/wp\/v2\/media?parent=18398"}],"wp:term":[{"taxonomy":"category","embeddable":true,"href":"https:\/\/www.europesays.com\/lt\/wp-json\/wp\/v2\/categories?post=18398"},{"taxonomy":"post_tag","embeddable":true,"href":"https:\/\/www.europesays.com\/lt\/wp-json\/wp\/v2\/tags?post=18398"}],"curies":[{"name":"wp","href":"https:\/\/api.w.org\/{rel}","templated":true}]}}