{"id":184044,"date":"2026-05-21T18:37:37","date_gmt":"2026-05-21T18:37:37","guid":{"rendered":"https:\/\/www.europesays.com\/lt\/184044\/"},"modified":"2026-05-21T18:37:37","modified_gmt":"2026-05-21T18:37:37","slug":"esame-vos-antri-europoje-tesla-gavo-leidima-kuris-pakeis-eisma-lietuvos-gatvese-madeinvilnius-lt","status":"publish","type":"post","link":"https:\/\/www.europesays.com\/lt\/184044\/","title":{"rendered":"Esame vos antri Europoje: \u201eTesla\u201c gavo leidim\u0105, kuris pakeis eism\u0105 Lietuvos gatv\u0117se &#8211; MadeinVilnius.lt"},"content":{"rendered":"<ol>\n<li><a href=\"https:\/\/news.google.com\/rss\/articles\/CBMiuAFBVV95cUxPal9pRmJKeWMyMFBUaER6WnNlS3FkSjVGOGtMMlRLQ0ZvX0VCWGR5UnN0bWxTaHgwTFlwNlRrOHBOdXBXOW44NnNqSTVqdHNIc0NDQ3E2VURxMmt6ci0yQkctYmZmTVotRHpEcUdobDlYOUVZbDA2QVNJWmVBNkE0ZU9nXzZoUUZnVE5nMWlMaHBXWE1tbUs4TkNaamY3VWs3ODVmenBJRlFkMHJ6SENqekUtVGY0SXJS?oc=5\" target=\"_blank\" rel=\"nofollow noopener\">Esame vos antri Europoje: \u201eTesla\u201c gavo leidim\u0105, kuris pakeis eism\u0105 Lietuvos gatv\u0117se<\/a>&nbsp;&nbsp;MadeinVilnius.lt<\/li>\n<li><a href=\"https:\/\/news.google.com\/rss\/articles\/CBMi3AFBVV95cUxPOGNiVG1QdmVsdHJxbWpGRFRoSG50eVVSTDFMWFRJYjBmZlZaVjh2dmtIQllqLXZGNzI2dHh2Wmd0NlFSdHBnaEtlZlNJaTRzT2hqak1jRjhnejkzVURfYjNfUWZWRXd3ZE5RbUZUU0pOX1hnSUxMbk9CWFBLdlVZVi1aenRia1NkRC1mUjBJeUxvX3N0bVZHRVhwdjhhNVF4ZkM3Z3d0TUxxTVZJakJ2T0RRdEloOHNDNHI2c296YTVSdzQzajQyRHJ4dTM5bFlPWm9kSWVNUjQwWjNJ?oc=5\" target=\"_blank\" rel=\"nofollow noopener\">Lietuvoje \u2013 istorinis pokytis: automobiliai keliuose nuo \u0161iol gali vairuoti patys<\/a>&nbsp;&nbsp;Lrytas<\/li>\n<li><a href=\"https:\/\/news.google.com\/rss\/articles\/CBMi0wFBVV95cUxQTkFONFBCVUhlSXhIbEhlZUdwVVNtVVBjZTlMOWFxU2YyS2FDT1J4NHZLZWhxTFRDQUlHbVhCOHI1STY0UmN5aXllNk0tWEoyTHVxam14MnFrSm5md2VSbG5vWU9SV2F1OUJWYnAxVWpkamNlYjNtYzdCYzU0U3EtdWdpMF9jQmZQRUxkdUYtSlNsYmNaOWdpOEFXYmcyR3lyTEs4WmZLaXR5OEJXVTZtdDFLMjRtcE9vWjJGaHh3d21icmduck9JNVhfc01hTFk4RDdJ?oc=5\" target=\"_blank\" rel=\"nofollow noopener\">Ministerija: \u0161alyje jau galima va\u017eiuoti i\u0161 dalies autonominiais automobiliais<\/a>&nbsp;&nbsp;15min.lt<\/li>\n<li><a href=\"https:\/\/news.google.com\/rss\/articles\/CBMinAFBVV95cUxPQThCYk5NUmRpb2M0anAxcms4Nkd2YnhFNlNzVENPWHZrUWxJbTdjQUVIQkZrUjNJNk4yVldKOXlidTJjaGdlOWFrRzZEeHdZM0p1cy1ZNExrU3lISVJ2QWUxQW9ka053R1FXUnhJYzFfX3M1cmhzZnVuOTlHNVVhWlVWVUVKVTRoZDdSX0FOVERsV3N1S1FCdWJkQlM?oc=5\" target=\"_blank\" rel=\"nofollow noopener\">Antroji \u0161alis ES: \u201eTesla\u201c Lietuvoje pristato visi\u0161kai savaeig\u012f automobil\u012f<\/a>&nbsp;&nbsp;F-1.LT<\/li>\n<li><a href=\"https:\/\/news.google.com\/rss\/articles\/CBMiugFBVV95cUxPY2ZtZ3ZySUNfZnN2SGs2cm5rMTdPVTRsSzV1blFsaUpjTUR3R1hwd3p1dVVsbWtfZ3VLLXhieVl6RFNKcHNIZzU4Sk9MR1ItMERIRGkyVjR6UzI5VGt0Z2hqeWhNV3ZieFpGb0ltcUJvdlJfV2wzekNxd2ZkMmctNktkV0RYSG5JWnRFMURRWXozRXotWUVXcjA2MVhNLThUUDJaQWpVNmdGdnhEeE5lTmxfQURIRW1ubmc?oc=5\" target=\"_blank\" rel=\"nofollow noopener\">Baltijos \u0161alys sutar\u0117 kartu pl\u0117toti autonomin\u012f transport\u0105<\/a>&nbsp;&nbsp;Kauno diena<\/li>\n<\/ol>\n","protected":false},"excerpt":{"rendered":"Esame vos antri Europoje: \u201eTesla\u201c gavo leidim\u0105, kuris pakeis eism\u0105 Lietuvos gatv\u0117se&nbsp;&nbsp;MadeinVilnius.lt Lietuvoje \u2013 istorinis pokytis: automobiliai keliuose&hellip;\n","protected":false},"author":2,"featured_media":184045,"comment_status":"","ping_status":"","sticky":false,"template":"","format":"standard","meta":{"footnotes":"","_share_on_mastodon":"0"},"categories":[6],"tags":[1301,25,30,31,34,35,24,32,33,37,39,36,38,40,65,23,22,28,29,26,27],"class_list":["post-184044","post","type-post","status-publish","format-standard","has-post-thumbnail","category-antrastes","tag-tesla","tag-antrastes","tag-breaking-news","tag-breakingnews","tag-featured-news","tag-featurednews","tag-headlines","tag-latest-news","tag-latestnews","tag-lietuva","tag-lietuviu","tag-lithuania","tag-lithuanian","tag-lt","tag-naujiena","tag-naujienos","tag-news","tag-populiariausios-naujienos","tag-populiariausiosnaujienos","tag-top-stories","tag-topstories"],"share_on_mastodon":{"url":"https:\/\/pubeurope.com\/@lt\/116614020746632786","error":""},"_links":{"self":[{"href":"https:\/\/www.europesays.com\/lt\/wp-json\/wp\/v2\/posts\/184044","targetHints":{"allow":["GET"]}}],"collection":[{"href":"https:\/\/www.europesays.com\/lt\/wp-json\/wp\/v2\/posts"}],"about":[{"href":"https:\/\/www.europesays.com\/lt\/wp-json\/wp\/v2\/types\/post"}],"author":[{"embeddable":true,"href":"https:\/\/www.europesays.com\/lt\/wp-json\/wp\/v2\/users\/2"}],"replies":[{"embeddable":true,"href":"https:\/\/www.europesays.com\/lt\/wp-json\/wp\/v2\/comments?post=184044"}],"version-history":[{"count":0,"href":"https:\/\/www.europesays.com\/lt\/wp-json\/wp\/v2\/posts\/184044\/revisions"}],"wp:featuredmedia":[{"embeddable":true,"href":"https:\/\/www.europesays.com\/lt\/wp-json\/wp\/v2\/media\/184045"}],"wp:attachment":[{"href":"https:\/\/www.europesays.com\/lt\/wp-json\/wp\/v2\/media?parent=184044"}],"wp:term":[{"taxonomy":"category","embeddable":true,"href":"https:\/\/www.europesays.com\/lt\/wp-json\/wp\/v2\/categories?post=184044"},{"taxonomy":"post_tag","embeddable":true,"href":"https:\/\/www.europesays.com\/lt\/wp-json\/wp\/v2\/tags?post=184044"}],"curies":[{"name":"wp","href":"https:\/\/api.w.org\/{rel}","templated":true}]}}