{"id":184112,"date":"2026-05-21T20:18:11","date_gmt":"2026-05-21T20:18:11","guid":{"rendered":"https:\/\/www.europesays.com\/lt\/184112\/"},"modified":"2026-05-21T20:18:11","modified_gmt":"2026-05-21T20:18:11","slug":"ukraina-sunaikino-rusijos-fsb-staba-okupuotoje-chersono-srityje","status":"publish","type":"post","link":"https:\/\/www.europesays.com\/lt\/184112\/","title":{"rendered":"Ukraina sunaikino Rusijos FSB \u0161tab\u0105 okupuotoje Chersono srityje"},"content":{"rendered":"<p>Per operacij\u0105 Rusija neteko apie 100 kari\u0173: dalis j\u0173 \u017euvo, dalis buvo su\u017eeisti.<\/p>\n<p>Apie tai prane\u0161\u0117 \u017eurnalist\u0117 Kateryna Zakharchenko 2026 m. gegu\u017e\u0117s 21 d.<\/p>\n<p><a rel=\"noopener nofollow\" target=\"_blank\" href=\"https:\/\/www.delfi.lt\/temos\/ukraina\" tag-id=\"21801988\">Ukrainos<\/a> dronai smog\u0117 Rusijos Federalin\u0117s saugumo tarnybos (FSB) \u0161tabui u\u017eimtoje <a rel=\"noopener nofollow\" target=\"_blank\" href=\"https:\/\/www.delfi.lt\/temos\/chersonas\" tag-id=\"90504971\">Chersono<\/a> srities dalyje, prane\u0161\u0117 Ukrainos prezidentas.<\/p>\n<p>Pasak jo \u012fra\u0161o \u201eTelegram\u201c kanale, sm\u016bgis ketvirtadien\u012f suk\u0117l\u0117 apie 100 nuostoli\u0173 Rusijos paj\u0117goms \u2013 tarp j\u0173 \u017euvusieji ir su\u017eeistieji. Taikiniu tapo Heni\u010deskos Hirkos gyvenviet\u0117 netoli Azovo j\u016bros pakrant\u0117s.<\/p>\n<p>Atak\u0105 sureng\u0117 Ukrainos saugumo tarnybos (SBU) Speciali\u0173j\u0173 operacij\u0173 centro \u201eA\u201c paj\u0117gos.<\/p>\n<p>\u201eM\u016bs\u0173 laikinai okupuotoje teritorijoje buvo smogta Rusijos FSB karinink\u0173 \u0161tabui ir sunaikinta oro gynybos sistema \u201ePancir-S1\u201c, \u2013 parei\u0161k\u0117 V. Zelenskis.<\/p>\n<p>\u201ePancir-S1\u201c \u2013 tai Rusijos savaeig\u0117 zenitin\u0117 raket\u0173 ir prie\u0161l\u0117ktuvin\u0117s artilerijos sistema, naudojama kariniams ir strateginiams objektams apsaugoti nuo l\u0117ktuv\u0173, dron\u0173 ir raket\u0173.<\/p>\n<p>\u201eRusai turi pajusti, kad jie privalo u\u017ebaigti \u0161\u012f kar\u0105. Ukrainos vidutinio ir ilgojo nuotolio sankcijos ir toliau veiks\u201c, \u2013 sak\u0117 V. Zelenskis.<\/p>\n","protected":false},"excerpt":{"rendered":"Per operacij\u0105 Rusija neteko apie 100 kari\u0173: dalis j\u0173 \u017euvo, dalis buvo su\u017eeisti. Apie tai prane\u0161\u0117 \u017eurnalist\u0117 Kateryna&hellip;\n","protected":false},"author":2,"featured_media":184113,"comment_status":"","ping_status":"","sticky":false,"template":"","format":"standard","meta":{"footnotes":"","_share_on_mastodon":"0"},"categories":[15],"tags":[25,30,31,16407,34,35,24,121,32,33,37,39,36,38,40,23,22,44,28,29,26,27,360,74,75,76],"class_list":["post-184112","post","type-post","status-publish","format-standard","has-post-thumbnail","category-pasaulis","tag-antrastes","tag-breaking-news","tag-breakingnews","tag-chersonas","tag-featured-news","tag-featurednews","tag-headlines","tag-karas-ukrainoje","tag-latest-news","tag-latestnews","tag-lietuva","tag-lietuviu","tag-lithuania","tag-lithuanian","tag-lt","tag-naujienos","tag-news","tag-pasaulis","tag-populiariausios-naujienos","tag-populiariausiosnaujienos","tag-top-stories","tag-topstories","tag-ukraina","tag-world","tag-world-news","tag-worldnews"],"share_on_mastodon":{"url":"https:\/\/pubeurope.com\/@lt\/116614417775861392","error":""},"_links":{"self":[{"href":"https:\/\/www.europesays.com\/lt\/wp-json\/wp\/v2\/posts\/184112","targetHints":{"allow":["GET"]}}],"collection":[{"href":"https:\/\/www.europesays.com\/lt\/wp-json\/wp\/v2\/posts"}],"about":[{"href":"https:\/\/www.europesays.com\/lt\/wp-json\/wp\/v2\/types\/post"}],"author":[{"embeddable":true,"href":"https:\/\/www.europesays.com\/lt\/wp-json\/wp\/v2\/users\/2"}],"replies":[{"embeddable":true,"href":"https:\/\/www.europesays.com\/lt\/wp-json\/wp\/v2\/comments?post=184112"}],"version-history":[{"count":0,"href":"https:\/\/www.europesays.com\/lt\/wp-json\/wp\/v2\/posts\/184112\/revisions"}],"wp:featuredmedia":[{"embeddable":true,"href":"https:\/\/www.europesays.com\/lt\/wp-json\/wp\/v2\/media\/184113"}],"wp:attachment":[{"href":"https:\/\/www.europesays.com\/lt\/wp-json\/wp\/v2\/media?parent=184112"}],"wp:term":[{"taxonomy":"category","embeddable":true,"href":"https:\/\/www.europesays.com\/lt\/wp-json\/wp\/v2\/categories?post=184112"},{"taxonomy":"post_tag","embeddable":true,"href":"https:\/\/www.europesays.com\/lt\/wp-json\/wp\/v2\/tags?post=184112"}],"curies":[{"name":"wp","href":"https:\/\/api.w.org\/{rel}","templated":true}]}}