{"id":184323,"date":"2026-05-22T06:23:25","date_gmt":"2026-05-22T06:23:25","guid":{"rendered":"https:\/\/www.europesays.com\/lt\/184323\/"},"modified":"2026-05-22T06:23:25","modified_gmt":"2026-05-22T06:23:25","slug":"skambantis-spalvu-miestas-kviecia-visa-seima-i-alytaus-miesto-soda","status":"publish","type":"post","link":"https:\/\/www.europesays.com\/lt\/184323\/","title":{"rendered":"\u201eSkambantis spalv\u0173 miestas\u201c kvie\u010dia vis\u0105 \u0161eim\u0105 \u012f Alytaus miesto sod\u0105"},"content":{"rendered":"<p>Klausykite Jums patogiu metu \u2013 prenumeruokite podcast\u2019\u0105:<\/p>\n<p>Gegu\u017e\u0117s 30 dien\u0105, \u0161e\u0161tadien\u012f, 11 valand\u0105 Alytaus miesto parke prie Dail\u0117s mokyklos vyks jau XXIII men\u0173 \u0161vent\u0117 vaikams \u201eSkambantis spalv\u0173 miestas\u201c. Organizatoriai kvie\u010dia ma\u017euosius alyti\u0161kius ir j\u0173 \u0161eimas kartu kurti ypating\u0105 Vaik\u0173 svajoni\u0173 miest\u0105, kupin\u0105 muzikos, spalv\u0173, k\u016brybos ir nuotyki\u0173.<\/p>\n<p><a href=\"https:\/\/fm99.ams3.digitaloceanspaces.com\/wp-content\/uploads\/2026\/05\/21132842\/IMG_6129-scaled.jpeg\" rel=\"nofollow noopener\" target=\"_blank\"><img loading=\"lazy\" data-lazyloaded=\"1\" decoding=\"async\" width=\"1920\" height=\"1440\" data-id=\"247531\" src=\"https:\/\/www.europesays.com\/lt\/wp-content\/uploads\/2026\/05\/IMG_6129-1920x1440.jpeg\" alt=\"\" class=\"wp-image-247531\" data-fancybox=\"\"  data-\/><\/a><a href=\"https:\/\/fm99.ams3.digitaloceanspaces.com\/wp-content\/uploads\/2026\/05\/21132839\/IMG_6132-scaled.jpeg\" rel=\"nofollow noopener\" target=\"_blank\"><img loading=\"lazy\" data-lazyloaded=\"1\" decoding=\"async\" width=\"1920\" height=\"1440\" data-id=\"247532\" src=\"https:\/\/www.europesays.com\/lt\/wp-content\/uploads\/2026\/05\/IMG_6132-1920x1440.jpeg\" alt=\"\" class=\"wp-image-247532\" data-fancybox=\"\"  data-\/><\/a><a href=\"https:\/\/fm99.ams3.digitaloceanspaces.com\/wp-content\/uploads\/2026\/05\/21132929\/IMG_6151-scaled.jpeg\" rel=\"nofollow noopener\" target=\"_blank\"><img loading=\"lazy\" data-lazyloaded=\"1\" decoding=\"async\" width=\"1440\" height=\"1920\" data-id=\"247539\" src=\"https:\/\/www.europesays.com\/lt\/wp-content\/uploads\/2026\/05\/IMG_6151-1440x1920.jpeg\" alt=\"\" class=\"wp-image-247539\" data-fancybox=\"\"  data-\/><\/a><a href=\"https:\/\/fm99.ams3.digitaloceanspaces.com\/wp-content\/uploads\/2026\/05\/21132850\/IMG_6144-scaled.jpeg\" rel=\"nofollow noopener\" target=\"_blank\"><img data-lazyloaded=\"1\" loading=\"lazy\" decoding=\"async\" width=\"1920\" height=\"1440\" data-id=\"247534\" src=\"https:\/\/www.europesays.com\/lt\/wp-content\/uploads\/2026\/05\/IMG_6144-1920x1440.jpeg\" alt=\"\" class=\"wp-image-247534\" data-fancybox=\"\"  data-\/><\/a><\/p>\n<p>Jeigu oras nelepins ir lis lietus, renginys persikels \u012f Alytaus jaunimo centr\u0105 (Tvirtov\u0117s g. 3). \u0160vent\u0119 ves vaikams puikiai pa\u017e\u012fstama ir mylima PEL\u0116DA \u2013 aktor\u0117 Egl\u0117 Ju\u0161kait\u0117.<\/p>\n<p><a href=\"https:\/\/www.europesays.com\/lt\/wp-content\/uploads\/2026\/05\/inter-ssm-2026-jpg.jpg\"><img data-lazyloaded=\"1\" loading=\"lazy\" decoding=\"async\" width=\"1201\" height=\"629\" src=\"https:\/\/www.europesays.com\/lt\/wp-content\/uploads\/2026\/05\/inter-ssm-2026-jpg.jpg\" alt=\"\" class=\"wp-image-247508\" data-fancybox=\"\"  data-\/><\/a>Muzika, \u0161okiai ir galimyb\u0117 tapti orkestro dalimi<\/p>\n<p>Muzikos, \u0161okio ir sporto aik\u0161t\u0117je vis\u0105 dien\u0105 skamb\u0117s gyva muzika. \u010cia koncertuos Alytaus muzikos mokyklos jaunieji atlik\u0117jai \u2013 instrumentiniai ansambliai, pristatysiantys \u012fvairius styginius, medinius ir varinius pu\u010diamuosius instrumentus bei akordeon\u0173 ansambl\u012f.<\/p>\n<p><a href=\"https:\/\/fm99.ams3.digitaloceanspaces.com\/wp-content\/uploads\/2026\/05\/21132852\/cid_6FF1F912-0D0E-4CCF-AD70-9D5C5D9077B8.jpg\" rel=\"nofollow noopener\" target=\"_blank\"><img data-lazyloaded=\"1\" loading=\"lazy\" decoding=\"async\" width=\"1920\" height=\"864\" data-id=\"247535\" src=\"https:\/\/www.europesays.com\/lt\/wp-content\/uploads\/2026\/05\/cid_6FF1F912-0D0E-4CCF-AD70-9D5C5D9077B8-1920x864.jpg\" alt=\"\" class=\"wp-image-247535\" data-fancybox=\"\"  data-\/><\/a><a href=\"https:\/\/fm99.ams3.digitaloceanspaces.com\/wp-content\/uploads\/2026\/05\/21132914\/IMG_6155-scaled.jpeg\" rel=\"nofollow noopener\" target=\"_blank\"><img data-lazyloaded=\"1\" loading=\"lazy\" decoding=\"async\" width=\"1920\" height=\"1440\" data-id=\"247536\" src=\"https:\/\/www.europesays.com\/lt\/wp-content\/uploads\/2026\/05\/IMG_6155-1920x1440.jpeg\" alt=\"\" class=\"wp-image-247536\" data-fancybox=\"\"  data-\/><\/a><a href=\"https:\/\/fm99.ams3.digitaloceanspaces.com\/wp-content\/uploads\/2026\/05\/21132914\/IMG_6160-scaled.jpeg\" rel=\"nofollow noopener\" target=\"_blank\"><img data-lazyloaded=\"1\" loading=\"lazy\" decoding=\"async\" width=\"1920\" height=\"1440\" data-id=\"247537\" src=\"https:\/\/www.europesays.com\/lt\/wp-content\/uploads\/2026\/05\/IMG_6160-1920x1440.jpeg\" alt=\"\" class=\"wp-image-247537\" data-fancybox=\"\"  data-\/><\/a><a href=\"https:\/\/fm99.ams3.digitaloceanspaces.com\/wp-content\/uploads\/2026\/05\/21132913\/IMG_6165-scaled.jpeg\" rel=\"nofollow noopener\" target=\"_blank\"><img data-lazyloaded=\"1\" loading=\"lazy\" decoding=\"async\" width=\"1920\" height=\"1440\" data-id=\"247538\" src=\"https:\/\/www.europesays.com\/lt\/wp-content\/uploads\/2026\/05\/IMG_6165-1920x1440.jpeg\" alt=\"\" class=\"wp-image-247538\" data-fancybox=\"\"  data-\/><\/a><\/p>\n<p>Vienu \u012fsp\u016bdingiausi\u0173 \u0161vent\u0117s akcent\u0173 taps simfoninio orkestro \u201eSvajon\u0117\u201c pasirodymas. Ma\u017eieji \u017ei\u016brovai bus kvie\u010diami ne tik klausytis, bet ir patys pab\u016bti orkestro dalimi \u2013 orkestre jiems paruo\u0161ta laisva k\u0117d\u0117 scenoje.<\/p>\n<p>Renginyje taip pat dainuos Alytaus lop\u0161elio-dar\u017eelio \u201e\u0160altin\u0117lis\u201c mi\u0161rus ansamblis bei \u0160altini\u0173 progimnazijos vokalin\u0117s studijos jaunieji dainininkai.<\/p>\n<p>\u0160vent\u0117je netr\u016bks ir judesio \u2013 pasirodys Alytaus jaunimo centro vaik\u0173 jogos studija \u201eAuk\u0161tyn kojom\u201c, o elegancija \u017eav\u0117s baleto studijos \u201eJete\u201c balerinos.<\/p>\n<p><a href=\"https:\/\/fm99.ams3.digitaloceanspaces.com\/wp-content\/uploads\/2025\/08\/29100122\/Vaikai.-Giedriaus-Matulaicio-nuotr.-2.jpg\" rel=\"nofollow noopener\" target=\"_blank\"><img data-lazyloaded=\"1\" loading=\"lazy\" decoding=\"async\" width=\"1920\" height=\"1280\" src=\"https:\/\/www.europesays.com\/lt\/wp-content\/uploads\/2026\/05\/Vaikai.-Giedriaus-Matulaicio-nuotr.-2-1920x1280.jpg\" alt=\"Vaikai. Giedriaus Matulaicio Nuotr. 2\" class=\"wp-image-233286\" data-fancybox=\"\"  data-\/><\/a>Giedriaus Matulai\u010dio nuotr. Dirigento lazdel\u0119 gal\u0117s i\u0161bandyti kiekvienas<\/p>\n<p>Dirigent\u0173 studijoje dirigentas Vytautas Kiminius supa\u017eindins vaikus su partit\u016bra, simfoninio orkestro sud\u0117timi bei muzikant\u0173 i\u0161sid\u0117stymu scenoje. Dr\u0105siausieji tur\u0117s prog\u0105 patys diriguoti tikram orkestrui.<\/p>\n<p>K\u016brybos erdv\u0117s \u2013 nuo tapybos iki molio<\/p>\n<p>Dail\u0117s skvere ma\u017e\u0173j\u0173 lauks molbertai, da\u017eai ir teptukai. Alytaus Dainavos, Panemun\u0117s ir Volung\u0117s progimnazij\u0173, \u0160v. Benedikto gimnazijos bei Alytaus rajono meno ir sporto mokyklos mokytojai ir mokiniai kvies i\u0161bandyti \u012fvairias meno technikas \u2013 tapyb\u0105 ant popieriaus ir \u0161ilko, kartono maketavim\u0105, erdvini\u0173 objekt\u0173 k\u016brim\u0105 bei kitus k\u016brybinius u\u017esi\u0117mimus.<\/p>\n<p>Molio gatvel\u0117je studijos \u201eMolio kerai\u201c dalyviai pad\u0117s kiekvienam nusilipdyti savo svajon\u0119 i\u0161 molio.<\/p>\n<p>Robotai, \u017eenkliukai ir susitikimas su ra\u0161ytoja<\/p>\n<p>Technologij\u0173 m\u0117g\u0117jus vilios Robotikos labirintas, kuriame \u012fsikurs V\u0161\u012e \u201eRobotikos akademija\u201c. \u010cia netr\u016bks zvimbian\u010di\u0173, mirksin\u010di\u0173 ir judan\u010di\u0173 robot\u0173 bei \u012fvairi\u0173 i\u0161mani\u0173j\u0173 \u012frengini\u0173.<\/p>\n<p>Rankdarbi\u0173 prospekte veiks net dvi \u017eenkliuk\u0173 dirbtuv\u0117s. Alytaus Jurgio Kun\u010dino bibliotekos ir Alytaus kra\u0161totyros muziejaus atstov\u0117s pad\u0117s vaikams pasigaminti \u017eenkliukus, netgi su savo vardu.<\/p>\n<p>Ra\u0161ytojos kiemelyje ma\u017e\u0173j\u0173 lauks vaik\u0173 ra\u0161ytoja Loreta Zabalujeva \u2013 \u010dia bus galima ne tik pabendrauti, bet ir kartu skaityti jos knygeles vaikams.<\/p>\n<p>Smali\u017eiai ir \u017eirg\u0173 myl\u0117tojai taip pat ras k\u0105 veikti<\/p>\n<p>\u201eHeroj\u0173 kava\u201c kvies u\u017esukti visus smali\u017eius \u2013 \u010dia gard\u0117siais vai\u0161ins B. Niemcien\u0117s \u012fmon\u0117s darbuotojai.<\/p>\n<p>Tuo tarpu \u017dirg\u0173 rate Ruminos jojimo klubo raiteliai suteiks prog\u0105 pajodin\u0117ti \u017eirgeliu Ferariu bei poniuk\u0117mis Tera ir Keksiuke. Organizatoriai \u017eada ir ypating\u0105 staigmen\u0105 \u2013 poniuk\u0117s pasirodys kaip tikros artist\u0117s.<\/p>\n<p>\u0160vent\u0119 kuria bendruomen\u0117<\/p>\n<p>Renginio organizatoriai pabr\u0117\u017eia, kad \u201eSkambantis spalv\u0173 miestas\u201c \u2013 tai vis\u0173 bendruomen\u0117s nari\u0173 kuriama \u0161vent\u0117. Prie jos prisideda gausus b\u016brys savanori\u0173, padedan\u010di\u0173 \u012frengti k\u016brybines erdves, pasir\u016bpinti ma\u017e\u0173j\u0173 patogumu ir jaukia atmosfera.<\/p>\n<p>\u0160vent\u0117 nemokama ir atvira visiems. Organizatoriai kvie\u010dia \u0161eimas atvykti \u012f Alytaus miesto park\u0105 ir bent vienai dienai kartu sukurti Vaik\u0173 svajoni\u0173 miest\u0105.<\/p>\n","protected":false},"excerpt":{"rendered":"Klausykite Jums patogiu metu \u2013 prenumeruokite podcast\u2019\u0105: Gegu\u017e\u0117s 30 dien\u0105, \u0161e\u0161tadien\u012f, 11 valand\u0105 Alytaus miesto parke prie Dail\u0117s&hellip;\n","protected":false},"author":2,"featured_media":184324,"comment_status":"","ping_status":"","sticky":false,"template":"","format":"standard","meta":{"footnotes":"","_share_on_mastodon":"0"},"categories":[13],"tags":[7005,2550,25,30,31,20505,34,35,7006,24,32,33,37,39,36,38,40,6714,23,22,28,29,26,27,692],"class_list":["post-184323","post","type-post","status-publish","format-standard","has-post-thumbnail","category-lietuva","tag-alytaus-radijas","tag-alytus","tag-antrastes","tag-breaking-news","tag-breakingnews","tag-dainava","tag-featured-news","tag-featurednews","tag-fm99","tag-headlines","tag-latest-news","tag-latestnews","tag-lietuva","tag-lietuviu","tag-lithuania","tag-lithuanian","tag-lt","tag-muzika","tag-naujienos","tag-news","tag-populiariausios-naujienos","tag-populiariausiosnaujienos","tag-top-stories","tag-topstories","tag-vaikai"],"share_on_mastodon":{"url":"https:\/\/pubeurope.com\/@lt\/116616797132103290","error":""},"_links":{"self":[{"href":"https:\/\/www.europesays.com\/lt\/wp-json\/wp\/v2\/posts\/184323","targetHints":{"allow":["GET"]}}],"collection":[{"href":"https:\/\/www.europesays.com\/lt\/wp-json\/wp\/v2\/posts"}],"about":[{"href":"https:\/\/www.europesays.com\/lt\/wp-json\/wp\/v2\/types\/post"}],"author":[{"embeddable":true,"href":"https:\/\/www.europesays.com\/lt\/wp-json\/wp\/v2\/users\/2"}],"replies":[{"embeddable":true,"href":"https:\/\/www.europesays.com\/lt\/wp-json\/wp\/v2\/comments?post=184323"}],"version-history":[{"count":0,"href":"https:\/\/www.europesays.com\/lt\/wp-json\/wp\/v2\/posts\/184323\/revisions"}],"wp:featuredmedia":[{"embeddable":true,"href":"https:\/\/www.europesays.com\/lt\/wp-json\/wp\/v2\/media\/184324"}],"wp:attachment":[{"href":"https:\/\/www.europesays.com\/lt\/wp-json\/wp\/v2\/media?parent=184323"}],"wp:term":[{"taxonomy":"category","embeddable":true,"href":"https:\/\/www.europesays.com\/lt\/wp-json\/wp\/v2\/categories?post=184323"},{"taxonomy":"post_tag","embeddable":true,"href":"https:\/\/www.europesays.com\/lt\/wp-json\/wp\/v2\/tags?post=184323"}],"curies":[{"name":"wp","href":"https:\/\/api.w.org\/{rel}","templated":true}]}}