{"id":18473,"date":"2025-10-15T21:29:20","date_gmt":"2025-10-15T21:29:20","guid":{"rendered":"https:\/\/www.europesays.com\/lt\/18473\/"},"modified":"2025-10-15T21:29:20","modified_gmt":"2025-10-15T21:29:20","slug":"nusluoste-nosi-grandams-maroko-serija-geriausia-per-futbolo-istorija","status":"publish","type":"post","link":"https:\/\/www.europesays.com\/lt\/18473\/","title":{"rendered":"Nu\u0161luo\u0161t\u0117 nos\u012f grandams: Maroko serija &#8211; geriausia per futbolo istorij\u0105"},"content":{"rendered":"<p>Maroko futbolo rinktin\u0117 \u012fsira\u0161\u0117 \u012f istorij\u0105 \u2013 i\u0161kovojusi 16-\u0105j\u0105 pergal\u0119 i\u0161 eil\u0117s, ji tapo nacionalin\u0117s komandos rekordininke pagal laim\u0117t\u0173 rungtyni\u0173 serij\u0105.<\/p>\n<p>\u0160is pasiekimas oficialiai u\u017efiksuotas po minimalios pergal\u0117s 1:0 prie\u0161 Kongo komand\u0105 Rabate, kai Youssefas En-Nesyri 63 minut\u0119 peln\u0117 pergaling\u0105 \u012fvart\u012f. Taip marokie\u010diai u\u017ebaig\u0117 pasaulio \u010dempionato atrankos cikl\u0105 be prarast\u0173 ta\u0161k\u0173, laim\u0117dami visus a\u0161tuonis susitikimus.<\/p>\n<p>Iki \u0161iol rekordas priklaus\u0117 Ispanijos rinktinei, kuri per 2008\u20132009 m. buvo i\u0161kovojusi 15 pergali\u0173 i\u0161 eil\u0117s, jie viena pergale lenk\u0117 brazilus ir pranc\u016bzus. Maroko \u017eyg\u012f prad\u0117jo prie\u0161 daugiau nei metus \u2013 paskutin\u012f kart\u0105 \u0161alies rinktin\u0117 nelaim\u0117jo tik 2024 m. kov\u0105, kai draugi\u0161komis rungtyn\u0117mis su\u017eaid\u0117 lygiosiomis su Mauritanija. Nuo tada rinktin\u0117 laim\u0117jo septynis pasaulio \u010dempionato atrankos ma\u010dus, \u0161e\u0161is Afrikos Taut\u0173 taur\u0117s atrankos susitikimus bei tris draugi\u0161kas rungtynes \u2013 i\u0161 viso per 19 m\u0117nesi\u0173 peln\u0117 50 \u012fvar\u010di\u0173 ir praleido tik keturis.<\/p>\n<p>Maroko laim\u0117jim\u0173 serijoje buvo \u012fveiktos \u012fvairaus kalibro Afrikos rinktin\u0117s, o atrankos grup\u0117je \u201eAtlaso li\u016btai\u201c tapo vienintele komanda, nepraradusia n\u0117 ta\u0161ko. Istorin\u012f rekord\u0105 pasiek\u0117 trenerio Walido Regragui kolektyvas, kuris dabar laikomas vienu pagrindini\u0173 favorit\u0173 art\u0117jan\u010diame Afrikos Taut\u0173 taur\u0117s finale, vyksian\u010diame jau \u0161i\u0173 met\u0173 gruod\u017eio gale.<\/p>\n<p>Marokas \u012frod\u0117, kad Afrikos futbolo vir\u0161\u016bn\u0117je \u012fmanoma \u017eygiuoti ne tik trump\u0105 laik\u0105, bet ir demonstruoti ilgalaik\u012f stabilum\u0105 ir auk\u0161\u010diausio lygio \u017eaidim\u0105 tarptautin\u0117je arenoje.  \u00a0<\/p>\n","protected":false},"excerpt":{"rendered":"Maroko futbolo rinktin\u0117 \u012fsira\u0161\u0117 \u012f istorij\u0105 \u2013 i\u0161kovojusi 16-\u0105j\u0105 pergal\u0119 i\u0161 eil\u0117s, ji tapo nacionalin\u0117s komandos rekordininke pagal&hellip;\n","protected":false},"author":2,"featured_media":18474,"comment_status":"","ping_status":"","sticky":false,"template":"","format":"standard","meta":{"footnotes":""},"categories":[19],"tags":[57,43,55,48,54,51,49,50,37,39,36,38,40,45,23,44,53,42,56,47,112,104,46,58,52],"class_list":{"0":"post-18473","1":"post","2":"type-post","3":"status-publish","4":"format-standard","5":"has-post-thumbnail","7":"category-sportas","8":"tag-daiktai","9":"tag-dienos-kronika","10":"tag-gatves-tekstai","11":"tag-gyvenimas","12":"tag-interneto-pievos","13":"tag-keliones","14":"tag-kultura","15":"tag-laisvalaikis","16":"tag-lietuva","17":"tag-lietuviu","18":"tag-lithuania","19":"tag-lithuanian","20":"tag-lt","21":"tag-mokslas-ir-it","22":"tag-naujienos","23":"tag-pasaulis","24":"tag-projektai","25":"tag-rinktiniai-tekstai","26":"tag-simtmecio-portalas","27":"tag-sportas","28":"tag-sportas-lt","29":"tag-sports","30":"tag-verslas","31":"tag-video","32":"tag-zaidimai"},"share_on_mastodon":{"url":"","error":""},"_links":{"self":[{"href":"https:\/\/www.europesays.com\/lt\/wp-json\/wp\/v2\/posts\/18473","targetHints":{"allow":["GET"]}}],"collection":[{"href":"https:\/\/www.europesays.com\/lt\/wp-json\/wp\/v2\/posts"}],"about":[{"href":"https:\/\/www.europesays.com\/lt\/wp-json\/wp\/v2\/types\/post"}],"author":[{"embeddable":true,"href":"https:\/\/www.europesays.com\/lt\/wp-json\/wp\/v2\/users\/2"}],"replies":[{"embeddable":true,"href":"https:\/\/www.europesays.com\/lt\/wp-json\/wp\/v2\/comments?post=18473"}],"version-history":[{"count":0,"href":"https:\/\/www.europesays.com\/lt\/wp-json\/wp\/v2\/posts\/18473\/revisions"}],"wp:featuredmedia":[{"embeddable":true,"href":"https:\/\/www.europesays.com\/lt\/wp-json\/wp\/v2\/media\/18474"}],"wp:attachment":[{"href":"https:\/\/www.europesays.com\/lt\/wp-json\/wp\/v2\/media?parent=18473"}],"wp:term":[{"taxonomy":"category","embeddable":true,"href":"https:\/\/www.europesays.com\/lt\/wp-json\/wp\/v2\/categories?post=18473"},{"taxonomy":"post_tag","embeddable":true,"href":"https:\/\/www.europesays.com\/lt\/wp-json\/wp\/v2\/tags?post=18473"}],"curies":[{"name":"wp","href":"https:\/\/api.w.org\/{rel}","templated":true}]}}