{"id":184858,"date":"2026-05-22T17:26:13","date_gmt":"2026-05-22T17:26:13","guid":{"rendered":"https:\/\/www.europesays.com\/lt\/184858\/"},"modified":"2026-05-22T17:26:13","modified_gmt":"2026-05-22T17:26:13","slug":"ekspertam-kliuva-ne-tik-ruginienes-tonas-bet-ir-nuoseklumas","status":"publish","type":"post","link":"https:\/\/www.europesays.com\/lt\/184858\/","title":{"rendered":"Ekspertam kli\u016bva ne tik Ruginien\u0117s tonas, bet ir nuoseklumas"},"content":{"rendered":"<p>J\u0173 vertinimu, premjer\u0117s pasisakyme pernelyg prasimu\u0161\u0117 nuoskauda d\u0117l kritikos, be to, klausim\u0173 kelia nuoseklumas: pagal k\u0105 pasirenkama, kokius rezonansinius \u012fvykius komentuoti, o koki\u0173 ne. Taip pat svarbu, kokie veiksmai seks po nuskamb\u0117jusi\u0173 parei\u0161kim\u0173.<\/p>\n<p>\u201eFacebook\u201c paskelbtas premjer\u0117s kreipimasis \u012f visuomen\u0119. \u012era\u0161ytame kreipim\u0119si I. Ruginien\u0117 teig\u0117, kad \u201ematome precedento neturint\u012f atvej\u012f\u201c. Ji pad\u0117kojo tyrim\u0105 atlikusiems pareig\u016bnams bei pabr\u0117\u017e\u0117, kad kova su kontrabanda buvo vienas i\u0161 \u0161ios Vyriausyb\u0117s prioritet\u0173.<\/p>\n<p>Vie\u0161ojo kalb\u0117jimo ekspert\u0117 Neringa Bli\u016bd\u017ei\u016bt\u0117, vertindama premjer\u0117s kalb\u0105, pasteb\u0117jo, kad jos komunikacijoje \u012fvyko pokytis. Vis d\u0117lto \u0161\u012fkart, pasak MRU politolog\u0117s Rimos Urbonait\u0117s, \u0161iek tiek glumina kai kurie pasisakymo aspektai. <\/p>\n","protected":false},"excerpt":{"rendered":"J\u0173 vertinimu, premjer\u0117s pasisakyme pernelyg prasimu\u0161\u0117 nuoskauda d\u0117l kritikos, be to, klausim\u0173 kelia nuoseklumas: pagal k\u0105 pasirenkama, kokius&hellip;\n","protected":false},"author":2,"featured_media":184859,"comment_status":"","ping_status":"","sticky":false,"template":"","format":"standard","meta":{"footnotes":"","_share_on_mastodon":"0"},"categories":[13],"tags":[25,30,31,34,35,24,71,8571,2960,32,33,37,39,1012,36,38,40,23,11077,22,28,29,10275,11610,26,27],"class_list":["post-184858","post","type-post","status-publish","format-standard","has-post-thumbnail","category-lietuva","tag-antrastes","tag-breaking-news","tag-breakingnews","tag-featured-news","tag-featurednews","tag-headlines","tag-inga-ruginiene","tag-komunikacija","tag-kontrabanda","tag-latest-news","tag-latestnews","tag-lietuva","tag-lietuviu","tag-linas-kontrimas","tag-lithuania","tag-lithuanian","tag-lt","tag-naujienos","tag-neringa-bliudziute","tag-news","tag-populiariausios-naujienos","tag-populiariausiosnaujienos","tag-rima-urbonaite","tag-teisesauga","tag-top-stories","tag-topstories"],"share_on_mastodon":{"url":"https:\/\/pubeurope.com\/@lt\/116619403931520909","error":""},"_links":{"self":[{"href":"https:\/\/www.europesays.com\/lt\/wp-json\/wp\/v2\/posts\/184858","targetHints":{"allow":["GET"]}}],"collection":[{"href":"https:\/\/www.europesays.com\/lt\/wp-json\/wp\/v2\/posts"}],"about":[{"href":"https:\/\/www.europesays.com\/lt\/wp-json\/wp\/v2\/types\/post"}],"author":[{"embeddable":true,"href":"https:\/\/www.europesays.com\/lt\/wp-json\/wp\/v2\/users\/2"}],"replies":[{"embeddable":true,"href":"https:\/\/www.europesays.com\/lt\/wp-json\/wp\/v2\/comments?post=184858"}],"version-history":[{"count":0,"href":"https:\/\/www.europesays.com\/lt\/wp-json\/wp\/v2\/posts\/184858\/revisions"}],"wp:featuredmedia":[{"embeddable":true,"href":"https:\/\/www.europesays.com\/lt\/wp-json\/wp\/v2\/media\/184859"}],"wp:attachment":[{"href":"https:\/\/www.europesays.com\/lt\/wp-json\/wp\/v2\/media?parent=184858"}],"wp:term":[{"taxonomy":"category","embeddable":true,"href":"https:\/\/www.europesays.com\/lt\/wp-json\/wp\/v2\/categories?post=184858"},{"taxonomy":"post_tag","embeddable":true,"href":"https:\/\/www.europesays.com\/lt\/wp-json\/wp\/v2\/tags?post=184858"}],"curies":[{"name":"wp","href":"https:\/\/api.w.org\/{rel}","templated":true}]}}