{"id":185300,"date":"2026-05-23T10:18:11","date_gmt":"2026-05-23T10:18:11","guid":{"rendered":"https:\/\/www.europesays.com\/lt\/185300\/"},"modified":"2026-05-23T10:18:11","modified_gmt":"2026-05-23T10:18:11","slug":"cnn-xi-pastebejo-rusijos-silpnejima-ukrainoje-metas-tai-pripazinti-ir-trumpui","status":"publish","type":"post","link":"https:\/\/www.europesays.com\/lt\/185300\/","title":{"rendered":"CNN: Xi pasteb\u0117jo Rusijos silpn\u0117jim\u0105 Ukrainoje \u2013 metas tai pripa\u017einti ir Trumpui"},"content":{"rendered":"<p>Naujos tendencijos m\u016b\u0161io lauke rodo, kad jis gali b\u016bti teisus. Tai suteikia nauj\u0105 galimyb\u0119 D. Trumpui u\u017ebaigti kar\u0105, ta\u010diau taikant kitok\u012f po\u017ei\u016br\u012f nei iki \u0161iol.<\/p>\n<p>Tendencijos dabar palankesn\u0117s Ukrainai<\/p>\n<p>V. Putinas tik\u0117josi, kad 2026 metais Rusijos kariuomenei pavyks pralau\u017eti front\u0105 ir u\u017eimti gin\u010dijamas ryt\u0173 Ukrainos teritorijas. Jis r\u0117m\u0117si tuo, kad Rusija turi daugiau kari\u0173 ir technikos. Ta\u010diau taip ne\u012fvyko.<\/p>\n<p>Kol kas b\u016btent <a rel=\"noopener nofollow\" target=\"_blank\" href=\"https:\/\/www.delfi.lt\/temos\/ukraina\" tag-id=\"21801988\">Ukraina<\/a>, o ne <a rel=\"noopener nofollow\" target=\"_blank\" href=\"https:\/\/www.delfi.lt\/temos\/rusija\" tag-id=\"40342315\">Rusija<\/a>, \u0161iais metais pasiek\u0117 teritorini\u0173 laim\u0117jim\u0173 ir padar\u0117 mil\u017eini\u0161k\u0173 nuostoli\u0173 Rusijos paj\u0117goms.<\/p>\n<p>Vakar\u0173 vertinimais, Rusijos nuostoliai dabar siekia arba perkopia 30\u201340 t\u016bkst. \u017euvusi\u0173 ir su\u017eeist\u0173 kari\u0173 per m\u0117nes\u012f. Tai rei\u0161kia, kad Rusija praranda labai daug kari\u0173, bet mainais neu\u017eima nauj\u0173 teritorij\u0173. Nuo invazijos prad\u017eios bendri Rusijos nuostoliai jau gerokai perkopia milijon\u0105 ir lenkia Rusijos galimybes papildyti paj\u0117gas.<\/p>\n","protected":false},"excerpt":{"rendered":"Naujos tendencijos m\u016b\u0161io lauke rodo, kad jis gali b\u016bti teisus. Tai suteikia nauj\u0105 galimyb\u0119 D. Trumpui u\u017ebaigti kar\u0105,&hellip;\n","protected":false},"author":2,"featured_media":185301,"comment_status":"","ping_status":"","sticky":false,"template":"","format":"standard","meta":{"footnotes":"","_share_on_mastodon":"0"},"categories":[15],"tags":[25,30,31,9110,92,34,35,24,121,32,33,37,39,36,38,40,23,22,44,28,29,119,1295,26,27,360,74,75,76,775],"class_list":["post-185300","post","type-post","status-publish","format-standard","has-post-thumbnail","category-pasaulis","tag-antrastes","tag-breaking-news","tag-breakingnews","tag-donbasas","tag-dronas","tag-featured-news","tag-featurednews","tag-headlines","tag-karas-ukrainoje","tag-latest-news","tag-latestnews","tag-lietuva","tag-lietuviu","tag-lithuania","tag-lithuanian","tag-lt","tag-naujienos","tag-news","tag-pasaulis","tag-populiariausios-naujienos","tag-populiariausiosnaujienos","tag-rusija","tag-taivanas","tag-top-stories","tag-topstories","tag-ukraina","tag-world","tag-world-news","tag-worldnews","tag-xi-jinpingas"],"share_on_mastodon":{"url":"https:\/\/pubeurope.com\/@lt\/116623383165999437","error":""},"_links":{"self":[{"href":"https:\/\/www.europesays.com\/lt\/wp-json\/wp\/v2\/posts\/185300","targetHints":{"allow":["GET"]}}],"collection":[{"href":"https:\/\/www.europesays.com\/lt\/wp-json\/wp\/v2\/posts"}],"about":[{"href":"https:\/\/www.europesays.com\/lt\/wp-json\/wp\/v2\/types\/post"}],"author":[{"embeddable":true,"href":"https:\/\/www.europesays.com\/lt\/wp-json\/wp\/v2\/users\/2"}],"replies":[{"embeddable":true,"href":"https:\/\/www.europesays.com\/lt\/wp-json\/wp\/v2\/comments?post=185300"}],"version-history":[{"count":0,"href":"https:\/\/www.europesays.com\/lt\/wp-json\/wp\/v2\/posts\/185300\/revisions"}],"wp:featuredmedia":[{"embeddable":true,"href":"https:\/\/www.europesays.com\/lt\/wp-json\/wp\/v2\/media\/185301"}],"wp:attachment":[{"href":"https:\/\/www.europesays.com\/lt\/wp-json\/wp\/v2\/media?parent=185300"}],"wp:term":[{"taxonomy":"category","embeddable":true,"href":"https:\/\/www.europesays.com\/lt\/wp-json\/wp\/v2\/categories?post=185300"},{"taxonomy":"post_tag","embeddable":true,"href":"https:\/\/www.europesays.com\/lt\/wp-json\/wp\/v2\/tags?post=185300"}],"curies":[{"name":"wp","href":"https:\/\/api.w.org\/{rel}","templated":true}]}}