{"id":185322,"date":"2026-05-23T10:53:10","date_gmt":"2026-05-23T10:53:10","guid":{"rendered":"https:\/\/www.europesays.com\/lt\/185322\/"},"modified":"2026-05-23T10:53:10","modified_gmt":"2026-05-23T10:53:10","slug":"per-socdemu-tarybos-posedi-rasta-slapta-garsa-irasanti-rasikli-tirs-ekspertai-respublika-lt","status":"publish","type":"post","link":"https:\/\/www.europesays.com\/lt\/185322\/","title":{"rendered":"Per socdem\u0173 tarybos pos\u0117d\u012f rast\u0105 slapta gars\u0105 \u012fra\u0161ant\u012f ra\u0161ikl\u012f tirs ekspertai &#8211; Respublika.lt"},"content":{"rendered":"<p style=\"text-align: justify;\" class=\"desktop_banner\">\u00a0<\/p>\n<p style=\"text-align: left;\">Eltos \u017einiomis, tokia ekspertiz\u0117 jau paskirta. Ekspertams i\u0161kelti klausimai d\u0117l rasto \u012frenginio veikimo princip\u0173 ir t. t.<\/p>\n<p style=\"text-align: left;\">\u201eIkiteisminis tyrimas yra\u00a0d\u0117l, \u012ftariama, neteis\u0117to technini\u0173 priemoni\u0173 \u012frengimo ar panaudojimo informacijai rinkti (pagal Baud\u017eiamojo kodekso 295 str.) yra t\u0119siamas, renkami tyrimui reik\u0161mingi duomenys,\u00a0jie vertinami\u201c, \u2013 Eltai teig\u0117 Vilniaus apygardos prokurat\u016bros atstov\u0117 Gintar\u0117 Vitkauskait\u0117-\u0160atkauskien\u0117.<\/p>\n<p style=\"text-align: left;\">Pasak jos, \u012ftarimai \u0161iame tyrime niekam nepareik\u0161ti.<\/p>\n<p style=\"text-align: left;\">Vilniaus apskrities policijos komisariato Sunki\u0173 nusikaltim\u0173 tyrimo valdyba ikiteismin\u012f tyrim\u0105 atlieka pagal gaut\u0105 LSDP parei\u0161kim\u0105 d\u0117l partijos tarybos pos\u0117dyje rasto slapta gars\u0105\u00a0\u012fra\u0161in\u0117jan\u010dio ra\u0161iklio.<\/p>\n<p style=\"text-align: left;\">V\u0117liau prokurat\u016bra paskelb\u0117 prane\u0161im\u0105 ir\u00a0jame teig\u0117, kad, siekiant nustatyti tikslias aplinkybes, kaip\u00a0\u0161. m. baland\u017eio m\u0117n. 16 d. patalpose, kuriose vyko LSDP tarybos pos\u0117dis, atsirado galimai gars\u0105\u00a0\u012fra\u0161antis\u00a0\u012frenginys, Vilniaus apskrities vyriausiajame\u00a0policijos komisariate\u00a0prad\u0117tas ikiteisminis tyrimas pagal Baud\u017eiamojo kodekso 295 straipsn\u012f.<\/p>\n<p style=\"text-align: left;\">\u0160is\u00a0Baud\u017eiamojo kodekso straipsnis numato atsakomyb\u0119 u\u017e neteis\u0117t\u0105 technini\u0173 priemoni\u0173\u00a0\u012frengim\u0105 ar panaudojim\u0105 informacijai rinkti.<\/p>\n<p style=\"text-align: left;\">Tas, kas neteis\u0117tai\u00a0\u012freng\u0117 ar panaudojo technines priemones informacijai apie valstyb\u0117s, savivaldyb\u0117s institucij\u0105,\u00a0\u012fstaig\u0105 ar j\u0173 tarnautoj\u0105, politin\u0119 organizacij\u0105 ar asociacij\u0105 arba j\u0173 nar\u012f, kit\u0105 juridin\u012f ar fizin\u012f asmen\u012f rinkti, baud\u017eiamas bauda arba laisv\u0117s apribojimu, arba are\u0161tu, arba laisv\u0117s at\u0117mimu iki ketveri\u0173 met\u0173.<\/p>\n<p style=\"text-align: left;\">Ekspertams neretai pateikiama tirti priemones, kurias pasitelkus, kaip manoma, buvo\u00a0\u012fvykdyti nusikaltimai.<\/p>\n<p style=\"text-align: left;\">Ekspertai da\u017enai tiria nusikaltimuose panaudotus \u0161aunamuosius ginklus. Ekspertiz\u0117je paai\u0161kinama, kaip jie veik\u0117, kada ir kaip buvo naudojami, kiek \u0161\u016bvi\u0173 i\u0161 j\u0173 buvo paleista.<\/p>\n<p style=\"text-align: left;\">Neretai j\u0173 i\u0161vados pagrind\u017eia \u012frodymus d\u0117l ginklu \u012fvykdyt\u0173 nusikaltim\u0173.<\/p>\n<p style=\"text-align: left;\">\u201e\u012esivaizduokite\u00a0\u2013 netikri ginklai kartais atrodo labai tikrovi\u0161kai. Ar konkre\u010diu ginklu buvo\u00a0\u012fvykdytas nusikaltimas, ar jis buvo panaudotas, ar tai kovinis, kulkomis \u0161audantis ginklas i\u0161 esm\u0117s gali atsakyti tik ekspertas. Pana\u0161iai ir su gars\u0105 \u012fra\u0161in\u0117jan\u010diu tu\u0161inuku. \u012esivaizduokite, kad asmuo sulaukia \u012ftarim\u0173, paskui teisme paai\u0161k\u0117ja, kad \u010dia tik mulia\u017eas. Tam ir reikalingos ekspertiz\u0117s, specialist\u0173 i\u0161vados atliekant ikiteismin\u012f tyrim\u0105\u201d,\u00a0\u2013 Eltai sak\u0117 nema\u017e\u0105 darbo patirt\u012f turintis teis\u0117saugos pareig\u016bnas.<\/p>\n<p style=\"text-align: left;\">Socdemai \u012ftaria LRT \u017eurnalist\u0119<\/p>\n<p style=\"text-align: left;\">ELTA primena, kad socialdemokratai prane\u0161\u0117 u\u017edarame partijos tarybos pos\u0117dyje rad\u0119 slapta gars\u0105 \u012fra\u0161in\u0117jant\u012f ra\u0161ikl\u012f, kurio savinink\u0117, kaip jie \u012ftaria, gal\u0117jo b\u016bti visuomeninio transliuotojo \u017eurnalist\u0117.<\/p>\n<p style=\"text-align: left;\">Partija d\u0117l \u0161io incidento kreip\u0117si \u012f policij\u0105.\u00a0<\/p>\n<p style=\"text-align: left;\">Dokumente, su kuriuo susipa\u017eino ELTA, teigiama, kad parei\u0161kimas policijai pateiktas d\u0117l galimai neteis\u0117to informacijos rinkimo ir neteis\u0117to technini\u0173 priemoni\u0173 panaudojimo informacijai rinkti.<\/p>\n<p style=\"text-align: left;\">Jame teigiama, kad \u012fra\u0161ant\u012f ra\u0161ikl\u012f gal\u0117jo palikti Lietuvos nacionalinio radijo ir televizijos \u017eurnalist\u0117 Egl\u0117 Samo\u0161kait\u0117.<\/p>\n<p style=\"text-align: left;\">Ji tokius \u012ftarimus neig\u0117.\u00a0<\/p>\n<p style=\"text-align: left;\">Pasirod\u017eius \u012ftarimams, \u017eurnalist\u0117 sustabd\u0117 naryst\u0119 \u017durnalist\u0173 profesional\u0173 asociacijoje (\u017dPA), atsitrauk\u0117 nuo veiklos LRT \u017eurnalist\u0173 protesto iniciatyvin\u0117je grup\u0117je.<\/p>\n<p style=\"text-align: left;\">\u0160iuo metu E. Samo\u0161kait\u0117 taip pat nera\u0161o su LSDP susijusiomis temomis, neveda laidos \u201eDienos tema\u201c.\u00a0<\/p>\n<p style=\"text-align: left;\">LSDP tarybos pos\u0117dis buvo u\u017edaras, politikams \u012f j\u012f nebuvo leid\u017eiama \u012fsine\u0161ti telefon\u0173.<\/p>\n<p style=\"text-align: left;\">Nagrin\u0117jo bylas d\u0117l neteis\u0117to informacijos rinkimo<\/p>\n<p style=\"text-align: left;\">Ekspertams jau yra tek\u0119 tirti pana\u0161ius \u012frenginius, o teismai pri\u0117m\u0117 apkaltinamuosius nuosprend\u017eius.<\/p>\n<p style=\"text-align: left;\">2024 m. baland\u012f Vilniaus apygardos teismas kaltu\u00a0d\u0117l neteis\u0117to informacijos rinkimo pripa\u017eino buvus\u012f valstyb\u0117s\u00a0\u012fmon\u0117s\u00a0\u201eOro navigacijos\u201c Saugos ir saugumo departamento vadov\u0105 Mari\u0173 Beli\u016bn\u0105.<\/p>\n<p style=\"text-align: left;\">Jis anks\u010diau\u00a0\u0117jo ir\u00a0\u012fmon\u0117s generalinio direktoriaus pareigas.<\/p>\n<p style=\"text-align: left;\">M. Beli\u016bnui buvo skirta 10 t\u016bkst. eur\u0173 bauda, o anks\u010diau priimtas i\u0161teisinamasis nuosprendis panaikintas.<\/p>\n<p style=\"text-align: left;\">Teismas taip pat konfiskavo policijoje saugot\u0105 M. Beli\u016bno diktofon\u0105, kuriuo neteis\u0117tai ir buvo renkama informacija.<\/p>\n<p style=\"text-align: left;\">Teis\u0117jas Marijus Kursevi\u010dius paskelb\u0117, kad buvo\u00a0\u012fvertinti i\u0161ankstiniai M. Beli\u016bno veiksmai,\u00a0\u012frodytas tikslas ir pritaikyta baud\u017eiamoji atsakomyb\u0117.<\/p>\n<p style=\"text-align: left;\">Teismo nuosprendyje buvo aptariama 2021 m. liepos 23 d. specialisto i\u0161vada.<\/p>\n<p style=\"text-align: left;\">Ji nustat\u0117,\u00a0jog\u00a0ra\u0161iklio tipo diktofone \u201eOlympus\u00a0VP-10\u201c yra \u012fd\u0117ta baterija bei yra du\u00a0daugiakryp\u010diai\u00a0stereo\u00a0mikrofonai, kurie leid\u017eia \u012fra\u0161yti garso \u012fra\u0161us pasirinktu formatu (.pcm, .mp3 arba .wma). Apytikslis baterijos tarnavimo laikas \u2013 iki 27 val.\u00a0<\/p>\n<p style=\"text-align: left;\">\u201eTai, kad nurodytas diktofonas yra skirtas gars\u0173 \u012fra\u0161ymui, patvirtina ir paties\u00a0M. Beli\u016bno\u00a0parodymai. Nepaisant to, kad\u00a0tokio tipo diktofono \u012fsigijimui nenustatyti jokie specifiniai reikalavimai, \u0161i aplinkyb\u0117 nelaikytina pakankamu pagrindu nepripa\u017einti min\u0117to diktofono\u00a0\u201especialia\u00a0technika\u201c, kadangi \u0161iuolaikiniame pasaulyje spar\u010diai besivystant technologijoms i\u0161 esm\u0117s bet kokia \u012franga nebeatitikt\u0173 gynybos\u00a0baigiamojoje kalboje\u00a0akcentuot\u0173 reikalavim\u0173, atitinkamai BK 295 straipsnyje numatytos nusikalstamos veikos sud\u0117tis tapt\u0173 nebeveiksminga\u00a0ir beprasm\u0117.\u00a0Atitinkamai apeliacin\u0117s instancijos teismo teis\u0117j\u0173 kolegija\u00a0sutinka su pirmosios instancijos teismo i\u0161vadomis, jog ra\u0161iklio tipo diktofono paskirtis bei funkcijos atitinka BK 295 straipsnyje numatytos\u00a0\u201especialios\u00a0technikos\u201c\u00a0s\u0105vok\u0105\u201c, \u2013 tuomet paskelb\u0117 Vilniaus apygardos teismo trij\u0173 teis\u0117j\u0173 kolegija.<\/p>\n<p style=\"text-align: left;\">Bylos duomenimis, M. Beli\u016bnas, eidamas Saugos ir saugumo departamento vadovo pareigas, 2021 met\u0173 baland\u017eio 30 dien\u0105, prie\u0161\u00a0\u012fmon\u0117s valdybos pos\u0117d\u012f, kuriame buvo sprend\u017eiami\u00a0\u012fmon\u0117s strukt\u016bros pakeitimo klausimai, tuo metu laikinai einan\u010dios generalinio direktoriaus pareigas Redvitos\u00a0\u010cetkauskien\u0117s kabinete po spintele paliko\u00a0\u012fjungt\u0105 ra\u0161iklio tipo diktofon\u0105 su daugiakryp\u010diais mikrofonais.\u00a0<\/p>\n<p style=\"text-align: left;\">\u0160iame kabinete tur\u0117jo vykti valdybos pos\u0117dis d\u0117l\u00a0\u012fmon\u0117s strukt\u016bros poky\u010di\u0173.<\/p>\n<p style=\"text-align: left;\">Tyr\u0117jai nustat\u0117, kad t\u0105dien M. Beli\u016bnas\u00a0\u012f pastat\u0105 pateko anks\u010diau nei prasideda darbas, apsaugai nurod\u0119s, es\u0105 eina pa\u0161erti koleg\u0117s\u00a0\u017euvy\u010di\u0173.\u00a0\u012etarim\u0173 kilo, nes M. Beli\u016bno koleg\u0117, turinti darbe\u00a0\u017euvy\u010di\u0173, jau buvo atvykusi\u00a0\u012f darb\u0105, tod\u0117l vadov\u0117s kabinet\u0105 buvo nuspr\u0119sta patikrinti ir taip buvo rasta pasiklausymo\u00a0\u012franga.<\/p>\n<p style=\"text-align: left;\">M. Beli\u016bnas teisme paai\u0161kino, kad tur\u0117jo konkre\u010dios informacijos, jog 2021 met\u0173 baland\u017eio 30-oji bus paskutin\u0117 jo darbo diena, d\u0117l to, nor\u0117damas apsisaugoti nuo galimo jo ap\u0161mei\u017eimo, nusprend\u0117, kad jam b\u016btina\u00a0\u012fsira\u0161yti pokalb\u012f su R.\u00a0\u010cetkauskiene.<\/p>\n<p style=\"text-align: left;\">Diktofon\u0105 jis pad\u0117jo b\u016btent R.\u00a0\u010cetkauskien\u0117s kabinete, kadangi\u00a0\u017einojo, kad ji niekada nedarydavo valdybos pos\u0117d\u017ei\u0173 i\u0161 savo kabineto, be to, man\u0117, jog niekas neleist\u0173\u00a0\u012fsine\u0161ti diktofono kitu b\u016bdu.<\/p>\n<p style=\"text-align: left;\">M. Beli\u016bnui paskelbt\u0105 nuosprend\u012f v\u0117liau paliko galioti Auk\u0161\u010diausiasis Teismas.<\/p>\n<p style=\"text-align: left;\">Ikiteismin\u012f tyrim\u0105 \u0161ioje byloje kontroliavo Vilniaus apygardos prokurat\u016bros Organizuot\u0173 nusikaltim\u0173 ir korupcijos tyrimo skyriaus prokuroras Stanislavas Barsulis.<\/p>\n<p style=\"text-align: left;\">Jis taip pat kontroliuoja tyrim\u0105 ir d\u0117l socialdemokrat\u0173 tarybos pos\u0117dyje rasto ra\u0161iklio su gars\u0105 \u012fra\u0161an\u010dia \u012franga.<\/p>\n","protected":false},"excerpt":{"rendered":"\u00a0 Eltos \u017einiomis, tokia ekspertiz\u0117 jau paskirta. Ekspertams i\u0161kelti klausimai d\u0117l rasto \u012frenginio veikimo princip\u0173 ir t. t.&hellip;\n","protected":false},"author":2,"featured_media":185323,"comment_status":"","ping_status":"","sticky":false,"template":"","format":"standard","meta":{"footnotes":"","_share_on_mastodon":"0"},"categories":[13],"tags":[25,30,31,2567,34,35,24,22249,32,33,37,39,36,38,519,4281,40,23,22,28,29,26117,5913,1869,26,27,29100,2171],"class_list":["post-185322","post","type-post","status-publish","format-standard","has-post-thumbnail","category-lietuva","tag-antrastes","tag-breaking-news","tag-breakingnews","tag-ekspertai","tag-featured-news","tag-featurednews","tag-headlines","tag-irasas","tag-latest-news","tag-latestnews","tag-lietuva","tag-lietuviu","tag-lithuania","tag-lithuanian","tag-lrt","tag-lsdp","tag-lt","tag-naujienos","tag-news","tag-populiariausios-naujienos","tag-populiariausiosnaujienos","tag-samoskaite","tag-slaptas","tag-taryba","tag-top-stories","tag-topstories","tag-tusinukas","tag-tyrimas"],"share_on_mastodon":{"url":"https:\/\/pubeurope.com\/@lt\/116623520750275464","error":""},"_links":{"self":[{"href":"https:\/\/www.europesays.com\/lt\/wp-json\/wp\/v2\/posts\/185322","targetHints":{"allow":["GET"]}}],"collection":[{"href":"https:\/\/www.europesays.com\/lt\/wp-json\/wp\/v2\/posts"}],"about":[{"href":"https:\/\/www.europesays.com\/lt\/wp-json\/wp\/v2\/types\/post"}],"author":[{"embeddable":true,"href":"https:\/\/www.europesays.com\/lt\/wp-json\/wp\/v2\/users\/2"}],"replies":[{"embeddable":true,"href":"https:\/\/www.europesays.com\/lt\/wp-json\/wp\/v2\/comments?post=185322"}],"version-history":[{"count":0,"href":"https:\/\/www.europesays.com\/lt\/wp-json\/wp\/v2\/posts\/185322\/revisions"}],"wp:featuredmedia":[{"embeddable":true,"href":"https:\/\/www.europesays.com\/lt\/wp-json\/wp\/v2\/media\/185323"}],"wp:attachment":[{"href":"https:\/\/www.europesays.com\/lt\/wp-json\/wp\/v2\/media?parent=185322"}],"wp:term":[{"taxonomy":"category","embeddable":true,"href":"https:\/\/www.europesays.com\/lt\/wp-json\/wp\/v2\/categories?post=185322"},{"taxonomy":"post_tag","embeddable":true,"href":"https:\/\/www.europesays.com\/lt\/wp-json\/wp\/v2\/tags?post=185322"}],"curies":[{"name":"wp","href":"https:\/\/api.w.org\/{rel}","templated":true}]}}