{"id":185967,"date":"2026-05-24T09:54:09","date_gmt":"2026-05-24T09:54:09","guid":{"rendered":"https:\/\/www.europesays.com\/lt\/185967\/"},"modified":"2026-05-24T09:54:09","modified_gmt":"2026-05-24T09:54:09","slug":"serbijos-sostineje-desimtys-tukstanciu-mitinguotoju-reikalavo-pirmalaikiu-rinkimu","status":"publish","type":"post","link":"https:\/\/www.europesays.com\/lt\/185967\/","title":{"rendered":"Serbijos sostin\u0117je de\u0161imtys t\u016bkstan\u010di\u0173 mitinguotoj\u0173 reikalavo pirmalaiki\u0173 rinkim\u0173"},"content":{"rendered":"<p>\u0160is mitingas buvo dalis protest\u0173 jud\u0117jimo, kur\u012f suk\u0117l\u0117 gele\u017einkelio stoties stogin\u0117s gri\u016btis \u0161iauriniame Novi Sado mieste 2024 m. lapkrit\u012f, kuri pareikalavo 16 \u017emoni\u0173 gyvybi\u0173.<\/p>\n<p>Vienas kalb\u0117tojas, elektrotechnikos studentas pavadino naujus rinkimus proga u\u017etikrinti \u201es\u0105\u017eining\u0105 vyriausyb\u0119, laisv\u0119 ir or\u0173 gyvenim\u0105\u201c, skelb\u0117 naujien\u0173 agent\u016bra \u201eBeta\u201c.<\/p>\n<p>Student\u0173 vadovaujam\u0105 jud\u0117jim\u0105, kuris metus buvo ap\u0117m\u0119s prakti\u0161kai visus Serbijos universitetus, dabar palaiko milijonai pilie\u010di\u0173. Jie d\u0117l mirtinos nelaim\u0117s Novi Sade kaltina aplaidum\u0105 ir korupcij\u0105 valdant prezidento Aleksandaro Vu\u010di\u010diaus vyriausybei.<\/p>\n<p>    <img decoding=\"async\" src=\"https:\/\/www.europesays.com\/lt\/wp-content\/uploads\/2026\/05\/19035f89-cc66-41f3-9b60-4d474d45a164.jpg\" loading=\"lazy\" alt=\"Belgrado centre de\u0161imtys t\u016bkstan\u010di\u0173 demonstrant\u0173 reikalavo pirmalaiki\u0173 rinkim\u0173\"\/>      <\/p>\n<p>Protestuotojai siekia pirmalaiki\u0173 rinkim\u0173, nes jie leist\u0173 taikiai pakeisti vyriausyb\u0119. Kiti eiliniai parlamento rinkimai numatyti tik 2027 m. pabaigoje.<\/p>\n<p>Demonstracijai pasibaigus, \u0161e\u0161tadienio vakar\u0105 ma\u017edaug u\u017e 1 km nuo Slavijos aik\u0161t\u0117s, kuri buvo mitingo centras, kilo susir\u0117mimai.<\/p>\n<p>Kauk\u0117ti vyrai policijos kryptimi \u0161aud\u0117 pirotechnik\u0105. Vidaus reikal\u0173 ministras Ivica Da\u010di\u010dius nurod\u0117, kad buvo sulaikyti 23 \u017emon\u0117s ir su\u017eeistas nenurodytas skai\u010dius policijos pareig\u016bn\u0173.<\/p>\n<p>A. Vu\u010di\u010dius socialiniame tinkle \u201eInstagram\u201c apkaltino demonstrantus dar kart\u0105 parod\u017eius savo smurtin\u012f b\u016bd\u0105. Pana\u0161ius smurtinius poelgius ankstesniuose masiniuose protestuose, kaip paai\u0161k\u0117jo v\u0117liau, vykd\u0117 infiltruoti provokatoriai.<\/p>\n<p>Vyriausyb\u0117 prie\u0161 miting\u0105 v\u0117l sustabd\u0117 gele\u017einkeli\u0173 eism\u0105 visoje Serbijoje. \u0160alies gele\u017einkeli\u0173 bendrov\u0117 oficialios prie\u017easties nepateik\u0117, bet \u0161iuo \u017eingsniu, regis, siekta u\u017etikrinti, kad vyriausyb\u0117s oponentams i\u0161 u\u017e Belgrado rib\u0173 b\u016bt\u0173 sunkiau dalyvauti.<\/p>\n","protected":false},"excerpt":{"rendered":"\u0160is mitingas buvo dalis protest\u0173 jud\u0117jimo, kur\u012f suk\u0117l\u0117 gele\u017einkelio stoties stogin\u0117s gri\u016btis \u0161iauriniame Novi Sado mieste 2024 m.&hellip;\n","protected":false},"author":2,"featured_media":185968,"comment_status":"","ping_status":"","sticky":false,"template":"","format":"standard","meta":{"footnotes":"","_share_on_mastodon":"0"},"categories":[15],"tags":[25,30,31,34,35,24,32,33,37,39,36,38,40,2439,23,22,44,28,29,340,2396,29195,26,27,74,75,76],"class_list":["post-185967","post","type-post","status-publish","format-standard","has-post-thumbnail","category-pasaulis","tag-antrastes","tag-breaking-news","tag-breakingnews","tag-featured-news","tag-featurednews","tag-headlines","tag-latest-news","tag-latestnews","tag-lietuva","tag-lietuviu","tag-lithuania","tag-lithuanian","tag-lt","tag-mitingas","tag-naujienos","tag-news","tag-pasaulis","tag-populiariausios-naujienos","tag-populiariausiosnaujienos","tag-rinkimai","tag-serbija","tag-susiremimas","tag-top-stories","tag-topstories","tag-world","tag-world-news","tag-worldnews"],"share_on_mastodon":{"url":"https:\/\/pubeurope.com\/@lt\/116628951413830732","error":""},"_links":{"self":[{"href":"https:\/\/www.europesays.com\/lt\/wp-json\/wp\/v2\/posts\/185967","targetHints":{"allow":["GET"]}}],"collection":[{"href":"https:\/\/www.europesays.com\/lt\/wp-json\/wp\/v2\/posts"}],"about":[{"href":"https:\/\/www.europesays.com\/lt\/wp-json\/wp\/v2\/types\/post"}],"author":[{"embeddable":true,"href":"https:\/\/www.europesays.com\/lt\/wp-json\/wp\/v2\/users\/2"}],"replies":[{"embeddable":true,"href":"https:\/\/www.europesays.com\/lt\/wp-json\/wp\/v2\/comments?post=185967"}],"version-history":[{"count":0,"href":"https:\/\/www.europesays.com\/lt\/wp-json\/wp\/v2\/posts\/185967\/revisions"}],"wp:featuredmedia":[{"embeddable":true,"href":"https:\/\/www.europesays.com\/lt\/wp-json\/wp\/v2\/media\/185968"}],"wp:attachment":[{"href":"https:\/\/www.europesays.com\/lt\/wp-json\/wp\/v2\/media?parent=185967"}],"wp:term":[{"taxonomy":"category","embeddable":true,"href":"https:\/\/www.europesays.com\/lt\/wp-json\/wp\/v2\/categories?post=185967"},{"taxonomy":"post_tag","embeddable":true,"href":"https:\/\/www.europesays.com\/lt\/wp-json\/wp\/v2\/tags?post=185967"}],"curies":[{"name":"wp","href":"https:\/\/api.w.org\/{rel}","templated":true}]}}