{"id":18597,"date":"2025-10-16T06:15:09","date_gmt":"2025-10-16T06:15:09","guid":{"rendered":"https:\/\/www.europesays.com\/lt\/18597\/"},"modified":"2025-10-16T06:15:09","modified_gmt":"2025-10-16T06:15:09","slug":"lietkabelis-pralaimejo-sveciams-is-vokietijos-sportas-lt-2","status":"publish","type":"post","link":"https:\/\/www.europesays.com\/lt\/18597\/","title":{"rendered":"\u201eLietkabelis\u201c pralaim\u0117jo sve\u010diams i\u0161 Vokietijos &#8211; Sportas.lt"},"content":{"rendered":"<ol>\n<li><a href=\"https:\/\/news.google.com\/rss\/articles\/CBMijAFBVV95cUxNdjQ0TE4xb2xTZ3BuY1JtS21DbXRLNHRwN2FDenNDNEozb3pEY0d6Y0hPU3ZZYk1CbUlCbG83bGZwZ1phem8weUVrLThTMFJKTm5XU2lyTXc2b19CdFZ4RldYWlBHQ2hnbWJGankyUGt0cHlDQ1YyM1NCRFY0cHpMT2JJa3g1bDUyZG9BLQ?oc=5\" target=\"_blank\" rel=\"nofollow noopener\">\u201eLietkabelis\u201c pralaim\u0117jo sve\u010diams i\u0161 Vokietijos<\/a>&nbsp;&nbsp;Sportas.lt<\/li>\n<li><a href=\"https:\/\/news.google.com\/rss\/articles\/CBMimgFBVV95cUxNTGJ4MDhxUzJIaDNYVEtxYmQzb1ZJOS0ybnNWbVpoZ0JRZEVMSlp6VldvcTBkb0xPeVRraVRpdmV6Rzdsb04xeEhwWnppRVFraGtEdFYyb1FJRjE0bnd4dG83c2dweldtSTJxUHZhRE5ib21JTE9FRmVRSkpTS2E5b244UjZuYjcwanFoSE5Ud2NwaEFuX2FPVXhn?oc=5\" target=\"_blank\" rel=\"nofollow noopener\">\u201eLietkabelis\u201c patyr\u0117 skaud\u017ei\u0105 nes\u0117km\u0119 namuose<\/a>&nbsp;&nbsp;Delfi<\/li>\n<li><a href=\"https:\/\/news.google.com\/rss\/articles\/CBMi0AFBVV95cUxQeGdUTlNCM2JBZElyUkRzZjhoUzdSbnZwNlZMR3J4eG5CQm96RjF4eXZLTkpRYkdKQTIxeDFrQVNlMkJvNEVaQW9NWEMwYXl6OXNZQXVUUnNPVWVUaEE5ZE0xRFpROGpvTlROcTVmQmctTm5rc1lVS1lJWVRSQ3daaUtWeDJkTTFpVGZ0clVURk1hZ0RXbW9VclBKbE9wRXZNbVMtMGljY1ZfTWpzN3ROZk1fZnpRUDZuc0FoWE9TbUJJWFdnZ0tPb0hQMjY0Nzli?oc=5\" target=\"_blank\" rel=\"nofollow noopener\">Gabrielius Mald\u016bnas: apie dar vien\u0105 voki\u0161k\u0105 i\u0161\u0161\u016bk\u012f, Europos taur\u0117s i\u0161skirtinum\u0105 ir patirt\u012f<\/a>&nbsp;&nbsp;tv3.lt<\/li>\n<li><a href=\"https:\/\/news.google.com\/rss\/articles\/CBMixgFBVV95cUxOU0dpcW1McVh5ZXBIcGx2c2VhWnljd3VJTTliYkIyMWI2Qm1WNGdzRUd5RlIxemx4azFUOHFSYW5zWFpoVUlUSGV2ZE1IU2M2aDVpOEFKQXY4b0liR0VsN2ppRTRhaG1Jd1cxMndDck9SOWYtaXI0cjNWNXpkWENoclROTGFqZTB3T2FkY2d0REtRa05aVVBHcnZJX2tTRUVTdHZuOWItVnNrVThYc2ZxWVp0OERTaDNVYVJ5aEFnOXlNZkUyM2c?oc=5\" target=\"_blank\" rel=\"nofollow noopener\">Ulmo komandai nusileid\u0119s \u201eLietkabelis\u201c Europos taur\u0117je suklupo antr\u0105kart i\u0161 eil\u0117s<\/a>&nbsp;&nbsp;LRT<\/li>\n<li><a href=\"https:\/\/news.google.com\/rss\/articles\/CBMiywFBVV95cUxORU1GbzVTcTNlZ0JIMkVlWUhHbVAwZzlwa0ZrbHgxTFdrSEpza2hvczVScjBSdWdkUmJ0aF9XR3VRQjhDa0NMSmV0dFdYU0VPbWlaYWlzRnM1amtrOTVXaVNKN25BU1BFUkJNeHRiM3E3MEsyc292NmZ1SXE5ZzhpMWx2cGI1WHJZdDYzbFBWMWFfaVRmOGtXVmF1eUdpQW1veEo0eTlsSS1OUEZqM0FhTW1zeWJMZmJtZTB0cGRzcDV2aUQtM1lGcW9FVQ?oc=5\" target=\"_blank\" rel=\"nofollow noopener\">Rezultatyviausia Europos taur\u0117s komanda vos i\u0161ne\u0161\u0117 sveik\u0105 kail\u012f i\u0161 Panev\u0117\u017eio<\/a>&nbsp;&nbsp;15min.lt<\/li>\n<\/ol>\n","protected":false},"excerpt":{"rendered":"\u201eLietkabelis\u201c pralaim\u0117jo sve\u010diams i\u0161 Vokietijos&nbsp;&nbsp;Sportas.lt \u201eLietkabelis\u201c patyr\u0117 skaud\u017ei\u0105 nes\u0117km\u0119 namuose&nbsp;&nbsp;Delfi Gabrielius Mald\u016bnas: apie dar vien\u0105 voki\u0161k\u0105 i\u0161\u0161\u016bk\u012f, Europos&hellip;\n","protected":false},"author":2,"featured_media":18598,"comment_status":"","ping_status":"","sticky":false,"template":"","format":"standard","meta":{"footnotes":""},"categories":[6],"tags":[25,30,31,57,43,34,35,55,48,24,54,51,49,50,32,33,37,39,36,38,40,45,23,22,44,28,29,53,42,56,47,112,26,27,46,58,52],"class_list":{"0":"post-18597","1":"post","2":"type-post","3":"status-publish","4":"format-standard","5":"has-post-thumbnail","7":"category-antrastes","8":"tag-antrastes","9":"tag-breaking-news","10":"tag-breakingnews","11":"tag-daiktai","12":"tag-dienos-kronika","13":"tag-featured-news","14":"tag-featurednews","15":"tag-gatves-tekstai","16":"tag-gyvenimas","17":"tag-headlines","18":"tag-interneto-pievos","19":"tag-keliones","20":"tag-kultura","21":"tag-laisvalaikis","22":"tag-latest-news","23":"tag-latestnews","24":"tag-lietuva","25":"tag-lietuviu","26":"tag-lithuania","27":"tag-lithuanian","28":"tag-lt","29":"tag-mokslas-ir-it","30":"tag-naujienos","31":"tag-news","32":"tag-pasaulis","33":"tag-populiariausios-naujienos","34":"tag-populiariausiosnaujienos","35":"tag-projektai","36":"tag-rinktiniai-tekstai","37":"tag-simtmecio-portalas","38":"tag-sportas","39":"tag-sportas-lt","40":"tag-top-stories","41":"tag-topstories","42":"tag-verslas","43":"tag-video","44":"tag-zaidimai"},"share_on_mastodon":{"url":"","error":""},"_links":{"self":[{"href":"https:\/\/www.europesays.com\/lt\/wp-json\/wp\/v2\/posts\/18597","targetHints":{"allow":["GET"]}}],"collection":[{"href":"https:\/\/www.europesays.com\/lt\/wp-json\/wp\/v2\/posts"}],"about":[{"href":"https:\/\/www.europesays.com\/lt\/wp-json\/wp\/v2\/types\/post"}],"author":[{"embeddable":true,"href":"https:\/\/www.europesays.com\/lt\/wp-json\/wp\/v2\/users\/2"}],"replies":[{"embeddable":true,"href":"https:\/\/www.europesays.com\/lt\/wp-json\/wp\/v2\/comments?post=18597"}],"version-history":[{"count":0,"href":"https:\/\/www.europesays.com\/lt\/wp-json\/wp\/v2\/posts\/18597\/revisions"}],"wp:featuredmedia":[{"embeddable":true,"href":"https:\/\/www.europesays.com\/lt\/wp-json\/wp\/v2\/media\/18598"}],"wp:attachment":[{"href":"https:\/\/www.europesays.com\/lt\/wp-json\/wp\/v2\/media?parent=18597"}],"wp:term":[{"taxonomy":"category","embeddable":true,"href":"https:\/\/www.europesays.com\/lt\/wp-json\/wp\/v2\/categories?post=18597"},{"taxonomy":"post_tag","embeddable":true,"href":"https:\/\/www.europesays.com\/lt\/wp-json\/wp\/v2\/tags?post=18597"}],"curies":[{"name":"wp","href":"https:\/\/api.w.org\/{rel}","templated":true}]}}