{"id":186403,"date":"2026-05-24T23:40:39","date_gmt":"2026-05-24T23:40:39","guid":{"rendered":"https:\/\/www.europesays.com\/lt\/186403\/"},"modified":"2026-05-24T23:40:39","modified_gmt":"2026-05-24T23:40:39","slug":"i-paribius-lietuva-stumiantis-projektas-federacija-patenkinta-sirgaliai-ragina-sukilti-delfi","status":"publish","type":"post","link":"https:\/\/www.europesays.com\/lt\/186403\/","title":{"rendered":"\u012e paribius Lietuv\u0105 stumiantis projektas: federacija patenkinta, sirgaliai ragina sukilti &#8211; Delfi"},"content":{"rendered":"<ol>\n<li><a href=\"https:\/\/news.google.com\/rss\/articles\/CBMizwFBVV95cUxQV2poY2EtX0J1cVlQVTdUbjFhZGVSS0gxOG5LcEF4MExmbkVlaFZORm93X2M0bGxFaE4yVm5CMXpocXllM2NadzlkRDdZbDhMSG5MWGFZYU1xbnZiYUhkYVBIOV9lZm9lQm1zeDVyaUJYU3ZZRjhEQktBbHpYODRPY3ZuM29DSEdIU3JEUWt6SGhvLU13ODc4cDZyTlA4WHpfSkdYOWoxdDB6LVlfRmNldXJCbk93NDh2UG55MHoyMmdUcjZLbEF6LU5tUW1hRVU?oc=5\" target=\"_blank\" rel=\"nofollow noopener\">\u012e paribius Lietuv\u0105 stumiantis projektas: federacija patenkinta, sirgaliai ragina sukilti<\/a>&nbsp;&nbsp;Delfi<\/li>\n<li><a href=\"https:\/\/news.google.com\/rss\/articles\/CBMi1wFBVV95cUxQOE5lTExDNHFtaG1oLS1uYmpENmlPTV80RDk3MVBJd0wtVnRzRDlPcFNuVmZKMm9FOGJ5c3ctbFk1Rk5BcmFPcW9vSkJ2ODU3RjZiY3EteTRLZkRyb2ptUEo0UVM4Ri0ySjRTUjZYTmpNTmIycmJaY3VaOGpTemEtWkhObk8tNzI5ZGNqMkFMZ0dPajJSTURKUU1xRGZlMF83bzJ4NS1BSEFHWkNGMkhPckV1TEotcldPSGdRcGxvWUZyTUVUaVdvLXdhR1VxTi00aWFjSUI2TQ?oc=5\" target=\"_blank\" rel=\"nofollow noopener\">UEFA rinktini\u0173 revoliucija: k\u0105 ji reik\u0161t\u0173 Lietuvos futbolui? \u201eAtsiranda realus \u0161ansas\u201c<\/a>&nbsp;&nbsp;15min.lt<\/li>\n<li><a href=\"https:\/\/news.google.com\/rss\/articles\/CBMingFBVV95cUxOeXhyTjQ3YjNoUTE3STg0QUJzRDZabks1V1ZtNEN1Z3puTHBIUkEtal8zUFpsUHdLa1VUZ3hhVDlYUVotd3psU01pYi1qbU5WaEplczV1UXJJMkdWYWdpX3pBYjJ1cl9NWjhVR2FyVFZxTGNKV1BMSDZ2Rmh6bDkxak5iVDl1MmVDNjFvSy05Z2xUZDRNckFJM2o5Zll5Zw?oc=5\" target=\"_blank\" rel=\"nofollow noopener\">UEFA pristat\u0117 nauj\u0105 rinktini\u0173 futbolo var\u017eyb\u0173 model\u012f<\/a>&nbsp;&nbsp;tv3.lt<\/li>\n<li><a href=\"https:\/\/news.google.com\/rss\/articles\/CBMi4wFBVV95cUxNb09QdTlWbW1HSEI5ZHJ1WThubnVwUkZmbklyNnN2ZTNrR3lpVE1UaGJDYjhBaG9fV2ZCaUMtampWekVwbElGckFBWVhyaFdVVmFTMjRpQ2w4aWhnazNlV29LU29KcVFNYWNvTzJkb2hoOUpLOTZSUklGX0lBV3diMVRjR2l6VVpUVGtZR0NNRFpNc1ROcHhLX29WYjFTRnNHZ1FxWVZJN1N4SE54emNaYnhkVFU5X1FhamRLRnZ6SzJXRWg1WXB2VU53T0tBdHpaN1haSDN4WHBxT3VyTFRYa2pxVQ?oc=5\" target=\"_blank\" rel=\"nofollow noopener\">UEFA keis atrankos \u012f Europos \u010dempionat\u0105 tvark\u0105: Lietuvai \u2013 ma\u017eiau galimybi\u0173 kautis su grandais<\/a>&nbsp;&nbsp;15min.lt<\/li>\n<li><a href=\"https:\/\/news.google.com\/rss\/articles\/CBMivgFBVV95cUxNbnNZUmJwbmtiYUdfdEZtbFlNTjJtSzJjNVdzdkxfTnRfeXdCN21HRXVYbzBqUHJJSy02X2ROblp3dkFWd3EtbnpqcjRaVmZIdTh0YlotRERFRDlSMG1NaTJRQkdFWlN3YXR4MEwzYkMyNzQ4NU9pdVlxdERzNkN1Y09jNzNhNGl3Q3dnbzBwT3BwYzRDV1IyUDM1cnEtbU55aDdtLS12UFhRa09iQUhSVDVhUjN2d1J3Q3dxN2V3?oc=5\" target=\"_blank\" rel=\"nofollow noopener\">Dideli poky\u010diai Europos futbole: UEFA paskelb\u0117 apie nauj\u0105 rinktini\u0173 futbolo sistem\u0105<\/a>&nbsp;&nbsp;Sportas.lt<\/li>\n<\/ol>\n","protected":false},"excerpt":{"rendered":"\u012e paribius Lietuv\u0105 stumiantis projektas: federacija patenkinta, sirgaliai ragina sukilti&nbsp;&nbsp;Delfi UEFA rinktini\u0173 revoliucija: k\u0105 ji reik\u0161t\u0173 Lietuvos futbolui?&hellip;\n","protected":false},"author":2,"featured_media":186404,"comment_status":"","ping_status":"","sticky":false,"template":"","format":"standard","meta":{"footnotes":"","_share_on_mastodon":"0"},"categories":[19],"tags":[8147,37,39,36,38,40,47,104,4523],"class_list":["post-186403","post","type-post","status-publish","format-standard","has-post-thumbnail","category-sportas","tag-edgaras-stankevicius","tag-lietuva","tag-lietuviu","tag-lithuania","tag-lithuanian","tag-lt","tag-sportas","tag-sports","tag-uefa"],"share_on_mastodon":{"url":"https:\/\/pubeurope.com\/@lt\/116632199192229917","error":""},"_links":{"self":[{"href":"https:\/\/www.europesays.com\/lt\/wp-json\/wp\/v2\/posts\/186403","targetHints":{"allow":["GET"]}}],"collection":[{"href":"https:\/\/www.europesays.com\/lt\/wp-json\/wp\/v2\/posts"}],"about":[{"href":"https:\/\/www.europesays.com\/lt\/wp-json\/wp\/v2\/types\/post"}],"author":[{"embeddable":true,"href":"https:\/\/www.europesays.com\/lt\/wp-json\/wp\/v2\/users\/2"}],"replies":[{"embeddable":true,"href":"https:\/\/www.europesays.com\/lt\/wp-json\/wp\/v2\/comments?post=186403"}],"version-history":[{"count":0,"href":"https:\/\/www.europesays.com\/lt\/wp-json\/wp\/v2\/posts\/186403\/revisions"}],"wp:featuredmedia":[{"embeddable":true,"href":"https:\/\/www.europesays.com\/lt\/wp-json\/wp\/v2\/media\/186404"}],"wp:attachment":[{"href":"https:\/\/www.europesays.com\/lt\/wp-json\/wp\/v2\/media?parent=186403"}],"wp:term":[{"taxonomy":"category","embeddable":true,"href":"https:\/\/www.europesays.com\/lt\/wp-json\/wp\/v2\/categories?post=186403"},{"taxonomy":"post_tag","embeddable":true,"href":"https:\/\/www.europesays.com\/lt\/wp-json\/wp\/v2\/tags?post=186403"}],"curies":[{"name":"wp","href":"https:\/\/api.w.org\/{rel}","templated":true}]}}