{"id":186456,"date":"2026-05-25T04:22:47","date_gmt":"2026-05-25T04:22:47","guid":{"rendered":"https:\/\/www.europesays.com\/lt\/186456\/"},"modified":"2026-05-25T04:22:47","modified_gmt":"2026-05-25T04:22:47","slug":"tukstanciai-ispanu-protestavo-reikalaudami-premjero-atsistatydinimo-respublika-lt","status":"publish","type":"post","link":"https:\/\/www.europesays.com\/lt\/186456\/","title":{"rendered":"T\u016bkstan\u010diai ispan\u0173 protestavo reikalaudami premjero atsistatydinimo &#8211; Respublika.lt"},"content":{"rendered":"<p><img loading=\"lazy\" decoding=\"async\" src=\"https:\/\/www.respublika.lt\/lt\/naujienos\/pasaulis\/pasaulio_politika\/tukstanciai-ispanu-protestavo-reikalaudami-premjero-atsistatydinimo\/images\/ico_camera_white.gif\" class=\"camera\" width=\"22\" height=\"15\" alt=\"nuotr.\" style=\"position:relative; top:-2px; right:2px;\"\/> 1 nuotr.<\/p>\n<p>T\u016bkstan\u010diai ispan\u0173 protestavo reikalaudami ministro pirmininko atsistatydinimo. EPA-Eltos nuotr.<\/p>\n<p style=\"text-align: justify;\" class=\"desktop_banner\">\u00a0<\/p>\n<p style=\"text-align: left;\">Daugelis protestuotoj\u0173 mosavo Ispanijos v\u0117liavomis ir ne\u0161\u0117si plakatus su u\u017era\u0161u \u201egana\u201c.<\/p>\n<p style=\"text-align: left;\">Eisenos priekyje buvo ne\u0161amas didelis transparantas su u\u017era\u0161u \u201eKorupcija turi savo kain\u0105. N\u0117ra vietos nebaud\u017eiamumui. Atsistatydinimas ir rinkimai dabar\u201c.<\/p>\n<p style=\"text-align: left;\">Protest\u0105 sureng\u0117 pilietin\u0117s visuomen\u0117s organizacija \u201eSociedad Civil Espa\u00f1ola\u201c, vienijanti daugiau nei 150 pilietini\u0173 organizacij\u0173, kuri\u0105 remia konservatyvi\u0173 pa\u017ei\u016br\u0173 Liaudies partija (PP) ir kra\u0161tutin\u0117s de\u0161in\u0117s partija \u201eVox\u201c.<\/p>\n<p style=\"text-align: left;\">Organizatoriai skelbia, kad renginyje dalyvavo 120 t\u016bkst. \u017emoni\u0173, bet centrin\u0117s vald\u017eios atstovo skai\u010diavimu dalyvi\u0173 gal\u0117jo b\u016bti apie 40 t\u016bkst.<\/p>\n<p style=\"text-align: left;\">Eityn\u0117s baig\u0117si Moncloa aik\u0161t\u0117je, netoli oficialios ministro pirmininko rezidencijos.<\/p>\n<p style=\"text-align: left;\">Nedidel\u0117 protestuotoj\u0173 grup\u0117 po renginio band\u0117 priart\u0117ti prie rezidencijos, bet juos nust\u016bm\u0117 riau\u0161i\u0173 policija.<\/p>\n<p style=\"text-align: left;\">Trys \u017emon\u0117s buvo suimti, o 7 policijos pareig\u016bnai patyr\u0117 lengvus su\u017ealojimus.<\/p>\n<p style=\"text-align: left;\">Partijos \u201eVox\u201c lyderis Santiago Abascalis prie\u0161 rengin\u012f \u017eurnalistams sak\u0117, kad P. Sanchezo aplinkoje nebeliko nei vieno \u017emogaus, kuris neb\u016bt\u0173 kaltinamas labai rimtais nusikaltimais, o Ispanija tapo \u201ekorumpuotos mafijos laikoma \u012fkaite\u201c.<\/p>\n<p style=\"text-align: left;\">P. Sanchezas ministru pirmininku tapo 2018 m., po balsavimo d\u0117l nepasitik\u0117jimo partijos PP vadovaujama vyriausybe, taip pat d\u0117l \u012ftarim\u0173 korupcija.<\/p>\n<p style=\"text-align: left;\">Jis \u017eada ir toliau eiti \u0161ias pareigas nepaisant \u012ftarim\u0173 korupcija asmenims i\u0161 jo aplinkos.<\/p>\n<p style=\"text-align: left;\">Jo brolis Davidas bus teisiamas u\u017e prekyb\u0105 poveikiu.<\/p>\n<p style=\"text-align: left;\">P. Sanchezo \u017emonos Begona&#8217;os Gomez at\u017evilgiu vykdomas tyrimas d\u0117l korupcijos.<\/p>\n<p style=\"text-align: left;\">Ministras pirmininkas byl\u0173 prie\u0161 jo \u0161eim\u0105 nesureik\u0161mina ir ai\u0161kina, kad jos yra politi\u0161kai motyvuotos.<\/p>\n<p style=\"text-align: left;\">Teismas gegu\u017e\u0117s m\u0117nes\u012f taip pat i\u0161nagrin\u0117jo buvusio transporto ministro Jose Luiso Abaloso byl\u0105 d\u0117l korupcijos ir skelbs nuosprend\u012f. J. L. Abalosas yra P. Sanchezo \u201ede\u0161inioji ranka\u201c.<\/p>\n<p style=\"text-align: left;\">Be to, antradien\u012f oficialiai buvo prad\u0117tas tyrimas d\u0117l prekybos poveikiu ir kit\u0173 nusikaltim\u0173 prie\u0161 buvus\u012f socialist\u0105 ministr\u0105 pirminink\u0105 Jose Luis\u0105 Rodriguez\u0105 Zapatero, P. Sanchezo s\u0105junginink\u0105.<\/p>\n","protected":false},"excerpt":{"rendered":"1 nuotr. T\u016bkstan\u010diai ispan\u0173 protestavo reikalaudami ministro pirmininko atsistatydinimo. EPA-Eltos nuotr. \u00a0 Daugelis protestuotoj\u0173 mosavo Ispanijos v\u0117liavomis ir&hellip;\n","protected":false},"author":2,"featured_media":186457,"comment_status":"","ping_status":"","sticky":false,"template":"","format":"standard","meta":{"footnotes":"","_share_on_mastodon":"0"},"categories":[15],"tags":[25,30,31,10272,34,35,24,1337,2717,32,33,37,39,36,38,40,2051,23,22,44,2816,28,29,1719,29265,26,27,557,74,75,76],"class_list":["post-186456","post","type-post","status-publish","format-standard","has-post-thumbnail","category-pasaulis","tag-antrastes","tag-breaking-news","tag-breakingnews","tag-eitynes","tag-featured-news","tag-featurednews","tag-headlines","tag-ispanija","tag-korupcija","tag-latest-news","tag-latestnews","tag-lietuva","tag-lietuviu","tag-lithuania","tag-lithuanian","tag-lt","tag-ministras","tag-naujienos","tag-news","tag-pasaulis","tag-pirmininkas","tag-populiariausios-naujienos","tag-populiariausiosnaujienos","tag-protestas","tag-sanchezas","tag-top-stories","tag-topstories","tag-vyriausybe","tag-world","tag-world-news","tag-worldnews"],"share_on_mastodon":{"url":"https:\/\/pubeurope.com\/@lt\/116633307963771796","error":""},"_links":{"self":[{"href":"https:\/\/www.europesays.com\/lt\/wp-json\/wp\/v2\/posts\/186456","targetHints":{"allow":["GET"]}}],"collection":[{"href":"https:\/\/www.europesays.com\/lt\/wp-json\/wp\/v2\/posts"}],"about":[{"href":"https:\/\/www.europesays.com\/lt\/wp-json\/wp\/v2\/types\/post"}],"author":[{"embeddable":true,"href":"https:\/\/www.europesays.com\/lt\/wp-json\/wp\/v2\/users\/2"}],"replies":[{"embeddable":true,"href":"https:\/\/www.europesays.com\/lt\/wp-json\/wp\/v2\/comments?post=186456"}],"version-history":[{"count":0,"href":"https:\/\/www.europesays.com\/lt\/wp-json\/wp\/v2\/posts\/186456\/revisions"}],"wp:featuredmedia":[{"embeddable":true,"href":"https:\/\/www.europesays.com\/lt\/wp-json\/wp\/v2\/media\/186457"}],"wp:attachment":[{"href":"https:\/\/www.europesays.com\/lt\/wp-json\/wp\/v2\/media?parent=186456"}],"wp:term":[{"taxonomy":"category","embeddable":true,"href":"https:\/\/www.europesays.com\/lt\/wp-json\/wp\/v2\/categories?post=186456"},{"taxonomy":"post_tag","embeddable":true,"href":"https:\/\/www.europesays.com\/lt\/wp-json\/wp\/v2\/tags?post=186456"}],"curies":[{"name":"wp","href":"https:\/\/api.w.org\/{rel}","templated":true}]}}