{"id":186489,"date":"2026-05-25T05:20:07","date_gmt":"2026-05-25T05:20:07","guid":{"rendered":"https:\/\/www.europesays.com\/lt\/186489\/"},"modified":"2026-05-25T05:20:07","modified_gmt":"2026-05-25T05:20:07","slug":"zigmas-vaisvila-ar-tikrai-norime-gyventi-saugiai-respublika-lt","status":"publish","type":"post","link":"https:\/\/www.europesays.com\/lt\/186489\/","title":{"rendered":"Zigmas VAI\u0160VILA: Ar tikrai norime gyventi saugiai? &#8211; Respublika.lt"},"content":{"rendered":"<p style=\"text-align: justify;\" class=\"desktop_banner\">\u00a0<\/p>\n<p>Seimo \u201eopozicija&#8221; tik komentuoja, praktini\u0173 veiksm\u0173 nesiima. \u017dmones telkti reikia konkre\u010diam oponavimui vald\u017eios nes\u0105mon\u0117ms, bet ne s\u0105ra\u0161\u0173 eiliniams rinkimams \u012f Seim\u0105 sudarymui.<\/p>\n<p>Po to, k\u0105 interviu \u0160veicarijos dienra\u0161\u010diui \u201eNeue Z\u00fcrcher Zeitung&#8221; paskelb\u0117 Lietuvos u\u017esienio reikal\u0173 ministras K\u0119stutis Budrys (NATO tur\u0117t\u0173 parodyti rusams, kad galima pralau\u017eti j\u0173 ma\u017e\u0105j\u0105 Kaliningrade sukurt\u0105 tvirtov\u0119), jis jau tur\u0117jo i\u0161\u0161veistas i\u0161 \u0161i\u0173 pareig\u0173 su vilko bilietu.<\/p>\n<p>Ta\u010diau Gitanas Naus\u0117da skelbia, kad K. Budrys s\u0117kmingai vykdo jam i\u0161keltus u\u017edavinius.<\/p>\n<p>Tai kokie tie u\u017edaviniai ir kas juos \u201ei\u0161k\u0117l\u0117&#8221;? Juk tame pa\u010diame interviu K. Budrys parei\u0161k\u0117, kad Vakar\u0173 Europoje n\u0117ra n\u0117 vieno \u201esaugaus kaimo&#8221;, kuris gal\u0117t\u0173 likti nuo\u0161alyje nuo karo pasekmi\u0173. Ar Lietuvos \u201ekaimas&#8221;, esantis Kaliningrado srities kaimynyst\u0117je, yra saugus?<\/p>\n<p>Lietuvos Prezidentas, kra\u0161to apsaugos ministras, kariuomen\u0117s vadas ir kariuomen\u0117s \u0161tabo vir\u0161ininkas vadas paskelb\u0117 skirtingas versijas apie tai, kas \u012fvyko ar ne\u012fvyko d\u0117l Baltarusijos prane\u0161imo mums apie \u012f Lietuv\u0105 atskrendan\u010di\u0105 skraidykl\u0119. Tad kur ir d\u0117l ko i\u0161leisti milijardai?<\/p>\n<p>Nei m\u016bs\u0173 sistemos, nei pakelti NATO naikintuvai, kurie, anot G. Naus\u0117dos, nenumu\u0161\u0117 to ka\u017eko, nes sutrukd\u0117 debesys, o ir l\u0117ktuv\u0173 sistemos nieko nemat\u0117&#8230;<\/p>\n<p>Tad kod\u0117l skelbtas oro pavojus? Kod\u0117l mokytojai atsakingi d\u0117l vaik\u0173 nesuvarymo \u012f \u201epriedangas&#8221;?<\/p>\n<p>Kaip galima varyti vaikus ir \u017emones \u012f \u201epriedangas&#8221;, bet ne \u012f \u012frengtas sl\u0117ptuves! Sl\u0117ptuv\u0117s, kaip \u201esovietinis&#8221; palikimas, s\u0117kmingai sunaikintos ar privatizuotos. Gal \u201epriedangoms&#8221; labiau tikt\u0173 kolektyvini\u0173 kapavie\u010di\u0173 pavadinimas? Jei \u201epriedanga&#8221; n\u0117ra sl\u0117ptuv\u0117, tai vienintelis b\u016bdas galimai i\u0161likti tikro pavojaus atveju yra \u017emoni\u0173 i\u0161siskirstymas i\u0161 susib\u016brimo viet\u0173.<\/p>\n<p>Visi turi \u017einoti, i\u0161 kur ukrainieti\u0161kos skraidykl\u0117s atskrenda \u012f Baltijos \u0161alis. Tik be pasak\u0173 apie tai, kad jos praskrido Baltarusij\u0105. Ten jos numu\u0161in\u0117jamos. Ir tai negali b\u016bti valstyb\u0117s paslaptimi.<\/p>\n<p>Pakalb\u0117kime apie K. Budrio i\u0161girt\u0105 NATO gali\u0105. Jungtin\u0117 Karalyst\u0117 paskelb\u0117, kad karo atveju ji turi po kelet\u0105 \u0161imt\u0173 skraidykli\u0173  kiekvienai dienai, kad j\u0173 u\u017etekt\u0173 savaitei&#8230;<\/p>\n<p>Lietuvos vald\u017eia kaip mald\u0105 vis kartoja apie Vokietijos divizij\u0105 m\u016bsuose. Infrastrukt\u016bra tam bus paruo\u0161ta 2027 met\u0173 pabaigoje. Tai kokie jie kariautojai, kad esant ekstremaliai pad\u0117\u010diai Lietuvoje, jie dar ne \u010dia? Beje, \u0161ie 5000 &#8211;  tai ne tik kariai, bet ir civiliai. Ir ne visa divizija, tik atskira brigada &#8211; trys batalionai, kovin\u0117s paramos ir apr\u016bpinimo grup\u0117.<\/p>\n<p>Labai nerimtai atrodo \u0161is \u201eprojektukas&#8221;, net lyginant su dabartiniu Lietuvos kariuomen\u0117s kari\u0173 skai\u010diumi, kuris pagal Seimo nustatytas ribas yra nuo 20840 iki 29380.<\/p>\n<p>Dar yra 1000 JAV kari\u0173 ir Seimo su Prezidentu svaigimas apie branduolin\u012f ginkl\u0105 Lietuvoje.<\/p>\n<p>Ar \u0161ie veik\u0117jai nuo tokio apsvaigimo dar nesusirgo? Ar jie tikrai nesuvokia, kad savo veiksmais ne Lietuvos gynyb\u0105 organizuoja, bet provokuoja kar\u0105 \u010dia. Ir tai jau ne valdan\u010di\u0173j\u0173, bet prie i\u0161nykimo ribos vedamos Tautos kompetencijos klausimas.<\/p>\n<p>Kaip Lietuvai, Latvijai ir Estijai reik\u0117jo elgtis 1939-1940 metais? Anot Algimanto Kasparavi\u010diaus, \u201e1940 m. bir\u017eelio 15-17 d. Taryb\u0173 S\u0105junga prie\u0161 tris ma\u017eas Baltijos respublikas, i\u0161 viso turin\u010dias apie 70 t\u016bkstan\u010di\u0173 kovotoj\u0173, j\u0173 okupuoti pasiunt\u0117 pus\u0119 milijono kari\u0173 &#8211; didesn\u0119 karin\u0119 armad\u0105, nei Did\u017eioji Britanija 1940 m. gegu\u017e\u0119-bir\u017eel\u012f per Laman\u0161\u0105 \u012f pagalb\u0105 Pranc\u016bzijai gelb\u0117ti Europ\u0105 nuo nacistin\u0117s Vokietijos. Britai tuomet per Laman\u0161\u0105 prie\u0161 Hitler\u012f pasiunt\u0117 ma\u017eiau nei 400 t\u016bkst. kari\u0173. \u017di\u016brint \u012f \u0161iuos skai\u010dius belieka tik karti ironija: Stalinas Baltijos \u0161alis \u201enugal\u0117jo&#8221;, o va britai su pranc\u016bzais nugal\u0117ti naci\u0173 1940 m. ne\u012fsteng\u0117: jiems prireik\u0117 ne tik amerikie\u010di\u0173 pagalbos, bet ir to paties Stalino divizij\u0173.&#8221; <\/p>\n<p>Kod\u0117l u\u017esienio reikal\u0173 ministras Juozas Urb\u0161ys su Joachimu fon Ribentropu pasira\u0161\u0117 1939 m. kovo 22 d. Lietuvos ir Vokietijos sutart\u012f, kuria Lietuva Vokietijai atidav\u0117 Klaip\u0117dos kra\u0161t\u0105?<\/p>\n<p>Kaip elgsim\u0117s \u0161iais laikais, kai pasikeit\u0117 ne tik ginkluot\u0117, bet ir geopolitin\u0117 pad\u0117tis, kai ne tik Kinija, bet ir Iranas tampa svarbiausiais tarptautin\u0117s geopolitikos veiksniais?<\/p>\n<p>\u0160iais laikais kariniai veiksmai Lietuvoje b\u016bt\u0173 kitokie. Ir ne tokie, kokie yra daug didesn\u0117je Ukrainoje. Ir pab\u0117gti i\u0161 \u010dia prakti\u0161kai joki\u0173 galimybi\u0173 neb\u016bt\u0173 nuo pirmos karini\u0173 veiksm\u0173 dienos. Tad kod\u0117l mus valdantieji tai provokuoja? \u012e k\u0105 orientuota m\u016bs\u0173 diplomatija?<\/p>\n<p>Europos S\u0105junga akivaizd\u017eiai praranda galimybes tapti rimtu politin\u0117s galios subjektu, o NATO, i\u0161 esm\u0117s esanti tik vienos valstyb\u0117s instrumentas, priklauso nuo JAV valios ir tiksl\u0173, kurie taip pat kei\u010diasi.<\/p>\n<p>2025 m. gruodyje paskelbtoje naujoje JAV nacionalinio saugumo strategijoje atsakymu \u012f klausim\u0105 \u201eKo mes norime apskritai?&#8221; JAV skelbiasi norin\u010dios \u201etolesnio Jungtini\u0173 Valstij\u0173 i\u0161likimo ir saugumo kaip nepriklausomos, suverenios respublikos, kurios vyriausyb\u0117 u\u017etikrina Dievo duotas prigimtines savo pilie\u010di\u0173 teises ir teikia pirmenyb\u0119 j\u0173 gerovei ir interesams.&#8221; <\/p>\n<p>Tai gal ir mums tai tur\u0117t\u0173 r\u016bp\u0117ti?<\/p>\n<p>O kuo mes galime pasikliauti? Vokietija ir Pranc\u016bzija buvo taikos Ukrainoje garantais. Ta\u010diau tuomet\u0117 Vokietijos kancler\u0117 Angela Merkel ir tuometis Pranc\u016bzijos Prezidentas Fransua Olandas v\u0117liau vie\u0161ai prisipa\u017eino Minsko susitarimus pasira\u0161\u0119 tik d\u0117l aki\u0173, t. y. nesiruo\u0161dami j\u0173 vykdyti.<\/p>\n<p>Dar yra keturi NATO \u0161ali\u0173 naikintuvai \u0160iauliuose. Pirm\u0105 kart\u0105 j\u0173 karin\u0117 j\u0117ga buvo panaudota \u0161. m. gegu\u017e\u0117s 19 d. &#8211;  pakil\u0119s Rumunijos naikintuvas pa\u0161ov\u0117 dron\u0105 vir\u0161 Estijos. Ar taip ir lakstys \u0161ie keli l\u0117ktuvai paskui kiekvien\u0105 kol kas tik ukrainieti\u0161k\u0105 dron\u0105? Ka\u017ekokiame siurrealizmo pasaulyje atsid\u016br\u0117me. Tad belieka tik mi\u0161kus aplink Kaliningrado srit\u012f kirsti ir kari\u0161kius telkti Kazl\u0173 R\u016bdos poligone, Taurag\u0117s poligon\u0105 pl\u0117sti \u012f Jurbarko poligon\u0105, rengti Kap\u010diamies\u010dio poligon\u0105&#8230;<\/p>\n<p>Nieko nuostabaus. Reikia labai pasistengti, norint Europoje surasti adekva\u010dius asmenis atsakinguose postuose. Ta\u010diau kitoki\u0173 ten ir negali b\u016bti, nes jie yra tik vykdytojai to, k\u0105 buv\u0119s Graikijos finans\u0173 ministras Janis Varoufakis apib\u016bdino taip: \u201e&#8230; labai protinga sistema, leid\u017eianti oligarchij\u0105, karteli\u0173 vald\u017ei\u0105 pateikti kaip demokratij\u0105&#8221;.<\/p>\n<p>Po 2008 met\u0173 finans\u0173 kriz\u0117s ES, u\u017euot sprendusi strukt\u016brines problemas, vis giliau grimzta \u012f deindustrializacij\u0105, militarizm\u0105, skolas ir politin\u0119 priklausomyb\u0119 nuo JAV. Vokietijos automobili\u0173 pramon\u0117 persiorientuoja \u012f karin\u0117s technikos gamyb\u0105. Nesvarbu, kad \u201eLeopard&#8221; tankai \u0161iuolaikiniame kare nebereikalingi, ta\u010diau galima tokius, kaip Lietuva, prispausti juos pirkti.<\/p>\n<p>Tad kur \u0161i armada i\u0161\u0161aus po Ukrainos? Pana\u0161u, kad Lietuvoje. Nors ir \u010cekijos gynybos ministras parei\u0161k\u0117 apie pasiruo\u0161im\u0105 kariauti su Rusija. Nes nepana\u0161u, kad Vakarai ruo\u0161t\u0173si patys tai daryti.<\/p>\n<p>Prisiminkime D\u017eord\u017eo Soro\u0161o paatviravimus 1993 m. rugs\u0117jo 29 d. straipsnyje &#8222;Europos dezintegracijos perspektyvose&#8221;, kuriame paskelbta, kad Mastrichto sutartimi \u012fkurta ES ir NATO &#8211; dvi neatskiriamos sudedamosios dalys naujo tipo saugumui u\u017etikrinti, kad NATO turi ki\u0161tis \u012f valstybi\u0173 vidaus politinius poky\u010dius ir santykius tarp valstybi\u0173.<\/p>\n<p>Tai ne \u201epriedanga&#8221;, o atviras teiginys &#8211; NATO turi teis\u0119 reguliuoti valstybi\u0173 gyvenim\u0105 ir likim\u0105!<\/p>\n<p>Kod\u0117l? Kuo remiantis? Ir k\u0105 mums daryti? Nes pana\u0161u, kad m\u016bs\u0173 nuomon\u0117s niekas neklausia net d\u0117l ukrainieti\u0161k\u0173 skraidykli\u0173 skraidymo Baltijos \u0161alyse.<\/p>\n<p>Vis\u0173 pirma, prad\u0117kime gerbti save ir m\u016bs\u0173 Taut\u0105, renkan\u010di\u0105 \u0161iuos veik\u0117jus. Ir gerbti bet kuri\u0105 valstyb\u0119, skirtingas pasaul\u0117\u017ei\u016bras. Tik tada galima reikalauti, kad kitos valstyb\u0117s gerbt\u0173 mus ir m\u016bs\u0173 pasirinkimus. Aklas ne\u017einia kieno instrukcij\u0173 vykdymas &#8211; tai ne\u017einia kieno interes\u0173 \u012fgyvendinimas, ignoruojant m\u016bs\u0173 interesus.<\/p>\n<p>Ar b\u016bti aklu ka\u010diuku &#8211; tai Lietuvos pasirinkimas? Lietuva turi siekti b\u016bti naudinga ne karingais \u201ebudri\u0161kais&#8221; parei\u0161kimais, o ekonominiu ir kult\u016briniu bendradarbiavimu, taip sukuriant papildom\u0105 saugum\u0105, neapsiribojant kariniu NATO aljansu.<\/p>\n<p>N\u0117ra demokratijos s\u0105vokos tarptautinio apibr\u0117\u017eimo. Kitos valstyb\u0117s gali tur\u0117ti sav\u0105j\u012f demokratijos supratim\u0105. Tod\u0117l Lietuvos vald\u017eios moralizavimai tik trukdo i\u0161laikyti diplomatinius kanalus, b\u016btinus krizi\u0173 i\u0161vengimui.<\/p>\n<p>Tai patvirtino 13 policinink\u0173 ir pasienie\u010di\u0173 sulaikymas d\u0117l balionais gabenamos kontrabandos. Kiek smegen\u0173 vingi\u0173 m\u016bs\u0173 vald\u017eiai pritr\u016bko, u\u017edarant sien\u0105 su Baltarusija ir \u201enesuvokiant&#8221;, kad kontrabanda vyksta, tik esant priedangai abipus sienos? Ir po to ne\u017einant, kur d\u0117tis, kai Baltarusija d\u0117l \u012fstrigusi\u0173 lietuvi\u0161k\u0173 \u012fmoni\u0173 vilkik\u0173 pasako: \u201eKalb\u0117kim\u0117s&#8221;.<\/p>\n<p>Nemanykime, kad kitoje valstyb\u0117je m\u0105stoma primityviai, kad ten \u017emon\u0117s myli savo \u0161al\u012f ma\u017eiau nei mes sav\u0105j\u0105.<\/p>\n<p>Man iki \u0161iol akyse \u012fstrig\u0119s vaizdelis po 2024 m. Respublikos Prezidento rinkim\u0173 paskutin\u0117s LRT televizijos debat\u0173 laidos. Kandidatas Gitanas Naus\u0117da klausia kandidato Eduardo Vaitkaus: \u201eAr j\u016bs i\u0161 tikr\u0173j\u0173 taip m\u0105stote, kaip kalbate?&#8221; O kaip pats G. Naus\u0117da atsakyt\u0173 \u012f \u0161\u012f klausim\u0105?<\/p>\n<p>Ar tik lauksime eilinio gelb\u0117tojo Seimo ar Prezidento rinkimuose?<\/p>\n<p>Kol kas nematau tikr\u0173 Lietuvos opozicijos pastang\u0173 burtis veikimui, o ne tik eiliniams rinkimams.<\/p>\n<p>Tod\u0117l nor\u0117\u010diau paai\u0161kinti, kad VRK ir teismas nepraleid\u017eia \u012fregistravimui jokios referendumo iniciatyvos, ypa\u010d d\u0117l pilie\u010di\u0173 referendumo inicijavimo kartel\u0117s suma\u017einimo. Paband\u0117me ne vien\u0105.<\/p>\n<p>Mes \u0161iuos bandymus t\u0119siame. Ta\u010diau kol kas \u012fregistruota vienintel\u0117 pilie\u010di\u0173 referendumo iniciatyva d\u0117l Konstitucijos 23 straipsnio 2 dalies pakeitimo, kad Konstitucija gint\u0173 teis\u0119 atsiskaityti grynaisiais pinigais.<\/p>\n<p>Suprantu vald\u017eios ir nuo jos priklausan\u010dios \u017einiasklaidos informacin\u0119 blokad\u0105 apie \u0161i\u0105 referendumo iniciatyv\u0105. Ta\u010diau nesuprantu opozicijos tylos apie tai ir nedalyvavimo joje. Mes, \u0161ios referendumo inciatyvos iniciatoriai, nesiver\u017eiame \u012f Seim\u0105. Nematau prasm\u0117s, nes keli Seimo nariai esm\u0117s nepakeis.<\/p>\n<p>Besikei\u010dian\u010dios vald\u017eios nebijo toki\u0173 b\u016bsim\u0173 rinkim\u0173. Jie, Seimo pozicija ir opozicija, vieningai stiprina VRK galias ir per \u0161i\u0105 sistem\u0105 jau\u010diasi saug\u016bs. Nes kiti nebus prileisti.<\/p>\n<p>Kas belieka? Tik pilie\u010di\u0173 veiksmai. Taip pat ir referendumai, kuriuos pasirenka ne vald\u017eia. Nes pilie\u010di\u0173 inicijuoti referendumai kelia gr\u0117sm\u0119 Lietuvos u\u017evaldymo sistemai.<\/p>\n<p>Tod\u0117l tie, kurie tai suvokia, manau, pasira\u0161o u\u017e referendumo inciatyv\u0105 d\u0117l konstitucin\u0117s apsaugos teisei atsiskaityti grynaisiais pinigais. Elektroniniu b\u016bdu <a href=\"http:\/\/www.rinkejopuslapis.lt\/iniciatyvos\/-\/iniciatyvos\/121124\" target=\"_blank\" rel=\"nofollow noopener\">www.rinkejopuslapis.lt\/iniciatyvos\/-\/iniciatyvos\/121124<\/a> arba popieriniuose pilie\u010di\u0173 para\u0161\u0173 rinkimo lapuose (\u017er. informacij\u0105 <a href=\"http:\/\/www.k23\/lt\" target=\"_blank\" rel=\"nofollow\">www.k23\/lt<\/a>). Paremti \u0161i\u0105 iniciatyv\u0105 galima auka iki 70 eur\u0173 \u012f s\u0105skait\u0105 LT517189900619724694.<\/p>\n<p>Ir nebijokime tai daryti, nes tai &#8211; dar ne pats referendumas ir ne agitacija balsuoti \u201eu\u017e&#8221; ar \u201eprie\u0161&#8221;.<\/p>\n<p>Tai s\u0105lyg\u0173 visiems Lietuvos pilie\u010diams pasisakyti \u0161iuo klausimu sudarymas.<\/p>\n<p>Be pagarbos vienas kitam mes pasmerkti plaukti pasroviui, ne\u017einodami, kur srov\u0117 mus ne\u0161a.<\/p>\n","protected":false},"excerpt":{"rendered":"\u00a0 Seimo \u201eopozicija&#8221; tik komentuoja, praktini\u0173 veiksm\u0173 nesiima. \u017dmones telkti reikia konkre\u010diam oponavimui vald\u017eios nes\u0105mon\u0117ms, bet ne s\u0105ra\u0161\u0173&hellip;\n","protected":false},"author":2,"featured_media":186490,"comment_status":"","ping_status":"","sticky":false,"template":"","format":"standard","meta":{"footnotes":"","_share_on_mastodon":"0"},"categories":[15],"tags":[25,30,31,1501,267,34,35,24,1408,32,33,37,39,36,38,40,141,23,417,22,44,28,29,2344,119,26,27,516,74,75,76],"class_list":["post-186489","post","type-post","status-publish","format-standard","has-post-thumbnail","category-pasaulis","tag-antrastes","tag-breaking-news","tag-breakingnews","tag-budrys","tag-dronai","tag-featured-news","tag-featurednews","tag-headlines","tag-kaliningradas","tag-latest-news","tag-latestnews","tag-lietuva","tag-lietuviu","tag-lithuania","tag-lithuanian","tag-lt","tag-nato","tag-naujienos","tag-nauseda","tag-news","tag-pasaulis","tag-populiariausios-naujienos","tag-populiariausiosnaujienos","tag-priedanga","tag-rusija","tag-top-stories","tag-topstories","tag-vaisvila","tag-world","tag-world-news","tag-worldnews"],"share_on_mastodon":{"url":"https:\/\/pubeurope.com\/@lt\/116633536131957361","error":""},"_links":{"self":[{"href":"https:\/\/www.europesays.com\/lt\/wp-json\/wp\/v2\/posts\/186489","targetHints":{"allow":["GET"]}}],"collection":[{"href":"https:\/\/www.europesays.com\/lt\/wp-json\/wp\/v2\/posts"}],"about":[{"href":"https:\/\/www.europesays.com\/lt\/wp-json\/wp\/v2\/types\/post"}],"author":[{"embeddable":true,"href":"https:\/\/www.europesays.com\/lt\/wp-json\/wp\/v2\/users\/2"}],"replies":[{"embeddable":true,"href":"https:\/\/www.europesays.com\/lt\/wp-json\/wp\/v2\/comments?post=186489"}],"version-history":[{"count":0,"href":"https:\/\/www.europesays.com\/lt\/wp-json\/wp\/v2\/posts\/186489\/revisions"}],"wp:featuredmedia":[{"embeddable":true,"href":"https:\/\/www.europesays.com\/lt\/wp-json\/wp\/v2\/media\/186490"}],"wp:attachment":[{"href":"https:\/\/www.europesays.com\/lt\/wp-json\/wp\/v2\/media?parent=186489"}],"wp:term":[{"taxonomy":"category","embeddable":true,"href":"https:\/\/www.europesays.com\/lt\/wp-json\/wp\/v2\/categories?post=186489"},{"taxonomy":"post_tag","embeddable":true,"href":"https:\/\/www.europesays.com\/lt\/wp-json\/wp\/v2\/tags?post=186489"}],"curies":[{"name":"wp","href":"https:\/\/api.w.org\/{rel}","templated":true}]}}