{"id":186639,"date":"2026-05-25T08:16:53","date_gmt":"2026-05-25T08:16:53","guid":{"rendered":"https:\/\/www.europesays.com\/lt\/186639\/"},"modified":"2026-05-25T08:16:53","modified_gmt":"2026-05-25T08:16:53","slug":"sinoptiku-prognoze-savaitei-laukia-nemalonios-oru-permainos-respublika","status":"publish","type":"post","link":"https:\/\/www.europesays.com\/lt\/186639\/","title":{"rendered":"Sinoptik\u0173 prognoz\u0117 savaitei: laukia nemalonios or\u0173 permainos &#8211; Respublika"},"content":{"rendered":"<ol>\n<li><a href=\"https:\/\/news.google.com\/rss\/articles\/CBMiyAFBVV95cUxNYnViZDhDZE4yRmNKb2VqV2xLOW1sSVRyWUJFd2R2WmUtZzJQbGZrV3hKQTAyZFFYWkpWdE1EamFWT2RCV0wxTVVpTFNBc2lBSDlHOEhoX3lMV3l4ZHBrdzEtZ1RkRC1OcjFQZXRoc3JJekNnejRmTkl3Q2FsbG1xUElpYWJFanZFWVNjS01rb19MVTZaOFotUHRTUnl3MTliNU9VbF8yVk5kLUxWYWdpTXFlSDAwNEprNU5xZ3dnNmdHQmlhamRPMg?oc=5\" target=\"_blank\" rel=\"nofollow noopener\">Sinoptik\u0173 prognoz\u0117 savaitei: laukia nemalonios or\u0173 permainos<\/a>&nbsp;&nbsp;Respublika<\/li>\n<li><a href=\"https:\/\/news.google.com\/rss\/articles\/CBMi1AFBVV95cUxOOGxrTG41SU1CM05fODRON0FGRlJCMGpOdjI2bHNPQ1haVFBPa1VKS1hUMmVfS2hkOGpoZW1UQ0dzeDU5QWhGS0xmc09HOXJwUmI2bVd3R0JpRjNXZHNFQURsY1NCRjZqVWZHbnZIYjM2eUl6U1Itb3U5NDYtTk1LZURzMGdBenh5d3lHSnU2MTRadjQzZUpIWW5CSGVPSUhTaE1KTFVnRllWeDB1a1pzTWtaYVlCbk9RcnRDQ0Y5MHNvTzNLM244MmdEY2FEVFNZYnZVeQ?oc=5\" target=\"_blank\" rel=\"nofollow noopener\">Netrukus Lietuv\u0105 pasieks audringas ciklonas: sinoptik\u0117 \u012fsp\u0117jo, kam pasiruo\u0161ti<\/a>&nbsp;&nbsp;Lrytas<\/li>\n<li><a href=\"https:\/\/news.google.com\/rss\/articles\/CBMixAFBVV95cUxOd3JudXBMVzlWSmdVYXkwRlEyNmUzcVpGVThwelloN2VyNjJyb0hBNldLZlcxUU1sMGpVNkhlVWc2M2pIQTlBTEpiZXU0OERRTlQyUlI4UDA1VWNhcEdGa0hKV0x1RVRLVXdFajNBaHA5bVRGR1FydHVnbXZmRzBBVjJwOEl6R2dLbzVSZnZWN1ZQeDNmRWVMZTFhTWd2UTJDS3BqeDV1eTNOQ0RGajdFTGl6MUU0dkVEbC1GMi1LVEpMZURw?oc=5\" target=\"_blank\" rel=\"nofollow noopener\">I\u0161 meteorolog\u0173 \u2013 naujausi prane\u0161imai: skelbia, kuriems miestams i\u0161platinti \u012fsp\u0117jimai<\/a>&nbsp;&nbsp;Delfi<\/li>\n<li><a href=\"https:\/\/news.google.com\/rss\/articles\/CBMizwFBVV95cUxNczBBX0ExU2JaZmxwT2tDVXNFNjJsVUNzYVpiSkdxcnRUTWtUS2V4UlY4anRoZlBzQkN6MUVfcmNaMHFZdFNSQkd2MERhc1I2Y3JrWFpZS1pGX0M3Nk42WUhleFhuRlBaS3VXTzQ2bXNQeEdnRzEyOEFRcS1EMnhaaDA3LU5xbklrNkJucGxFNnpiTjhhdmU3LTk5dHZrRTZUZ2s1LWNuakhyN29ZX2JGT294UVNNYnk3bHRTa0k5WERfZGhtRzE3SmZCZU9VQU0?oc=5\" target=\"_blank\" rel=\"nofollow noopener\">Savait\u0117s prad\u017eia: kai kur \u0161ils iki 24 laipsni\u0173, nuotaik\u0105 bandys gadinti stiprokas v\u0117jas<\/a>&nbsp;&nbsp;LRT<\/li>\n<li><a href=\"https:\/\/news.google.com\/rss\/articles\/CBMirgFBVV95cUxORVNCVXFEZS1XZ0EwU01UYW1jUklaNW1YWjVFLTVPWXdEV0phX2dYdlNPUnVKeGxhV0hnUFVGOFQyNkhiZkJsVlJ5aDBHdVhDR2I4dFllUTUzcFpDWVl2MW5peWgtcXNoOXN2c2VrLTFBRGZTNmdmV1ZqR3V2Q0FySG52d0lVN2VoT3E3dmRucG1VNHNiSkw2LXcwaUZEYW90WS1TX0ZkcHEzWTRBZmc?oc=5\" target=\"_blank\" rel=\"nofollow noopener\">Baltijos \u0161alims \u2013 persp\u0117jimas d\u0117l pavojing\u0173 or\u0173: skelbia, kuriam Lietuvos regionui gali kli\u016bti smarkiausiai<\/a>&nbsp;&nbsp;Vakar\u0173 ekspresas<\/li>\n<\/ol>\n","protected":false},"excerpt":{"rendered":"Sinoptik\u0173 prognoz\u0117 savaitei: laukia nemalonios or\u0173 permainos&nbsp;&nbsp;Respublika Netrukus Lietuv\u0105 pasieks audringas ciklonas: sinoptik\u0117 \u012fsp\u0117jo, kam pasiruo\u0161ti&nbsp;&nbsp;Lrytas I\u0161 meteorolog\u0173&hellip;\n","protected":false},"author":2,"featured_media":186640,"comment_status":"","ping_status":"","sticky":false,"template":"","format":"standard","meta":{"footnotes":"","_share_on_mastodon":"0"},"categories":[6],"tags":[25,30,31,4160,34,35,24,32,33,657,37,39,36,38,40,23,22,260,10236,28,29,487,193,3253,658,654,26,27,7996],"class_list":["post-186639","post","type-post","status-publish","format-standard","has-post-thumbnail","category-antrastes","tag-antrastes","tag-breaking-news","tag-breakingnews","tag-ciklonas","tag-featured-news","tag-featurednews","tag-headlines","tag-latest-news","tag-latestnews","tag-lhmt","tag-lietuva","tag-lietuviu","tag-lithuania","tag-lithuanian","tag-lt","tag-naujienos","tag-news","tag-orai","tag-permainos","tag-populiariausios-naujienos","tag-populiariausiosnaujienos","tag-prognoze","tag-savaite","tag-siluma","tag-sinoptikai","tag-temperatura","tag-top-stories","tag-topstories","tag-vejas"],"share_on_mastodon":{"url":"https:\/\/pubeurope.com\/@lt\/116634231879427241","error":""},"_links":{"self":[{"href":"https:\/\/www.europesays.com\/lt\/wp-json\/wp\/v2\/posts\/186639","targetHints":{"allow":["GET"]}}],"collection":[{"href":"https:\/\/www.europesays.com\/lt\/wp-json\/wp\/v2\/posts"}],"about":[{"href":"https:\/\/www.europesays.com\/lt\/wp-json\/wp\/v2\/types\/post"}],"author":[{"embeddable":true,"href":"https:\/\/www.europesays.com\/lt\/wp-json\/wp\/v2\/users\/2"}],"replies":[{"embeddable":true,"href":"https:\/\/www.europesays.com\/lt\/wp-json\/wp\/v2\/comments?post=186639"}],"version-history":[{"count":0,"href":"https:\/\/www.europesays.com\/lt\/wp-json\/wp\/v2\/posts\/186639\/revisions"}],"wp:featuredmedia":[{"embeddable":true,"href":"https:\/\/www.europesays.com\/lt\/wp-json\/wp\/v2\/media\/186640"}],"wp:attachment":[{"href":"https:\/\/www.europesays.com\/lt\/wp-json\/wp\/v2\/media?parent=186639"}],"wp:term":[{"taxonomy":"category","embeddable":true,"href":"https:\/\/www.europesays.com\/lt\/wp-json\/wp\/v2\/categories?post=186639"},{"taxonomy":"post_tag","embeddable":true,"href":"https:\/\/www.europesays.com\/lt\/wp-json\/wp\/v2\/tags?post=186639"}],"curies":[{"name":"wp","href":"https:\/\/api.w.org\/{rel}","templated":true}]}}