{"id":186714,"date":"2026-05-25T09:50:11","date_gmt":"2026-05-25T09:50:11","guid":{"rendered":"https:\/\/www.europesays.com\/lt\/186714\/"},"modified":"2026-05-25T09:50:11","modified_gmt":"2026-05-25T09:50:11","slug":"apollo-group-uz-daugiau-nei-5-mln-euru-perka-restoranas-12-ir-caif-cafe-valdytojas","status":"publish","type":"post","link":"https:\/\/www.europesays.com\/lt\/186714\/","title":{"rendered":"\u201eApollo Group\u201c u\u017e daugiau nei 5 mln. eur\u0173 perka \u201eRestoranas 12\u201c ir \u201eCaif Cafe\u201c valdytojas"},"content":{"rendered":"<p>Estijos \u201eApollo Group\u201c perka \u012fmones, kurios Lietuvoje valdo 10 savitarnos dienos piet\u0173 restoran\u0173 \u201eRestoranas 12\u201c ir 20 \u201eCaif Cafe\u201c kavini\u0173, skelbia \u201eVerslo \u017einios\u201c.\u00a0<\/p>\n<p>Portalo \u017einiomis, Estijos \u201eApollo Group\u201c pasira\u0161\u0117 akcij\u0173 pirkimo sutart\u012f su Estijos \u201eDefood\u201c, pagal kuri\u0105 \u012fsigis 100 proc. bendrovi\u0173 \u201eRestoranai dvylika\u201c ir \u201eCcf kavin\u0117s\u201c akcij\u0173. Tiesa, pirkimas bus pilnai patvirtintas tik tada, kai leidim\u0105 jam vykdyti duos Konkurencijos taryba.<\/p>\n<p>Teigiama, jog \u201eRestoranai dvylika\u201c akcijos perkamos u\u017e kiek daugiau kaip 5 mln. eur\u0173, o bendrov\u0117s \u201eCcf kavin\u0117s\u201c tuo metu kainuos 272,6 t\u016bkst. eur\u0173.<\/p>\n<p>\u201eApollo Group\u201c restoran\u0173 portfel\u012f sudaro Baltijos \u0161alyse ir Suomijoje valdomos KFC fran\u0161iz\u0117s greitojo aptarnavimo restoranai, \u201eDelano\u201c savitarnos restoranai Vilniaus ir Klaip\u0117dos \u201eAkropoliuose\u201c, \u201eCan Can Pizza\u201c picerij\u0173 tinklas.<\/p>\n<p>Pasak V\u017d, akcijas i\u0161platinusi obligacijas \u201eApollo Group\u201c pritrauk\u0117 51 mln. eur\u0173 ir planuoja aktyvi\u0105 pl\u0117tr\u0105 Baltijos \u0161alyse ir Suomijoje. Skai\u010diuojant restoranus ir kino teatrus, Lietuvoje \u201eApollo Group\u201c turi 37 veiklos vietas, o per artimiausius kelerius metus Lietuvoje planuoja \u012fkurti apie 30 nauj\u0173 viet\u0173. Baltijos \u0161alyse j\u0173 i\u0161 viso yra 130.<\/p>\n<p>\t\t\t\t\t\t\t\t\t\t\t\t <img decoding=\"async\" src=\"https:\/\/www.europesays.com\/lt\/wp-content\/uploads\/2026\/05\/1779685860_965_elta.png\"\/><\/p>\n","protected":false},"excerpt":{"rendered":"Estijos \u201eApollo Group\u201c perka \u012fmones, kurios Lietuvoje valdo 10 savitarnos dienos piet\u0173 restoran\u0173 \u201eRestoranas 12\u201c ir 20 \u201eCaif&hellip;\n","protected":false},"author":2,"featured_media":186715,"comment_status":"","ping_status":"","sticky":false,"template":"","format":"standard","meta":{"footnotes":"","_share_on_mastodon":"0"},"categories":[17],"tags":[81,2025,37,39,36,38,40,3839,46],"class_list":["post-186714","post","type-post","status-publish","format-standard","has-post-thumbnail","category-verslas","tag-business","tag-kavine","tag-lietuva","tag-lietuviu","tag-lithuania","tag-lithuanian","tag-lt","tag-restoranas","tag-verslas"],"share_on_mastodon":{"url":"https:\/\/pubeurope.com\/@lt\/116634598246533600","error":""},"_links":{"self":[{"href":"https:\/\/www.europesays.com\/lt\/wp-json\/wp\/v2\/posts\/186714","targetHints":{"allow":["GET"]}}],"collection":[{"href":"https:\/\/www.europesays.com\/lt\/wp-json\/wp\/v2\/posts"}],"about":[{"href":"https:\/\/www.europesays.com\/lt\/wp-json\/wp\/v2\/types\/post"}],"author":[{"embeddable":true,"href":"https:\/\/www.europesays.com\/lt\/wp-json\/wp\/v2\/users\/2"}],"replies":[{"embeddable":true,"href":"https:\/\/www.europesays.com\/lt\/wp-json\/wp\/v2\/comments?post=186714"}],"version-history":[{"count":0,"href":"https:\/\/www.europesays.com\/lt\/wp-json\/wp\/v2\/posts\/186714\/revisions"}],"wp:featuredmedia":[{"embeddable":true,"href":"https:\/\/www.europesays.com\/lt\/wp-json\/wp\/v2\/media\/186715"}],"wp:attachment":[{"href":"https:\/\/www.europesays.com\/lt\/wp-json\/wp\/v2\/media?parent=186714"}],"wp:term":[{"taxonomy":"category","embeddable":true,"href":"https:\/\/www.europesays.com\/lt\/wp-json\/wp\/v2\/categories?post=186714"},{"taxonomy":"post_tag","embeddable":true,"href":"https:\/\/www.europesays.com\/lt\/wp-json\/wp\/v2\/tags?post=186714"}],"curies":[{"name":"wp","href":"https:\/\/api.w.org\/{rel}","templated":true}]}}