{"id":186753,"date":"2026-05-25T10:41:17","date_gmt":"2026-05-25T10:41:17","guid":{"rendered":"https:\/\/www.europesays.com\/lt\/186753\/"},"modified":"2026-05-25T10:41:17","modified_gmt":"2026-05-25T10:41:17","slug":"tokios-dianos-nausedienes-dar-nematete-ivaizdis-trauke-akis","status":"publish","type":"post","link":"https:\/\/www.europesays.com\/lt\/186753\/","title":{"rendered":"Tokios Dianos Naus\u0117dien\u0117s dar nemat\u0117te: \u012fvaizdis trauk\u0117 akis"},"content":{"rendered":"<p>Prie nuotrauk\u0173 sienel\u0117s pozavusi D. Naus\u0117dien\u0117 vilk\u0117jo ry\u0161kios spalvos kostium\u0117l\u012f, kuris i\u0161kart trauk\u0117 ak\u012f. Prie eleganti\u0161ko derinio ji priderino klasikinius auk\u0161takulnius, ta\u010diau daugiausia d\u0117mesio sulauk\u0117 ne apranga, o i\u0161skirtin\u0117 \u0161ukuosena.<\/p>\n<p>Toks pirmosios ponios pasirinkimas nustebino ne vien\u0105 lietuv\u012f, mat \u012fprastai ji renkasi sant\u016bresn\u012f ir subtil\u0173 \u012fvaizd\u012f bei retai eksperimentuoja su plauk\u0173 stiliumi. <\/p>\n<p>Vis d\u0117lto \u0161\u012fkart ji nusprend\u0117 pasirinkti labiau i\u0161siskiriant\u012f variant\u0105.<\/p>\n<p>    <img decoding=\"async\" src=\"https:\/\/www.europesays.com\/lt\/wp-content\/uploads\/2026\/05\/2a1aee1c-67a4-4654-ac7b-7498d90e621d.jpg\" loading=\"lazy\" alt=\"I\u0161kilmingas iniciatyvos \u201eSu\u017eyd\u0117jusi viltis\u201c vakaras\"\/>      <\/p>\n<p>Vyko i\u0161kilmingas vakaras<\/p>\n<p>Primename, kad \u0160e\u0161tadienio vakar\u0105 Lietuvos nacionaliniame operos ir baleto teatre vykusiame labdaros renginyje susib\u016br\u0117 garbinga publika. <\/p>\n<p>Jau 18-\u0105j\u012f kart\u0105 Tarptautin\u0117s Vilniaus moter\u0173 asociacijos (IWAV) organizuojamas iniciatyvos \u201eSu\u017eyd\u0117jusi viltis\u201c vakaras pakviet\u0117 ne tik m\u0117gautis i\u0161skirtine kult\u016brine programa, bet ir drauge prisid\u0117ti prie kilnaus tikslo \u2013 kr\u016bties v\u0117\u017eio prevencijos ir ankstyvos diagnostikos stiprinimo Lietuvoje.<\/p>\n<p>\u012e rengin\u012f rinkosi iniciatyvos glob\u0117ja, pirmoji \u0161alies ponia Diana Naus\u0117dien\u0117, Jungtini\u0173 Amerikos Valstij\u0173 ambasador\u0117 Lietuvoje Kara C. McDonald, kit\u0173 u\u017esienio \u0161ali\u0173 ambasadoriai ir ambasad\u0173 atstovai, medicinos bendruomen\u0117s nariai, verslo, kult\u016bros bei visuomen\u0117s veik\u0117jai ir ilgame\u010diai iniciatyvos r\u0117m\u0117jai, ra\u0161oma spaudos prane\u0161ime. <\/p>\n<p class=\"Body\">I\u0161kilming\u0105 vakar\u0105 prad\u0117jo pianist\u0117s <a rel=\"noopener nofollow\" target=\"_blank\" href=\"https:\/\/www.delfi.lt\/temos\/ieva-dudaite\" data-rel-date-range=\"[]\">Ievos D\u016bdait\u0117s-Rad\u017ei\u016bn\u0117s<\/a> pasirodymas, o v\u0117liau sve\u010diai m\u0117gavosi atlik\u0117jos R\u016btos MUR muzikine programa bei baleto premjera \u201ePaquita\u201c, tapusia vakaro kulminacija. Vakaro sve\u010diai taip pat gal\u0117jo gro\u017e\u0117tis i\u0161skirtin\u0117mis Manto Petru\u0161kevi\u010diaus kurtomis dekoracijomis, suteikusiomis renginiui ypatingos elegancijos ir jaukumo.<\/p>\n","protected":false},"excerpt":{"rendered":"Prie nuotrauk\u0173 sienel\u0117s pozavusi D. Naus\u0117dien\u0117 vilk\u0117jo ry\u0161kios spalvos kostium\u0117l\u012f, kuris i\u0161kart trauk\u0117 ak\u012f. Prie eleganti\u0161ko derinio ji&hellip;\n","protected":false},"author":2,"featured_media":186754,"comment_status":"","ping_status":"","sticky":false,"template":"","format":"standard","meta":{"footnotes":"","_share_on_mastodon":"0"},"categories":[13],"tags":[25,30,31,11013,34,35,24,1888,32,33,37,39,36,38,40,23,22,28,29,26,27],"class_list":["post-186753","post","type-post","status-publish","format-standard","has-post-thumbnail","category-lietuva","tag-antrastes","tag-breaking-news","tag-breakingnews","tag-diana-nausediene","tag-featured-news","tag-featurednews","tag-headlines","tag-ivaizdis","tag-latest-news","tag-latestnews","tag-lietuva","tag-lietuviu","tag-lithuania","tag-lithuanian","tag-lt","tag-naujienos","tag-news","tag-populiariausios-naujienos","tag-populiariausiosnaujienos","tag-top-stories","tag-topstories"],"share_on_mastodon":{"url":"https:\/\/pubeurope.com\/@lt\/116634798654141402","error":""},"_links":{"self":[{"href":"https:\/\/www.europesays.com\/lt\/wp-json\/wp\/v2\/posts\/186753","targetHints":{"allow":["GET"]}}],"collection":[{"href":"https:\/\/www.europesays.com\/lt\/wp-json\/wp\/v2\/posts"}],"about":[{"href":"https:\/\/www.europesays.com\/lt\/wp-json\/wp\/v2\/types\/post"}],"author":[{"embeddable":true,"href":"https:\/\/www.europesays.com\/lt\/wp-json\/wp\/v2\/users\/2"}],"replies":[{"embeddable":true,"href":"https:\/\/www.europesays.com\/lt\/wp-json\/wp\/v2\/comments?post=186753"}],"version-history":[{"count":0,"href":"https:\/\/www.europesays.com\/lt\/wp-json\/wp\/v2\/posts\/186753\/revisions"}],"wp:featuredmedia":[{"embeddable":true,"href":"https:\/\/www.europesays.com\/lt\/wp-json\/wp\/v2\/media\/186754"}],"wp:attachment":[{"href":"https:\/\/www.europesays.com\/lt\/wp-json\/wp\/v2\/media?parent=186753"}],"wp:term":[{"taxonomy":"category","embeddable":true,"href":"https:\/\/www.europesays.com\/lt\/wp-json\/wp\/v2\/categories?post=186753"},{"taxonomy":"post_tag","embeddable":true,"href":"https:\/\/www.europesays.com\/lt\/wp-json\/wp\/v2\/tags?post=186753"}],"curies":[{"name":"wp","href":"https:\/\/api.w.org\/{rel}","templated":true}]}}