{"id":186779,"date":"2026-05-25T11:10:36","date_gmt":"2026-05-25T11:10:36","guid":{"rendered":"https:\/\/www.europesays.com\/lt\/186779\/"},"modified":"2026-05-25T11:10:36","modified_gmt":"2026-05-25T11:10:36","slug":"atvira-klaipeda-nusipirko-dar-sesis-trantus-2","status":"publish","type":"post","link":"https:\/\/www.europesays.com\/lt\/186779\/","title":{"rendered":"Atvira Klaip\u0117da | Nusipirko dar \u0161e\u0161is \u201etrantus\u201c"},"content":{"rendered":"<tr>\n<td><img loading=\"lazy\" alt=\"Avatar photo\" src=\"https:\/\/www.europesays.com\/lt\/wp-content\/uploads\/2026\/05\/cropped-47e534bf-57dc-4f87-b2bb-9dbf5c42f278-100x100.jpg\"  class=\"avatar avatar-100 photo\" height=\"100\" width=\"100\" decoding=\"async\"\/><\/td>\n<td><a href=\"https:\/\/www.atviraklaipeda.lt\/author\/arturas\/\" rel=\"nofollow noopener\" target=\"_blank\">Art\u016bras \u0160ulcas<br \/>2026-05-25<\/td>\n<\/tr>\n<p>Uostamies\u010dio savivaldyb\u0117s valdoma UAB \u201eKlaip\u0117dos paslaugos\u201c \u012fsigijo dar \u0161e\u0161is miesto tipo autobusus keleiviams ve\u017eti. \u0160ie pirkiniai, kuri\u0173 tar\u0161os emisija, am\u017eius ir kitos charakteristikos vie\u0161ai neskelbiamos, kainavo 34,5 t\u016bkst. eur\u0173.<\/p>\n<p><img fetchpriority=\"high\" decoding=\"async\" width=\"960\" height=\"640\" src=\"https:\/\/www.europesays.com\/lt\/wp-content\/uploads\/2026\/05\/41autob.jpg\" alt=\"Autobusas\" class=\"wp-image-108977\"  \/>Martyno Vainoriaus nuotr.<\/p>\n<p>Sutartis po neskelbiamos apklausos d\u0117l M3 CE klas\u0117s transporto priemoni\u0173 \u201eMercedes Benz O 530 Citaro\u201c, \u201eSolaris urbino 12\u201c ir \u201eMAN A2118A62AA Lions City\u201c\u00a0pirkimo sudaryta \u0161i\u0173 met\u0173 gegu\u017e\u0117s 20 d. su UAB \u201eBemida\u201c, pernai jau i\u0161nuomojusia senus autobusus \u201eKlaip\u0117dos paslaugoms\u201c. Autobusai, d\u0117l kuri\u0173 susitarta \u0161\u012fkart, turi b\u016bti pristatyti ne ilgiau kaip per penkias dienas po sutarties pasira\u0161ymo.\u00a0<\/p>\n<p>\u201eAtvira Klaip\u0117da\u201c pra\u0117jusi\u0105 savait\u0119 <a href=\"https:\/\/www.atviraklaipeda.lt\/2026\/05\/21\/senu-trantu-pirkimas-ir-nauju-autobusu-velavimas-pakvipo-teismu\/\" target=\"_blank\" rel=\"noreferrer noopener nofollow\">ra\u0161\u0117<\/a>, jog sen\u0173 \u201etrant\u0173\u201c, pasak Savivaldyb\u0117s tarybos nario Ugniaus Radvilos, pirkimas ir nauj\u0173 autobus\u0173 v\u0117lavimas pakvipo teismu.<\/p>\n<p>\u201eKlaip\u0117dos mieste mes laikom\u0117s \u0161ito plano \u2013 2027 metasi mieste neva\u017ein\u0117s tar\u0161us transportas\u201c, \u2013 politikams pra\u0117jusi\u0105 savait\u0119 ai\u0161kino \u201eKlaip\u0117dos paslaug\u0173\u201c generalinis direktorius Vaidas Ramanauskas. \u2013\u00a0 Dabar pagal sutart\u012f jis neur\u0117jo va\u017eiuoti, bet gamintoja v\u0117luoja pristatyti autobusus. D\u0117l to kelis m\u0117nesius turim ve\u017eti keleivius su senais autobusais. Alternatyv\u0173 n\u0117ra. &lt;\u2026&gt; To daryti kaip vadovas nenoriu, bet kito pasirinkimo neturiu: arba nenuve\u017eam keleivi\u0173 arba nuve\u017eam juos kelis m\u0117nesius su senesniais\u201c.<\/p>\n<p>Neseniai \u201eKlaip\u0117dos paslaugos\u201c \u012fsigijo septynis daugiau nei 10 met\u0173 am\u017eiaus miesto tipo autobusus. Bendra pirkinio vert\u0117 \u2013 364 210 eur\u0173<\/p>\n<p>Vasario 9-\u0105j\u0105, pirm\u0105j\u0105 savo darbo dien\u0105 po to, kai meras Arvydas Vaitkus i\u0161 pareig\u0173 be oficialios prie\u017easties atleido ilgamet\u012f V\u0161\u012e \u201eKlaip\u0117dos keleivinis transportas\u201c direktori\u0173 Gintar\u0105 Neni\u0161k\u012f, laikinai j\u012f pakeitusi Savivaldyb\u0117s administracijos darbuotoja Alina Mikalausk\u0117 ir administracijos direktorius Andrius \u017dukas pasira\u0161\u0117 vidaus sandorio d\u0117l did\u017eiosios miesto autobus\u0173 rinkos\u00a0 dalies pakeitim\u0105 su \u201eKlaip\u0117dos paslaugomis\u201c. Juo \u201eKlaip\u0117dos paslaugoms\u201c leid\u017eiama laikinai nepaisyti reikalavimo keleivius ve\u017eti autobusais, pagamintais \u201ene anks\u010diau nei 2020 m. i\u0161skyrus su Europos S\u0105jungos finansavimu \u012fsigytus autobusus ir ne daugiau kaip 10 proc. senesni\u0173 autobus\u0173 rezervui u\u017etikrinti\u201c. Tokia i\u0161lyga bus taikoma \u201epereinamuoju laikotarpiu\u201c, kuris baigsis, kai \u201eKlaip\u0117dos paslaugos\u201c sulauks 25 nauj\u0173 \u201eIVECO BUS URBANWAY CNG MH\u201c autobus\u0173, kurie bus varomi elektra ir susl\u0117gtomis dujomis.<\/p>\n<p>Pasira\u0161ius \u0161\u012f pakeitim\u0105 \u201eKlaip\u0117dos paslaugos\u201c\u00a0inicijavo\u00a0\u017eemagrind\u017ei\u0173\u00a0autobus\u0173 pirkim\u0105\u00a0neskelbiamos apklausos b\u016bdu. Vasario 12-\u0105j\u0105 \u201eKlaip\u0117dos paslaugoms\u201c pasi\u016blym\u0105 pateik\u0117 V. Gir\u010dio individuali \u012fmon\u0117. Jos savininkas\u00a0Vytas Gir\u010dys buvo vienas\u00a0i\u0161 UAB \u201ePaj\u016brio autobusai\u201c, nuo vasario 18 d. pasitraukusios i\u0161 rinkos,\u00a0akcinink\u0173.\u00a0\u201ePaj\u016brio autobusai\u201c ve\u017edavo keleivius 6 ir 15 mar\u0161rut\u0173 autobusais, kuriuos nuo vasario 18 d. per\u0117m\u0117 \u201eKlaip\u0117dos\u00a0paslaugos\u201c.\u00a0\u00a0<\/p>\n<p>V. Gir\u010dio individuali \u012fmon\u0117 pasi\u016bl\u0117 parduoti penkis dyzelinius ir vien\u0105 dujin\u012f autobusus \u201eMAN A 21 Lions City\u201c bei \u201eMercedes Benz O 530 Citaro\u201c. Dyzeliniai pagaminti 2006-2008, dujinis \u2013 2006 m. Vieno i\u0161 j\u0173 kaina 3000, vis\u0173 kit\u0173 \u2013 po 3200 eur\u0173 be PVM. \u201eKlaip\u0117dos paslaugoms\u201c pasi\u016blymas tiko ir jau kit\u0105 dien\u0105 buvo pasira\u0161yta atitinkama 22 990 eur\u0173 su PVM vert\u0117s pirkimo sutartis.<\/p>\n<p>Pernai lapkrit\u012f \u0161i savivaldyb\u0117s \u012fmon\u0117 i\u0161nuomojo septynis naudotus miesto tipo \u017eemagrind\u017eius autobusus i\u0161 trij\u0173 jungtin\u0117s veiklos partneri\u0173 \u2013 UAB \u201eBenjuva\u201c, \u201eBemida\u201c ir E. Kasiliausko individualios \u012fmon\u0117s. \u0160i sutartis galioja iki 2026 m. rugs\u0117jo. Vieno autobuso nuomos \u012fkainis \u2013 42,11 Eur u\u017e dien\u0105. Autobus\u0173 mark\u0117s, kokiu kuru jie varomi, paskelbtuose dokumentuose nebuvo nurodyta. Ra\u0161yta, jog autobusai turi b\u016bti pagaminti ne anks\u010diau kaip 2008 metais.<\/p>\n<p>E. Kasiliausko individuali \u012fmon\u0117 buvo viena i\u0161 Keleivi\u0173 transporto kooperatin\u0117s bendrov\u0117s \u201eGintarinis vairas\u201c, da\u017enai kritikuotos keleivi\u0173 ir galiausiai\u00a0<a href=\"https:\/\/www.atviraklaipeda.lt\/2025\/11\/14\/keiciasi-vezejai-ir-kai-kuriu-marsrutu-tvarkarasciai\/\" target=\"_blank\" rel=\"noreferrer noopener nofollow\">pasitraukusios\u00a0<\/a>i\u0161 uostamies\u010dio vie\u0161ojo transporto rinkos, nari\u0173.\u00a0Tuo metu UAB \u201eBenjuva\u201c direktor\u0117 J\u016brat\u0117\u00a0Lazdauskien\u0117, 2024 m.\u00a0<a href=\"https:\/\/www.atviraklaipeda.lt\/2024\/10\/10\/liudijimai-teisme-socdemiskos-draugystes-asmeniniai-reikalai-savivaldybes-imoneje-paskolos-be-rasteliu\/\" target=\"_blank\" rel=\"noreferrer noopener nofollow\">ai\u0161kino\u00a0<\/a>baud\u017eiam\u0105j\u0105 byl\u0105 nagrin\u0117jan\u010diam Klaip\u0117dos apygardos teismui, kaip skolino pinigus teisiamam V. Ramanauskui ir jo \u017emonai Ingridai.\u00a0<\/p>\n<p>\u017dymos: <a href=\"https:\/\/www.atviraklaipeda.lt\/zyma\/klaipedos-paslaugos-2\/\" rel=\"tag nofollow noopener\" target=\"_blank\">\u201eKlaip\u0117dos paslaugos\u201c<\/a> | <a href=\"https:\/\/www.atviraklaipeda.lt\/zyma\/autobusai\/\" rel=\"tag nofollow noopener\" target=\"_blank\">autobusai<\/a> | <a href=\"https:\/\/www.atviraklaipeda.lt\/zyma\/bemida\/\" rel=\"tag nofollow noopener\" target=\"_blank\">Bemida<\/a> | <a href=\"https:\/\/www.atviraklaipeda.lt\/zyma\/klaipedos-paslaugos\/\" rel=\"tag nofollow noopener\" target=\"_blank\">Klaip\u0117dos paslaugos<\/a> | <a href=\"https:\/\/www.atviraklaipeda.lt\/zyma\/uab-bemida\/\" rel=\"tag nofollow noopener\" target=\"_blank\">UAB Bemida<\/a> | <a href=\"https:\/\/www.atviraklaipeda.lt\/zyma\/ugnius-radvila\/\" rel=\"tag nofollow noopener\" target=\"_blank\">Ugnius Radvila<\/a> | <a href=\"https:\/\/www.atviraklaipeda.lt\/zyma\/vaidas-ramanauskas\/\" rel=\"tag nofollow noopener\" target=\"_blank\">Vaidas Ramanauskas<\/a><\/p>\n<p>\tPrane\u0161ti apie klaid\u0105  <br \/>PANA\u0160\u016aS STRAIPSNIAI<\/p>\n","protected":false},"excerpt":{"rendered":"Art\u016bras \u0160ulcas2026-05-25 Uostamies\u010dio savivaldyb\u0117s valdoma UAB \u201eKlaip\u0117dos paslaugos\u201c \u012fsigijo dar \u0161e\u0161is miesto tipo autobusus keleiviams ve\u017eti. \u0160ie pirkiniai,&hellip;\n","protected":false},"author":2,"featured_media":186555,"comment_status":"","ping_status":"","sticky":false,"template":"","format":"standard","meta":{"footnotes":"","_share_on_mastodon":"0"},"categories":[17],"tags":[20125,5626,29273,81,37,39,36,38,40,29274,29087,21086,46],"class_list":["post-186779","post","type-post","status-publish","format-standard","has-post-thumbnail","category-verslas","tag-klaipedos-paslaugos","tag-autobusai","tag-bemida","tag-business","tag-lietuva","tag-lietuviu","tag-lithuania","tag-lithuanian","tag-lt","tag-uab-bemida","tag-ugnius-radvila","tag-vaidas-ramanauskas","tag-verslas"],"share_on_mastodon":{"url":"https:\/\/pubeurope.com\/@lt\/116634912603166344","error":""},"_links":{"self":[{"href":"https:\/\/www.europesays.com\/lt\/wp-json\/wp\/v2\/posts\/186779","targetHints":{"allow":["GET"]}}],"collection":[{"href":"https:\/\/www.europesays.com\/lt\/wp-json\/wp\/v2\/posts"}],"about":[{"href":"https:\/\/www.europesays.com\/lt\/wp-json\/wp\/v2\/types\/post"}],"author":[{"embeddable":true,"href":"https:\/\/www.europesays.com\/lt\/wp-json\/wp\/v2\/users\/2"}],"replies":[{"embeddable":true,"href":"https:\/\/www.europesays.com\/lt\/wp-json\/wp\/v2\/comments?post=186779"}],"version-history":[{"count":0,"href":"https:\/\/www.europesays.com\/lt\/wp-json\/wp\/v2\/posts\/186779\/revisions"}],"wp:featuredmedia":[{"embeddable":true,"href":"https:\/\/www.europesays.com\/lt\/wp-json\/wp\/v2\/media\/186555"}],"wp:attachment":[{"href":"https:\/\/www.europesays.com\/lt\/wp-json\/wp\/v2\/media?parent=186779"}],"wp:term":[{"taxonomy":"category","embeddable":true,"href":"https:\/\/www.europesays.com\/lt\/wp-json\/wp\/v2\/categories?post=186779"},{"taxonomy":"post_tag","embeddable":true,"href":"https:\/\/www.europesays.com\/lt\/wp-json\/wp\/v2\/tags?post=186779"}],"curies":[{"name":"wp","href":"https:\/\/api.w.org\/{rel}","templated":true}]}}