{"id":186817,"date":"2026-05-25T11:49:10","date_gmt":"2026-05-25T11:49:10","guid":{"rendered":"https:\/\/www.europesays.com\/lt\/186817\/"},"modified":"2026-05-25T11:49:10","modified_gmt":"2026-05-25T11:49:10","slug":"nauseda-teikia-siulyma-del-gyventoju-einamuju-saskaitu","status":"publish","type":"post","link":"https:\/\/www.europesays.com\/lt\/186817\/","title":{"rendered":"Naus\u0117da teikia si\u016blym\u0105 d\u0117l gyventoj\u0173 einam\u0173j\u0173 s\u0105skait\u0173"},"content":{"rendered":"<p>Prezidentas Gitanas Naus\u0117da Seimui pateik\u0117 svarstyti tai numatant\u012f Savanori\u0161ko gyventoj\u0173 l\u0117\u0161\u0173 kredito \u012fstaig\u0173 specialiosiose einamosiose s\u0105skaitose ekonominio \u012fveiklinimo \u012fstatymo projekt\u0105 su Valstyb\u0117s skolos ir Valstyb\u0117s ir savivaldyb\u0117s \u012fmoni\u0173 \u012fstatym\u0173 pakeitimais.<\/p>\n<p>\u201eGyventoj\u0173 ind\u0117li\u0173 \u012fveiklinimas leist\u0173 pasiekti du tikslus: gyventojai gal\u0117t\u0173 u\u017esidirbti i\u0161 savo einamosiose s\u0105skaitose laikom\u0173 l\u0117\u0161\u0173, o \u0161alies \u016bkis gaut\u0173 nauj\u0173 pl\u0117tros finansavimo galimybi\u0173 ilgalaikiams gr\u0105\u017e\u0105 duodantiems investiciniams projektams\u201c,\u00a0\u2013 Prezident\u016bros prane\u0161ime teig\u0117 \u0161alies vadovas.<\/p>\n<p>Si\u016bloma, kad savo ind\u0117lius \u012fveiklinti norintis gyventojas tai tur\u0117t\u0173 sutikti daryti savanori\u0161kai, tam jam b\u016bt\u0173 atidaryta specialioji einamoji s\u0105skaita, kurios l\u0117\u0161os b\u016bt\u0173 priskirtos ekonomikos augimo finansavimo programai. <\/p>\n<p>Program\u0105 \u012fgyvendinantys komerciniai bankai \u0161ias l\u0117\u0161as \u2013 ne daugiau nei 2,5 t\u016bkst. eur\u0173 \u2013 skolint\u0173 nacionaliniam pl\u0117tros bankui, o pinigai b\u016bt\u0173 naudojami vykdant valstyb\u0117s ir savivaldybi\u0173 \u012fmoni\u0173 energetikos, ekonomikos konkurencingumo, valstyb\u0117s saugumo ir gynybos, b\u016bsto ir susisiekimo projektus.<\/p>\n<p>    <img decoding=\"async\" src=\"https:\/\/www.europesays.com\/lt\/wp-content\/uploads\/2026\/05\/792c7608-2534-4a34-8aa5-dcf63aedc1eb.jpg\" loading=\"lazy\" alt=\"Audrius Kli\u0161onis, Gitanas Naus\u0117da, Kristupas Vaitiek\u016bnas, Dainius Vil\u010dinskas\"\/>      <\/p>\n<p>Anot Prezident\u016bros, \u0161ios l\u0117\u0161os ir toliau b\u016bt\u0173 draud\u017eiamos Ind\u0117li\u0173 draudimo fonde ir, nors komerciniai bankai jas skolint\u0173 ILTE, gyventojai bet kuriuo momentu gal\u0117t\u0173 pasiimti dal\u012f ar visas \u0161ioje s\u0105skaitoje laikomas l\u0117\u0161as. <\/p>\n<p>Taip pat numatoma, kad vienu metu gyventojas gal\u0117t\u0173 tur\u0117ti tik vien\u0105 toki\u0105 speciali\u0105j\u0105 einam\u0105j\u0105 s\u0105skait\u0105.<\/p>\n<p>Pal\u016bkan\u0173 normos dydis u\u017e \u0161ias l\u0117\u0161as b\u016bt\u0173 nustatomas atsi\u017evelgiant \u012f Europos Centrinio Banko (ECB) nustatyt\u0105 pal\u016bkan\u0173 normos u\u017e ind\u0117lius dyd\u012f, tai b\u016bt\u0173 daroma Vyriausyb\u0117s nutarimu du kartus per metus.<\/p>\n<p>Programos pal\u016bkan\u0173 norma, mokama gyventojams, pagal si\u016blom\u0105 \u012fstatymo projekt\u0105 negal\u0117t\u0173 b\u016bti ma\u017eesn\u0117 u\u017e 0,1 proc. ir ne didesn\u0117 nei 3 proc.<\/p>\n<p>Kredito \u012fstaigai b\u016bt\u0173 suteikiama valstyb\u0117s garantija u\u017e ILTE pagal \u0161i\u0105 ind\u0117li\u0173 \u012fveiklinimo program\u0105 paskolintas l\u0117\u0161as.<\/p>\n<p>Anot Prezident\u016bros, rengiant \u0161\u012f \u012fstatymo projekt\u0105 buvo gauta teigiama ECB i\u0161vada.<\/p>\n<p>Kartu Seimui teikiamu Valstyb\u0117s skolos \u012fstatymo pakeitimo projektu siekiama sudaryti galimyb\u0119 teikti valstyb\u0117s garantij\u0105 d\u0117l paskol\u0173, naudojam\u0173 \u012fveiklinant ind\u0117lius.<\/p>\n<p>Tuo metu Valstyb\u0117s ir savivaldyb\u0117s \u012fmoni\u0173 \u012fstatymo pakeitimo projektu si\u016bloma numatyti, kad \u012fmon\u0117s savininko teises ir pareigas \u012fgyvendinan\u010diai institucijai tvirtinant skolinimosi planus tur\u0117t\u0173 b\u016bti \u012fvertinama galimyb\u0117 pasinaudoti ind\u0117li\u0173 \u012fveiklinimo \u012fstatyme numatytais finansavimo \u0161altiniais.<\/p>\n<p>       <img decoding=\"async\" src=\"https:\/\/www.europesays.com\/lt\/wp-content\/uploads\/2026\/05\/2fd2f1aa-00d3-4609-adf9-e83249cc44df.jpg\" loading=\"lazy\" alt=\"Dainius Vil\u010dinskas\"\/>      <\/p>\n<p>Anks\u010diau komentuodamas \u0161\u012f mechanizm\u0105 ILTE generalinis direktorius Dainius Vil\u010dinskas Eltai sak\u0117, kad suk\u016brus \u0161\u012f mechanizm\u0105 pats bankas ind\u0117li\u0173 nepriimt\u0173, o l\u0117\u0161as nukreipt\u0173 \u012f ma\u017eos rizikos projektus.<\/p>\n<p>Anot ILTE vadovo, prezidento si\u016blymas pad\u0117t\u0173 spr\u0119sti problem\u0105, kad gyventojai komerciniuose bankuose ind\u0117liuose laiko daug l\u0117\u0161\u0173, kurios \u201enedirba\u201c finans\u0173 sistemoje, bank\u0173 paskol\u0173 portfelis neauga taip greitai, kaip nor\u0117t\u0173si, tod\u0117l \u0161ios l\u0117\u0161os neprisideda prie gynybos, infrastrukt\u016bros ir kit\u0173 valstybei svarbi\u0173 sri\u010di\u0173 finansavimo.<\/p>\n<p>Finans\u0173 ministras Kristupas Vaitiek\u016bnas Eltai sak\u0117, jog b\u016btina \u012fvertinti pl\u0117tros bankui kylan\u010dias rizikas ir \u012fsitikinti, kad mechanizmui i\u0161populiar\u0117jus ILTE tur\u0117t\u0173, kur \u0161ias l\u0117\u0161as investuoti, taip pat skepti\u0161kai vertino galimybes ind\u0117li\u0173 pal\u016bkan\u0173 normos dyd\u012f sieti su infliacijos rodikliais.<\/p>\n<p>       <img decoding=\"async\" src=\"https:\/\/www.europesays.com\/lt\/wp-content\/uploads\/2026\/05\/d5efe9f6-45f0-49b2-8c8e-b5db197f0537.jpg\" loading=\"lazy\" alt=\"Kristupas Vaitiek\u016bnas\"\/>      <\/p>\n<p>Lietuvos banko (LB) duomenimis, pernai bankuose buvo laikoma 78,8 mlrd. eur\u0173 ind\u0117li\u0173, i\u0161 j\u0173 Lietuvos gyventoj\u0173 ind\u0117liai sudar\u0117 26,9 mlrd. eur\u0173, o u\u017esienio gyventoj\u0173 ir verslo ind\u0117liai \u2013 34,1 mlrd. eur\u0173. <\/p>\n","protected":false},"excerpt":{"rendered":"Prezidentas Gitanas Naus\u0117da Seimui pateik\u0117 svarstyti tai numatant\u012f Savanori\u0161ko gyventoj\u0173 l\u0117\u0161\u0173 kredito \u012fstaig\u0173 specialiosiose einamosiose s\u0105skaitose ekonominio \u012fveiklinimo&hellip;\n","protected":false},"author":2,"featured_media":186818,"comment_status":"","ping_status":"","sticky":false,"template":"","format":"standard","meta":{"footnotes":"","_share_on_mastodon":"0"},"categories":[6],"tags":[25,30,31,34,35,67,29305,24,828,32,33,37,39,36,38,40,23,22,28,29,128,26,27],"class_list":["post-186817","post","type-post","status-publish","format-standard","has-post-thumbnail","category-antrastes","tag-antrastes","tag-breaking-news","tag-breakingnews","tag-featured-news","tag-featurednews","tag-gitanas-nauseda","tag-gyventoju-indeliai","tag-headlines","tag-ilte","tag-latest-news","tag-latestnews","tag-lietuva","tag-lietuviu","tag-lithuania","tag-lithuanian","tag-lt","tag-naujienos","tag-news","tag-populiariausios-naujienos","tag-populiariausiosnaujienos","tag-seimas","tag-top-stories","tag-topstories"],"share_on_mastodon":{"url":"https:\/\/pubeurope.com\/@lt\/116635065864406753","error":""},"_links":{"self":[{"href":"https:\/\/www.europesays.com\/lt\/wp-json\/wp\/v2\/posts\/186817","targetHints":{"allow":["GET"]}}],"collection":[{"href":"https:\/\/www.europesays.com\/lt\/wp-json\/wp\/v2\/posts"}],"about":[{"href":"https:\/\/www.europesays.com\/lt\/wp-json\/wp\/v2\/types\/post"}],"author":[{"embeddable":true,"href":"https:\/\/www.europesays.com\/lt\/wp-json\/wp\/v2\/users\/2"}],"replies":[{"embeddable":true,"href":"https:\/\/www.europesays.com\/lt\/wp-json\/wp\/v2\/comments?post=186817"}],"version-history":[{"count":0,"href":"https:\/\/www.europesays.com\/lt\/wp-json\/wp\/v2\/posts\/186817\/revisions"}],"wp:featuredmedia":[{"embeddable":true,"href":"https:\/\/www.europesays.com\/lt\/wp-json\/wp\/v2\/media\/186818"}],"wp:attachment":[{"href":"https:\/\/www.europesays.com\/lt\/wp-json\/wp\/v2\/media?parent=186817"}],"wp:term":[{"taxonomy":"category","embeddable":true,"href":"https:\/\/www.europesays.com\/lt\/wp-json\/wp\/v2\/categories?post=186817"},{"taxonomy":"post_tag","embeddable":true,"href":"https:\/\/www.europesays.com\/lt\/wp-json\/wp\/v2\/tags?post=186817"}],"curies":[{"name":"wp","href":"https:\/\/api.w.org\/{rel}","templated":true}]}}