{"id":186821,"date":"2026-05-25T12:00:58","date_gmt":"2026-05-25T12:00:58","guid":{"rendered":"https:\/\/www.europesays.com\/lt\/186821\/"},"modified":"2026-05-25T12:00:58","modified_gmt":"2026-05-25T12:00:58","slug":"del-oresnik-panaudojimo-pries-ukraina-lietuvos-urm-protestas-respublika-lt","status":"publish","type":"post","link":"https:\/\/www.europesays.com\/lt\/186821\/","title":{"rendered":"D\u0117l \u201eOre\u0161nik\u201c panaudojimo prie\u0161 Ukrain\u0105 &#8211; Lietuvos URM protestas &#8211; Respublika.lt"},"content":{"rendered":"<p>    \u00d7<\/p>\n<p>    (1\/1) Lietuva parei\u0161k\u0117 protest\u0105 Rusijai d\u0117l raketos \u201eOre\u0161nik\u201c panaudojimo prie\u0161 Ukrain\u0105. Eltos nuotr. <a href=\"https:\/\/www.respublika.lt\/uploads\/img\/catalog\/1\/photo_1_31439343.jpg\" class=\"swiper-photo-download\" download=\"\" rel=\"nofollow noopener\" target=\"_blank\">Atsisi\u0173sti<\/a><\/p>\n<p><img loading=\"lazy\" decoding=\"async\" src=\"https:\/\/www.respublika.lt\/lt\/naujienos\/lietuva\/lietuvos_politika\/del-oresnik-panaudojimo-pries-ukraina---lietuvos-urm-protestas\/images\/ico_camera_white.gif\" class=\"camera\" width=\"22\" height=\"15\" alt=\"nuotr.\" style=\"position:relative; top:-2px; right:2px;\"\/> 1 nuotr.<\/p>\n<p>Lietuva parei\u0161k\u0117 protest\u0105 Rusijai d\u0117l raketos \u201eOre\u0161nik\u201c panaudojimo prie\u0161 Ukrain\u0105. Eltos nuotr.<\/p>\n<p style=\"text-align: left;\">\u012e U\u017esienio reikal\u0173 ministerij\u0105 (URM) Vilniuje i\u0161kviestam Rusijos Federacijos ambasados Lietuvoje atstovui \u012fteikta grie\u017eto protesto nota d\u0117l pra\u0117jusi\u0105 nakt\u012f \u012fvykdyto masinio raket\u0173 ir kovini\u0173 dron\u0173 antpuolio prie\u0161 Ukrain\u0105, per kur\u012f agresor\u0117 panaudojo 90 \u012fvairaus tipo raket\u0173 ir \u0161e\u0161is \u0161imtus dron\u0173.<\/p>\n<p style=\"text-align: justify;\" class=\"desktop_banner\">\u00a0<\/p>\n<p style=\"text-align: left;\">\u201eLietuva kategori\u0161kai atmeta bet kokius Rusijos pareig\u016bn\u0173 teiginius, teisinan\u010dius pra\u0117jusios nakties ir kitus analogi\u0161kus i\u0161puolius prie\u0161 Ukrain\u0105. 2014 m. prad\u0117ta Rusijos Federacijos agresija prie\u0161 suvereni\u0105 kaimyn\u0119 Ukrain\u0105, paminant Jungtini\u0173 Taut\u0173 Chartij\u0105 ir kitus tarptautin\u0117s teis\u0117s aktus, yra vienintel\u0117 prie\u017eastis, kod\u0117l \u017e\u016bsta Ukrainos, ta\u010diau taip pat ir Rusijos Federacijos pilie\u010diai. Lietuva dar kart\u0105 reikalauja, kad Rusija nedelsdama sustabdyt\u0173 karo veiksmus, nutraukt\u0173 agresij\u0105 prie\u0161 Ukrain\u0105, i\u0161vest\u0173 savo okupacines paj\u0117gas i\u0161 visos tarptautiniu mastu pripa\u017eintos Ukrainos teritorijos ir atlygint\u0173 vis\u0105 d\u0117l Rusijos agresijos Ukrainos patirt\u0105 \u017eal\u0105\u201c, \u2013 ra\u0161oma sekmadien\u012f paskelbtame ministerijos prane\u0161ime.<\/p>\n<p style=\"text-align: left;\">Ministerija pa\u017eymi, kad itin beprasmis ir Kremliaus re\u017eimo desperacij\u0105 parodantis buvo vidutinio nuotolio balistin\u0117s raketos \u201eOre\u0161nik\u201c panaudojimas Kijevo regione.\u00a0<\/p>\n<p style=\"text-align: left;\">Pasak URM, \u0161ie sm\u016bgiai, neturintys jokios \u012ftakos pad\u0117\u010diai m\u016b\u0161io lauke ir tolesnei karo eigai, Kijeve ir kitose Ukrainos vietov\u0117se pataik\u0117 \u012f daugiabu\u010dius gyvenamuosius namus, prekybos objektus, kult\u016bros ir mokymo \u012fstaigas (ypa\u010d Kyjivo ekonomikos mokykl\u0105). Jau gauta informacija apie \u017euvusius civilius ir de\u0161imtis su\u017eeist\u0173j\u0173, j\u0173 skai\u010dius grei\u010diausiai bus didesnis, \u012fvertinus i\u0161puolio mast\u0105.<\/p>\n<p>Patiko straipsnis? Leisk mums apie tai su\u017einoti. Nepamir\u0161k pasidalinti Facebook! <\/p>\n<p><img loading=\"lazy\" decoding=\"async\" class=\"p2_social_circle_icon\" src=\"https:\/\/www.respublika.lt\/images\/thumbs_up.svg\" width=\"21\" height=\"22\" alt=\"L\"\/><\/p>\n<p><img loading=\"lazy\" decoding=\"async\" class=\"p2_social_circle_icon\" src=\"https:\/\/www.respublika.lt\/images\/facebook.svg\" alt=\"F\" width=\"22\" height=\"22\" style=\"filter: invert(37%) sepia(55%) saturate(2351%) hue-rotate(187deg) brightness(102%) contrast(106%);\"\/><\/p>\n<p>&#13;<br \/>\n\tNesutinkate &#8211; diskutuokime!<br \/>&#13;<br \/>\n\tNepykite komentatoriai, bet komentarai su keiksma\u017eod\u017eiais bus \u0161alinami automati\u0161kai, be atsipra\u0161ymo.\n    <\/p>\n<p>&#13;<br \/>\n              Respublika.lt pasilieka teis\u0119 pa\u0161alinti nekult\u016bringus, keiksma\u017eod\u017eiais pagardintus, su tema nesusijusius, kito asmens vardu pasira\u0161ytus, \u012fstatymus pa\u017eeid\u017eian\u010dius, \u0161lam\u0161t\u0105 reklamuojan\u010dius ar nusikalsti kurstan\u010dius komentarus. Jei kurstysite smurt\u0105, rasin\u0119, tautin\u0119, religin\u0119 ar kitokio pob\u016bd\u017eio neapykant\u0105, \u017evirbliu i\u0161skrid\u0119 j\u016bs\u0173 \u017eod\u017eiai gr\u012f\u017edami gali virsti ton\u0105 sverian\u010diu jau\u010diu &#8211; specialiosioms Lietuvos tarnyboms pareikalavus suteiksime j\u016bs\u0173 duomenis.\n            <\/p>\n","protected":false},"excerpt":{"rendered":"\u00d7 (1\/1) Lietuva parei\u0161k\u0117 protest\u0105 Rusijai d\u0117l raketos \u201eOre\u0161nik\u201c panaudojimo prie\u0161 Ukrain\u0105. Eltos nuotr. Atsisi\u0173sti 1 nuotr. Lietuva&hellip;\n","protected":false},"author":2,"featured_media":186822,"comment_status":"","ping_status":"","sticky":false,"template":"","format":"standard","meta":{"footnotes":"","_share_on_mastodon":"0"},"categories":[6],"tags":[25,30,31,34,35,24,32,33,37,39,36,38,40,23,22,3430,28,29,1719,119,26,27,360,1502],"class_list":["post-186821","post","type-post","status-publish","format-standard","has-post-thumbnail","category-antrastes","tag-antrastes","tag-breaking-news","tag-breakingnews","tag-featured-news","tag-featurednews","tag-headlines","tag-latest-news","tag-latestnews","tag-lietuva","tag-lietuviu","tag-lithuania","tag-lithuanian","tag-lt","tag-naujienos","tag-news","tag-oresnik","tag-populiariausios-naujienos","tag-populiariausiosnaujienos","tag-protestas","tag-rusija","tag-top-stories","tag-topstories","tag-ukraina","tag-urm"],"share_on_mastodon":{"url":"https:\/\/pubeurope.com\/@lt\/116635113044406687","error":""},"_links":{"self":[{"href":"https:\/\/www.europesays.com\/lt\/wp-json\/wp\/v2\/posts\/186821","targetHints":{"allow":["GET"]}}],"collection":[{"href":"https:\/\/www.europesays.com\/lt\/wp-json\/wp\/v2\/posts"}],"about":[{"href":"https:\/\/www.europesays.com\/lt\/wp-json\/wp\/v2\/types\/post"}],"author":[{"embeddable":true,"href":"https:\/\/www.europesays.com\/lt\/wp-json\/wp\/v2\/users\/2"}],"replies":[{"embeddable":true,"href":"https:\/\/www.europesays.com\/lt\/wp-json\/wp\/v2\/comments?post=186821"}],"version-history":[{"count":0,"href":"https:\/\/www.europesays.com\/lt\/wp-json\/wp\/v2\/posts\/186821\/revisions"}],"wp:featuredmedia":[{"embeddable":true,"href":"https:\/\/www.europesays.com\/lt\/wp-json\/wp\/v2\/media\/186822"}],"wp:attachment":[{"href":"https:\/\/www.europesays.com\/lt\/wp-json\/wp\/v2\/media?parent=186821"}],"wp:term":[{"taxonomy":"category","embeddable":true,"href":"https:\/\/www.europesays.com\/lt\/wp-json\/wp\/v2\/categories?post=186821"},{"taxonomy":"post_tag","embeddable":true,"href":"https:\/\/www.europesays.com\/lt\/wp-json\/wp\/v2\/tags?post=186821"}],"curies":[{"name":"wp","href":"https:\/\/api.w.org\/{rel}","templated":true}]}}