{"id":186856,"date":"2026-05-25T12:46:34","date_gmt":"2026-05-25T12:46:34","guid":{"rendered":"https:\/\/www.europesays.com\/lt\/186856\/"},"modified":"2026-05-25T12:46:34","modified_gmt":"2026-05-25T12:46:34","slug":"daugiabuciuose-vis-dar-naudojami-nesaugus-duju-balionai","status":"publish","type":"post","link":"https:\/\/www.europesays.com\/lt\/186856\/","title":{"rendered":"Daugiabu\u010diuose vis dar naudojami nesaug\u016bs duj\u0173 balionai"},"content":{"rendered":"<p>Valstybin\u0117s energetikos reguliavimo tarybos (VERT) duomenimis, \u012f plan\u0105 i\u0161 viso buvo \u012ftraukta vir\u0161 2 t\u016bkst. daugiabu\u010di\u0173, ma\u017edaug 18 proc. \u2013 373 daugiabu\u010diuose \u2013 balionai vis dar naudojami. Gyventojai raginami aktyviau naudotis valstyb\u0117s parama juos pasikeisti.<\/p>\n<p>\u201eKiekvienas daugiabutyje naudojamas duj\u0173 balionas i\u0161lieka potencialia gr\u0117sme gyventojo ir jo kaimyn\u0173 saugumui. Valstyb\u0117s parama sudaro galimyb\u0119 gyventojams saugiau ir finansi\u0161kai palankiau pereiti prie kit\u0173 alternatyv\u0173 \u2013 elektros energijos arba centralizuotai tiekiam\u0173 gamtini\u0173 duj\u0173. Kvie\u010diame gyventojus aktyviai naudotis \u0161ia galimybe\u201c, \u2013 sako VERT narys Karolis Janu\u0161evi\u010dius.<\/p>\n<p>Energetikos ministerijos iniciatyva vykdoma SND balion\u0173 daugiabu\u010diuose keitimo kitais energijos \u0161altiniais paramos priemone siekiama u\u017etikrinti gyventoj\u0173 saugum\u0105 ir rinktis patikimesnius energijos \u0161altinius \u2013 elektr\u0105 arba gamtines dujas. <\/p>\n<p>Parama yra skirta auk\u0161tesni\u0173 nei dviej\u0173 auk\u0161t\u0173 daugiabu\u010di\u0173 arba dviej\u0173 auk\u0161t\u0173 daugiabu\u010di\u0173, kuri\u0173 pal\u0117p\u0117je (mansardoje) \u012frengtos gyvenamosios paskirties patalpos, gyventojams, maistui ruo\u0161ti naudojantiems SND balionus.<\/p>\n<p>Kei\u010diant SND balion\u0105, vienam butui valstyb\u0117 skiria iki 726 Eur siekian\u010di\u0105 param\u0105: iki 242 Eur \u2013 daugiabu\u010dio vidaus tinkl\u0173 \u012frengimui ar pertvarkymui laiptin\u0117se bei bendrose patalpose, iki 242 Eur \u2013 buto elektros instaliacijos ar duj\u0173 sistemos pertvarkymui, iki 242 Eur \u2013 elektrin\u0117s arba dujin\u0117s virykl\u0117s \u012fsigijimui.<\/p>\n<p>Gyventojai, norintys pasinaudoti paramos priemone, pirmiausia turi priimti viening\u0105 viso namo gyventoj\u0173 sprendim\u0105 ir pasirinkti alternatyv\u0173 energijos \u0161altin\u012f \u2013 elektr\u0105 arba gamtines dujas. Po to parai\u0161kas kompensacijoms gauti turi teikti daugiabu\u010dio namo but\u0173 ar kit\u0173 patalp\u0173 savinink\u0173 \u012fgaliotas asmuo, bendrija ar administratorius. Savaranki\u0161kai i\u0161 Aplinkos projekt\u0173 valdymo agent\u016bros (APVA) paramos gauti ar parai\u0161k\u0173 teikti negalima.<\/p>\n<p>Parama lygiomis dalimis skiriama bendrajai in\u017einerinei elektros arba duj\u0173 sistemai pertvarkyti ar \u012frengti, \u012fvadui \u012f but\u0105 atnaujinti bei elektrinei ar dujinei viryklei \u012fsigyti.<\/p>\n<p>Parai\u0161kas gyventojai kvie\u010diami teikti APVIS sistemoje (<a rel=\"noopener nofollow\" href=\"http:\/\/apvis.apva.lt\" target=\"_blank\">apvis.apva.lt<\/a>). Parai\u0161kos priimamos iki 2026 m. bir\u017eelio 27 d., o mok\u0117jimo pra\u0161ymai ir atliktus darbus pagrind\u017eiantys dokumentai turi b\u016bti pateikti iki 2026 m. lapkri\u010dio 16 d.<\/p>\n<p>Aktyviausiai programoje dalyvauja Elektr\u0117n\u0173, Prien\u0173, Kai\u0161iadori\u0173, Jonavos, Kazl\u0173 R\u016bdos, Var\u0117nos, Lazdij\u0173, \u0160ilal\u0117s, Taurag\u0117s, Raseini\u0173, Radvili\u0161kio, Kelm\u0117s, Joni\u0161kio, Pakruojo, Pasvalio, Ma\u017eeiki\u0173 ir Skuodo rajon\u0173 savivaldybi\u0173 gyventojai.<\/p>\n<p>Ta\u010diau itin \u017eemas balion\u0173 keitimas fiksuojamas Vilniaus miesto ir rajono, Panev\u0117\u017eio miesto, Trak\u0173 rajono, \u0160irvint\u0173 rajono ir Bir\u0161tono savivaldyb\u0117se.<\/p>\n","protected":false},"excerpt":{"rendered":"Valstybin\u0117s energetikos reguliavimo tarybos (VERT) duomenimis, \u012f plan\u0105 i\u0161 viso buvo \u012ftraukta vir\u0161 2 t\u016bkst. daugiabu\u010di\u0173, ma\u017edaug 18&hellip;\n","protected":false},"author":2,"featured_media":186857,"comment_status":"","ping_status":"","sticky":false,"template":"","format":"standard","meta":{"footnotes":"","_share_on_mastodon":"0"},"categories":[13],"tags":[25,9969,30,31,29310,34,35,24,32,33,37,39,36,38,40,23,22,28,29,26,27,28816,4677],"class_list":["post-186856","post","type-post","status-publish","format-standard","has-post-thumbnail","category-lietuva","tag-antrastes","tag-apva","tag-breaking-news","tag-breakingnews","tag-daugiabuciai-namai","tag-featured-news","tag-featurednews","tag-headlines","tag-latest-news","tag-latestnews","tag-lietuva","tag-lietuviu","tag-lithuania","tag-lithuanian","tag-lt","tag-naujienos","tag-news","tag-populiariausios-naujienos","tag-populiariausiosnaujienos","tag-top-stories","tag-topstories","tag-valstybes-parama","tag-vert"],"share_on_mastodon":{"url":"https:\/\/pubeurope.com\/@lt\/116635289948380414","error":""},"_links":{"self":[{"href":"https:\/\/www.europesays.com\/lt\/wp-json\/wp\/v2\/posts\/186856","targetHints":{"allow":["GET"]}}],"collection":[{"href":"https:\/\/www.europesays.com\/lt\/wp-json\/wp\/v2\/posts"}],"about":[{"href":"https:\/\/www.europesays.com\/lt\/wp-json\/wp\/v2\/types\/post"}],"author":[{"embeddable":true,"href":"https:\/\/www.europesays.com\/lt\/wp-json\/wp\/v2\/users\/2"}],"replies":[{"embeddable":true,"href":"https:\/\/www.europesays.com\/lt\/wp-json\/wp\/v2\/comments?post=186856"}],"version-history":[{"count":0,"href":"https:\/\/www.europesays.com\/lt\/wp-json\/wp\/v2\/posts\/186856\/revisions"}],"wp:featuredmedia":[{"embeddable":true,"href":"https:\/\/www.europesays.com\/lt\/wp-json\/wp\/v2\/media\/186857"}],"wp:attachment":[{"href":"https:\/\/www.europesays.com\/lt\/wp-json\/wp\/v2\/media?parent=186856"}],"wp:term":[{"taxonomy":"category","embeddable":true,"href":"https:\/\/www.europesays.com\/lt\/wp-json\/wp\/v2\/categories?post=186856"},{"taxonomy":"post_tag","embeddable":true,"href":"https:\/\/www.europesays.com\/lt\/wp-json\/wp\/v2\/tags?post=186856"}],"curies":[{"name":"wp","href":"https:\/\/api.w.org\/{rel}","templated":true}]}}