{"id":187127,"date":"2026-05-25T18:05:09","date_gmt":"2026-05-25T18:05:09","guid":{"rendered":"https:\/\/www.europesays.com\/lt\/187127\/"},"modified":"2026-05-25T18:05:09","modified_gmt":"2026-05-25T18:05:09","slug":"nato-nares-nepritare-pasiulymui-skirti-po-vienoda-dali-bvp-ukrainai-respublika-lt","status":"publish","type":"post","link":"https:\/\/www.europesays.com\/lt\/187127\/","title":{"rendered":"NATO nar\u0117s nepritar\u0117 pasi\u016blymui skirti po vienod\u0105 dal\u012f BVP Ukrainai &#8211; Respublika.lt"},"content":{"rendered":"<p><img loading=\"lazy\" decoding=\"async\" src=\"https:\/\/www.respublika.lt\/lt\/naujienos\/pasaulis\/pasaulio_politika\/nato-nares-nepritare-pasiulymui-skirti-po-vienoda-dali-bvp-ukrainai\/images\/ico_camera_white.gif\" class=\"camera\" width=\"22\" height=\"15\" alt=\"nuotr.\" style=\"position:relative; top:-2px; right:2px;\"\/> 1 nuotr.<\/p>\n<p>NATO nar\u0117s nepritar\u0117 pasi\u016blymui skirti po vienod\u0105 dal\u012f BVP Ukrainai. EPA-Eltos, Eltos nuotr.<\/p>\n<p style=\"text-align: left;\">NATO s\u0105junginink\u0117s nepritar\u0117 pasi\u016blymui kasmet skirti ma\u017eiausiai po 0,25 proc. savo bendrojo vidaus produkto (BVP) karinei pagalbai Ukrainai, nes tam paprie\u0161taravo Jungtin\u0117 Karalyst\u0117, Pranc\u016bzija, Italija, Ispanija ir Kanada, prane\u0161a brit\u0173 leidinys \u201eThe Telegraph\u201c.<\/p>\n<p style=\"text-align: justify;\" class=\"desktop_banner\">\u00a0<\/p>\n<p style=\"text-align: left;\">\u00a0<\/p>\n<p style=\"text-align: left;\">NATO generalinis sekretorius Markas Rutte tik\u0117josi, kad \u0161is planas bus patvirtintas per v\u0117liau \u0161iais metais \u012fvyksiant\u012f NATO vir\u0161\u016bni\u0173 susitikim\u0105 Turkijoje, taip u\u017etikrinant ilgalaik\u0119 param\u0105 Ukrainai, jeigu JAV pagalba tapt\u0173 ne tokia tvirta.<\/p>\n<p style=\"text-align: left;\">Ta\u010diau pasi\u016blymui nebuvo pritarta vienbalsiai, kas privalu priimant sprendimus Aljanse.<\/p>\n<p style=\"text-align: left;\">Anks\u010diau \u201eThe Telegraph\u201c skelb\u0117, kad Lenkija, Nyderlandai, Skandinavijos ir Baltijos \u0161alys pasisak\u0117 u\u017e \u0161\u012f plan\u0105, besitik\u0117damos, kad kitos NATO nar\u0117s, kaip ir jos, skirs didesn\u0119 BVP dal\u012f gynybai.<\/p>\n<p style=\"text-align: left;\">Kylio instituto duomenimis, nuo 2022 m. Danija Ukrainai skyr\u0117 karin\u0117s paramos prilygstan\u010dios 2,95 proc. Danijos BVP \u2013 daugiausiai i\u0161 did\u017ei\u0173j\u0173 donori\u0173.<\/p>\n<p style=\"text-align: left;\">Po to seka Estija (2,8 proc. BVP), Lietuva (2,06 proc.), Latvija (1,73 proc.) ir \u0160vedija (1,7 proc.). Lenkija nuo 2022 m. skyr\u0117 karin\u0117s paramos u\u017e 0,77 proc. savo BVP.<\/p>\n<p style=\"text-align: left;\">Jungtin\u0117s Karalyst\u0117s suteikta parama prilygsta 0,57 proc. \u0161alies BVP. Toliau rikiuojasi Vokietija (0,55 proc.), Kanada (0,30 proc.), Pranc\u016bzija (0,25 proc.), Italija (0,17 proc.) ir Ispanija (0,12 proc.).<\/p>\n<p style=\"text-align: left;\">M. Rutte nuolat kartoja, kad Aljanso nari\u0173 Ukrainai skiriama parama n\u0117ra pasiskirs\u010diusi tolygiai ir ragino NATO nares Europoje pasidalinti didesne na\u0161ta atsi\u017evelgiant \u012f tai, kad JAV prezidentas Donaldas Trumpas spaud\u017eia Europ\u0105 labiau pasir\u016bpinti savo saugumu.<\/p>\n","protected":false},"excerpt":{"rendered":"1 nuotr. NATO nar\u0117s nepritar\u0117 pasi\u016blymui skirti po vienod\u0105 dal\u012f BVP Ukrainai. EPA-Eltos, Eltos nuotr. NATO s\u0105junginink\u0117s nepritar\u0117&hellip;\n","protected":false},"author":2,"featured_media":187128,"comment_status":"","ping_status":"","sticky":false,"template":"","format":"standard","meta":{"footnotes":"","_share_on_mastodon":"0"},"categories":[15],"tags":[25,30,31,2233,34,35,224,24,32,33,37,39,36,38,40,141,23,22,4351,44,28,29,2372,5393,26,27,360,74,75,76],"class_list":["post-187127","post","type-post","status-publish","format-standard","has-post-thumbnail","category-pasaulis","tag-antrastes","tag-breaking-news","tag-breakingnews","tag-bvp","tag-featured-news","tag-featurednews","tag-gynyba","tag-headlines","tag-latest-news","tag-latestnews","tag-lietuva","tag-lietuviu","tag-lithuania","tag-lithuanian","tag-lt","tag-nato","tag-naujienos","tag-news","tag-parama","tag-pasaulis","tag-populiariausios-naujienos","tag-populiariausiosnaujienos","tag-rutte","tag-saugumas","tag-top-stories","tag-topstories","tag-ukraina","tag-world","tag-world-news","tag-worldnews"],"share_on_mastodon":{"url":"https:\/\/pubeurope.com\/@lt\/116636544289494167","error":""},"_links":{"self":[{"href":"https:\/\/www.europesays.com\/lt\/wp-json\/wp\/v2\/posts\/187127","targetHints":{"allow":["GET"]}}],"collection":[{"href":"https:\/\/www.europesays.com\/lt\/wp-json\/wp\/v2\/posts"}],"about":[{"href":"https:\/\/www.europesays.com\/lt\/wp-json\/wp\/v2\/types\/post"}],"author":[{"embeddable":true,"href":"https:\/\/www.europesays.com\/lt\/wp-json\/wp\/v2\/users\/2"}],"replies":[{"embeddable":true,"href":"https:\/\/www.europesays.com\/lt\/wp-json\/wp\/v2\/comments?post=187127"}],"version-history":[{"count":0,"href":"https:\/\/www.europesays.com\/lt\/wp-json\/wp\/v2\/posts\/187127\/revisions"}],"wp:featuredmedia":[{"embeddable":true,"href":"https:\/\/www.europesays.com\/lt\/wp-json\/wp\/v2\/media\/187128"}],"wp:attachment":[{"href":"https:\/\/www.europesays.com\/lt\/wp-json\/wp\/v2\/media?parent=187127"}],"wp:term":[{"taxonomy":"category","embeddable":true,"href":"https:\/\/www.europesays.com\/lt\/wp-json\/wp\/v2\/categories?post=187127"},{"taxonomy":"post_tag","embeddable":true,"href":"https:\/\/www.europesays.com\/lt\/wp-json\/wp\/v2\/tags?post=187127"}],"curies":[{"name":"wp","href":"https:\/\/api.w.org\/{rel}","templated":true}]}}