{"id":187309,"date":"2026-05-26T03:47:09","date_gmt":"2026-05-26T03:47:09","guid":{"rendered":"https:\/\/www.europesays.com\/lt\/187309\/"},"modified":"2026-05-26T03:47:09","modified_gmt":"2026-05-26T03:47:09","slug":"ergo-ir-gjensidige-vilniuje-keliasi-i-nauja-biura","status":"publish","type":"post","link":"https:\/\/www.europesays.com\/lt\/187309\/","title":{"rendered":"ERGO ir \u201eGjensidige\u201c Vilniuje keliasi \u012f nauj\u0105 biur\u0105"},"content":{"rendered":"<p>Draudimo bendrov\u0117s ERGO Lietuvoje ir ADB \u201eGjensidige\u201c darbuotojai keliasi \u012f nauj\u0105 centrin\u012f biur\u0105 Vilniuje. De\u0161iniajame Neries krante \u012fsik\u016brusiame \u201eLvivo\u201d verslo centre \u012fmon\u0117 nuomos teis\u0117mis valdys 5 000 kv. m ploto patalpas. \u201eMunich Re\u201c valdoma \u201eERGO International AG\u201c sausio prad\u017eioje \u012fsigijo bendrov\u0119 \u201eGjensidige\u201c Baltijos \u0161alyse. Nors teisinis \u012fmoni\u0173 susijungimas planuojamas ruden\u012f,\u00a0 organizacijos jau dabar pradeda veikti po vienu stogu, ra\u0161oma prane\u0161ime spaudai.<\/p>\n<p>Naujajame biure \u012frengta 350 nuolatini\u0173 darbo viet\u0173, o i\u0161 viso \u010dia dirbs apie 550 ERGO ir \u201eGjensidige\u201c specialist\u0173. Toks darbuotoj\u0173 ir viet\u0173 santykis pasirinktas d\u0117l bendrov\u0117se taikomo hibridinio darbo modelio, o esant poreikiui erdv\u0117s leid\u017eia vienu metu sutalpinti iki 600 \u017emoni\u0173. Bendrov\u0117s valdomos patalpos i\u0161sid\u0117s\u010diusios per tris pastato auk\u0161tus \u2013 penkt\u0105j\u012f, \u0161e\u0161t\u0105j\u012f ir septint\u0105j\u012f, pirmajame \u0161io pastato auk\u0161te klient\u0173 patogumui gegu\u017e\u0117s pabaigoje \u012fsikurs ir naujas ERGO klient\u0173 aptarnavimo skyrius.<\/p>\n<p>\u201ePasirinkimas keltis \u012f \u201eLvivo\u201c verslo centr\u0105 buvo apgalvotas strateginis \u017eingsnis. \u0160iandien biuras yra ne tik darbo vieta, bet ir vienas svarbiausi\u0173 veiksni\u0173, padedan\u010di\u0173 pritraukti bei i\u0161laikyti geriausius rinkos specialistus. J\u0173 kompetencija tiesiogiai atsispindi paslaug\u0173 kokyb\u0117je, kuri\u0105 kasdien patiria m\u016bs\u0173 klientai. Mums buvo svarbu, kad pastatas b\u016bt\u0173 patogiai pasiekiamas, atitikt\u0173 auk\u0161\u010diausius tvarumo standartus ir suteikt\u0173 galimyb\u0119 kurti modernias, komandiniam darbui pritaikytas erdves\u201c, \u2013 sako Tadas Dovby\u0161as, draudimo bendrovi\u0173 ERGO Lietuvoje ir ADB \u201eGjensidige\u201c vadovas.<\/p>\n<p>Kuriant b\u016bstin\u0117s interjer\u0105, ERGO daug d\u0117mesio skyr\u0117 darbuotoj\u0173 \u012ftraukimui. I\u0161 gausyb\u0117s pasi\u016blym\u0173 patys darbuotojai i\u0161rinko susitikim\u0173 kambari\u0173 pavadinim\u0173 tem\u0105, kuria tapo M. K. \u010ciurlionio k\u016bryba. Tad kasdien\u0117 darbin\u0117 aplinka bus persipynusi su Lietuvos kult\u016bros paveldu \u2013 pasitarimai vyks \u201e\u017dvaig\u017ed\u017ei\u0173 sonatos\u201c, \u201eLak\u0161tingalos\u201c, \u201eMi\u0161ko\u201c ar \u201eJ\u016bros kranto\u201c erdv\u0117se. I\u0161 viso bendradarbiavimui \u012frengta 40 \u012fvairaus dyd\u017eio susitikim\u0173 kambari\u0173 bei 37 individuali\u0173 pokalbi\u0173 kambariuk\u0173, skirt\u0173 susikaupti ar bendrauti telefonu.<\/p>\n<p>Persikraustymas vyko palaipsniui, pirmosiomis gegu\u017e\u0117s savait\u0117mis. \u0160iuo pereinamuoju laikotarpiu darbuotojai gal\u0117jo pasirinkti, kur dirbti \u2013 senuose biuruose ar jau naujoje b\u016bstin\u0117je, o nuo gegu\u017e\u0117s 18 d. abi komandos susitelk\u0117 vienoje vietoje. Senasis ERGO biuras Gele\u017einio Vilko gatv\u0117je duris u\u017evers bir\u017eelio 19 d.<\/p>\n<p>ERGO ir \u201eGjensidige\u201c komand\u0173 integracija\u00a0 \u012fgyvendinama po sausio m\u0117nes\u012f u\u017ebaigto sandorio, kai \u201eMunich Re\u201c valdoma \u201eERGO International AG\u201c \u012fsigijo ADB \u201eGjensidige\u201c Baltijos \u0161alyse. Po \u0161io \u017eingsnio ERGO tapo tre\u010dia pagal dyd\u012f draudimo grupe Baltijos \u0161alyse, o pilnai u\u017ebaigus susijungim\u0105 taps antru did\u017eiausiu draudimo paslaug\u0173 teik\u0117ju Lietuvoje. Iki numatomo teisinio susijungimo \u0161i\u0173 met\u0173 ruden\u012f abi bendrov\u0117s toliau veikia kaip atskiri juridiniai vienetai, ta\u010diau jau priklauso bendrai ERGO grupei.<\/p>\n<p>Sostin\u0117s centriniame verslo rajone, Lvivo g. 37, \u012fsik\u016br\u0119s \u201eLvivo\u201c verslo centras yra vienas moderniausi\u0173 ir tvariausi\u0173 sostin\u0117je. Pastatas atitinka A+ energinio naudingumo klas\u0119 ir yra sertifikuotas auk\u0161\u010diausiu \u201eBREEAM Outstanding\u201c tvarumo sertifikatu. Pastato savinink\u0117 \u2013 UAB \u201eNT Sl\u0117nis\u201d, priklausanti Liuksemburge registruotam investiciniam fondui \u201eLords LB European Property Fund\u201d. Ilgalaik\u0117 patalp\u0173 nuomos sutartis buvo pasira\u0161yta 2025 m. spal\u012f.<\/p>\n","protected":false},"excerpt":{"rendered":"Draudimo bendrov\u0117s ERGO Lietuvoje ir ADB \u201eGjensidige\u201c darbuotojai keliasi \u012f nauj\u0105 centrin\u012f biur\u0105 Vilniuje. De\u0161iniajame Neries krante \u012fsik\u016brusiame&hellip;\n","protected":false},"author":2,"featured_media":187310,"comment_status":"","ping_status":"","sticky":false,"template":"","format":"standard","meta":{"footnotes":"","_share_on_mastodon":"0"},"categories":[17],"tags":[81,5643,37,39,36,38,40,65,2050,46,6987],"class_list":["post-187309","post","type-post","status-publish","format-standard","has-post-thumbnail","category-verslas","tag-business","tag-ergo","tag-lietuva","tag-lietuviu","tag-lithuania","tag-lithuanian","tag-lt","tag-naujiena","tag-nt","tag-verslas","tag-verslo-centras"],"share_on_mastodon":{"url":"https:\/\/pubeurope.com\/@lt\/116638832556455639","error":""},"_links":{"self":[{"href":"https:\/\/www.europesays.com\/lt\/wp-json\/wp\/v2\/posts\/187309","targetHints":{"allow":["GET"]}}],"collection":[{"href":"https:\/\/www.europesays.com\/lt\/wp-json\/wp\/v2\/posts"}],"about":[{"href":"https:\/\/www.europesays.com\/lt\/wp-json\/wp\/v2\/types\/post"}],"author":[{"embeddable":true,"href":"https:\/\/www.europesays.com\/lt\/wp-json\/wp\/v2\/users\/2"}],"replies":[{"embeddable":true,"href":"https:\/\/www.europesays.com\/lt\/wp-json\/wp\/v2\/comments?post=187309"}],"version-history":[{"count":0,"href":"https:\/\/www.europesays.com\/lt\/wp-json\/wp\/v2\/posts\/187309\/revisions"}],"wp:featuredmedia":[{"embeddable":true,"href":"https:\/\/www.europesays.com\/lt\/wp-json\/wp\/v2\/media\/187310"}],"wp:attachment":[{"href":"https:\/\/www.europesays.com\/lt\/wp-json\/wp\/v2\/media?parent=187309"}],"wp:term":[{"taxonomy":"category","embeddable":true,"href":"https:\/\/www.europesays.com\/lt\/wp-json\/wp\/v2\/categories?post=187309"},{"taxonomy":"post_tag","embeddable":true,"href":"https:\/\/www.europesays.com\/lt\/wp-json\/wp\/v2\/tags?post=187309"}],"curies":[{"name":"wp","href":"https:\/\/api.w.org\/{rel}","templated":true}]}}