{"id":187371,"date":"2026-05-26T05:36:37","date_gmt":"2026-05-26T05:36:37","guid":{"rendered":"https:\/\/www.europesays.com\/lt\/187371\/"},"modified":"2026-05-26T05:36:37","modified_gmt":"2026-05-26T05:36:37","slug":"kaunas-atsisveikina-su-ziema-baiges-nyksta-vienas-zinomiausiu-miesto-gatves-meno-kuriniu","status":"publish","type":"post","link":"https:\/\/www.europesays.com\/lt\/187371\/","title":{"rendered":"Kaunas atsisveikina su \u201e\u017diema baig\u0117s\u201c: nyksta vienas \u017einomiausi\u0173 miesto gatv\u0117s meno k\u016brini\u0173"},"content":{"rendered":"<p>Kaune netrukus i\u0161nyks vienas geriausiai atpa\u017e\u012fstam\u0173 miesto gatv\u0117s meno k\u016brini\u0173 \u2013 \u201e\u017diema baig\u0117s\u201c. Apie tai socialiniame tinkle \u201eFacebook\u201c prane\u0161\u0117 \u201eGyva grafika\u201c paskyra, kurioje pasidalino \u017einute apie pie\u0161inio pabaig\u0105.<\/p>\n<p>\u201eVisos prad\u017eios turi pabaig\u0105. \u201e\u017diema baig\u0117s\u201c skai\u010diavo beveik 7 metus, kas n\u0117ra tiek ma\u017eai, bet kai jauti, jog tai yra vienas prasmingiausi\u0173 ir geriausi\u0173 tavo darb\u0173 \u2013 nelengva paleisti\u201c, \u2013 ra\u0161oma \u012fra\u0161e.<\/p>\n<p>Jame taip pat pa\u017eymima, kad <a href=\"https:\/\/kaunas.kasvyksta.lt\/renovacija\" title=\"Renovacija\" rel=\"nofollow noopener\" target=\"_blank\">renovacija<\/a> yra nat\u016brali miesto kaitos dalis, o kartu \u2013 ir viena i\u0161 pagrindini\u0173 gatv\u0117s meno savybi\u0173.<\/p>\n<p>\u201eRenovacija yra nat\u016brali ir nei\u0161vengiama dalis. \u010cia ir slypi nema\u017ea dalis gatv\u0117s meno \u017eavesio \u2013 laikinumas. Mo\u010diut\u0117 atsisveikina, tikisi, kad p\u0117dsakas liko ne tik sniege\u201c, \u2013 skelbiama \u017einut\u0117je.<\/p>\n<p>Pie\u0161inys tapo ry\u0161kiu Kauno simboliu <\/p>\n<p>Juozapavi\u010diaus prospekte ant esan\u010dio 108 numeriu pa\u017eym\u0117to pastato sienos nutapytas k\u016brinys \u201e\u017diema baig\u0117s\u201c. \u0160is pie\u0161inys atsirado kaip programos \u201eKauno akcentai\u201c ir projekto \u201eGyvos sienos\u201c dalis. Pie\u0161inio autorius \u2013 menininkas \u017dygimantas Amelynas.<\/p>\n<p>Pie\u0161inyje vaizduojamas senyvo am\u017eiaus moters veidas tapo vienu ry\u0161kiausi\u0173 Kauno gatv\u0117s meno k\u016brini\u0173.<\/p>\n<p>\u201eM\u016bs\u0173 visuomen\u0117je vyresnio am\u017eiaus \u017emon\u0117s yra net ne antraplaniai, jie \u2013 tre\u010diame plane, tylus fonas. O juk kadaise k\u016br\u0117 m\u016bs\u0173 miest\u0105. Jie yra verti m\u016bs\u0173 d\u0117mesio ir atidumo\u201c, \u2013 anks\u010diau yra sak\u0119s k\u016brinio autorius.<\/p>\n<p>Ant baltos mo\u010diut\u0117s skaros nut\u016bpusi zyl\u0117 taip pat tur\u0117jo simbolin\u0119 reik\u0161m\u0119 \u2013 ji primin\u0117 r\u016bpest\u012f silpnesniais bei \u017emogi\u0161k\u0105 \u0161ilum\u0105 emocinio \u0161al\u010dio kupiname pasaulyje.<\/p>\n<p>\u0160is pie\u0161inys skatino atkreipti d\u0117mes\u012f \u012f vyresnio am\u017eiaus \u017emones bei j\u0173 viet\u0105 visuomen\u0117je.<\/p>\n<p>Pilnas \u201eFacebook\u201c \u012fra\u0161as<\/p>\n","protected":false},"excerpt":{"rendered":"Kaune netrukus i\u0161nyks vienas geriausiai atpa\u017e\u012fstam\u0173 miesto gatv\u0117s meno k\u016brini\u0173 \u2013 \u201e\u017diema baig\u0117s\u201c. Apie tai socialiniame tinkle \u201eFacebook\u201c&hellip;\n","protected":false},"author":2,"featured_media":187372,"comment_status":"","ping_status":"","sticky":false,"template":"","format":"standard","meta":{"footnotes":"","_share_on_mastodon":"0"},"categories":[13],"tags":[25,30,31,34,35,24,1061,49,32,33,37,39,36,38,40,5210,23,22,28,29,19966,430,26,27],"class_list":["post-187371","post","type-post","status-publish","format-standard","has-post-thumbnail","category-lietuva","tag-antrastes","tag-breaking-news","tag-breakingnews","tag-featured-news","tag-featurednews","tag-headlines","tag-kaunas","tag-kultura","tag-latest-news","tag-latestnews","tag-lietuva","tag-lietuviu","tag-lithuania","tag-lithuanian","tag-lt","tag-menas","tag-naujienos","tag-news","tag-populiariausios-naujienos","tag-populiariausiosnaujienos","tag-rekomenduojame","tag-renovacija","tag-top-stories","tag-topstories"],"share_on_mastodon":{"url":"https:\/\/pubeurope.com\/@lt\/116639261328218628","error":""},"_links":{"self":[{"href":"https:\/\/www.europesays.com\/lt\/wp-json\/wp\/v2\/posts\/187371","targetHints":{"allow":["GET"]}}],"collection":[{"href":"https:\/\/www.europesays.com\/lt\/wp-json\/wp\/v2\/posts"}],"about":[{"href":"https:\/\/www.europesays.com\/lt\/wp-json\/wp\/v2\/types\/post"}],"author":[{"embeddable":true,"href":"https:\/\/www.europesays.com\/lt\/wp-json\/wp\/v2\/users\/2"}],"replies":[{"embeddable":true,"href":"https:\/\/www.europesays.com\/lt\/wp-json\/wp\/v2\/comments?post=187371"}],"version-history":[{"count":0,"href":"https:\/\/www.europesays.com\/lt\/wp-json\/wp\/v2\/posts\/187371\/revisions"}],"wp:featuredmedia":[{"embeddable":true,"href":"https:\/\/www.europesays.com\/lt\/wp-json\/wp\/v2\/media\/187372"}],"wp:attachment":[{"href":"https:\/\/www.europesays.com\/lt\/wp-json\/wp\/v2\/media?parent=187371"}],"wp:term":[{"taxonomy":"category","embeddable":true,"href":"https:\/\/www.europesays.com\/lt\/wp-json\/wp\/v2\/categories?post=187371"},{"taxonomy":"post_tag","embeddable":true,"href":"https:\/\/www.europesays.com\/lt\/wp-json\/wp\/v2\/tags?post=187371"}],"curies":[{"name":"wp","href":"https:\/\/api.w.org\/{rel}","templated":true}]}}