{"id":187540,"date":"2026-05-26T08:55:33","date_gmt":"2026-05-26T08:55:33","guid":{"rendered":"https:\/\/www.europesays.com\/lt\/187540\/"},"modified":"2026-05-26T08:55:33","modified_gmt":"2026-05-26T08:55:33","slug":"mire-ilgametis-lietuvos-dailes-muziejaus-vadovas-romualdas-budrys-respublika-lt","status":"publish","type":"post","link":"https:\/\/www.europesays.com\/lt\/187540\/","title":{"rendered":"Mir\u0117 ilgametis Lietuvos dail\u0117s muziejaus vadovas Romualdas Budrys &#8211; Respublika.lt"},"content":{"rendered":"<p><img loading=\"lazy\" decoding=\"async\" src=\"https:\/\/www.respublika.lt\/lt\/naujienos\/kultura\/kulturos_naujienos\/mire-ilgametis-lietuvos-dailes-muziejaus-vadovas-budrys\/images\/ico_camera_white.gif\" class=\"camera\" width=\"22\" height=\"15\" alt=\"nuotr.\" style=\"position:relative; top:-2px; right:2px;\"\/> 1 nuotr.<\/p>\n<p>Romualdas Budrys. Eltos nuotr.<\/p>\n<p style=\"text-align: justify;\" class=\"desktop_banner\">\u00a0<\/p>\n<p style=\"text-align: left;\">\u017dinia apie muziejininko netekt\u012f socialiniame tinkle \u201eFacebook\u201c pasidalino \u017eurnalistas Vilius Kavaliauskas.<\/p>\n<p style=\"text-align: left;\">\u201e\u0160iandien mir\u0117 ilgametis Lietuvos dail\u0117s muziejaus vadovas Romualdas Budrys (1933\u20132026). \u017dmogus, kelioms m\u016bs\u0173 kra\u0161to kartoms ne\u0161\u0119s \u0161vies\u0105 ir gro\u017e\u012f: 20 met\u0173 did\u017eiausio muziejaus direktoriaus pavaduotojo poste, 40 \u2013 direktoriaus. Jis buvo labai reikalingas, nes tauta augo, stipr\u0117jo per kult\u016br\u0105 ir jau siek\u0117 laisv\u0117s\u201c, \u2013 v\u0117lyv\u0105 pirmadienio vakar\u0105 ra\u0161\u0117 V. Kavaliauskas.<\/p>\n<p style=\"text-align: left;\">Ministr\u0117 pirminink\u0117 Inga Ruginien\u0117 parei\u0161k\u0117 u\u017euojaut\u0105 d\u0117l R. Budrio mirties.<\/p>\n<p style=\"text-align: left;\">Premjer\u0117 pa\u017eym\u0117jo, kad Lietuva neteko darb\u0161taus dail\u0117tyrininko, \u0161alies muziejininkyst\u0117s patriarcho bei pasaulyje \u017einomo dail\u0117s eksperto.<\/p>\n<p style=\"text-align: left;\">\u201eSavo gyvenim\u0105 jis paskyr\u0117 istorini\u0173 vertybi\u0173 saugojimui, visomis i\u0161gal\u0117mis siek\u0117 gausinti muziej\u0173 rinkinius, reng\u0117 ir kuravo \u012fsimintinas visiems dail\u0117s gerb\u0117jams parodas. B\u016btent \u0161iam muziejininkui buvo patik\u0117tos Vilniaus katedros lobyno paslaptys, savo patirtimi ir \u017einiomis jis daug prisid\u0117jo prie Valdov\u0173 r\u016bm\u0173 muziejaus k\u016brimo\u201c, \u2013 ra\u0161oma Vyriausyb\u0117s vadov\u0117s u\u017euojautoje.\u00a0\u00a0<\/p>\n<p style=\"text-align: left;\">R. Budrys gim\u0117 1933 met\u0173 liepos 26 dien\u0105 Vertimuose, tuome\u010diame Baisogalos vals\u010diuje.<\/p>\n<p style=\"text-align: left;\">1959 m. jis baig\u0117 keramikos studijas Lietuvos dail\u0117s institute.<\/p>\n<p style=\"text-align: left;\">Nuo 1958 m. dirbo Lietuvos nacionaliniame dail\u0117s muziejuje.<\/p>\n<p style=\"text-align: left;\">Jis taip pat buvo vienas i\u0161 Gintaro muziejaus Palangoje \u012fk\u016br\u0117j\u0173, \u0161io muziejaus Klaip\u0117dos paveiksl\u0173 galerijos, Juodkrant\u0117s miniati\u016br\u0173, Verki\u0173 r\u016bm\u0173, Taikomosios dail\u0117s muziej\u0173, Radvil\u0173 r\u016bm\u0173, Vilniaus paveiksl\u0173 galerijos ekspozicij\u0173 bendraautoris.<\/p>\n","protected":false},"excerpt":{"rendered":"1 nuotr. Romualdas Budrys. Eltos nuotr. \u00a0 \u017dinia apie muziejininko netekt\u012f socialiniame tinkle \u201eFacebook\u201c pasidalino \u017eurnalistas Vilius Kavaliauskas.&hellip;\n","protected":false},"author":2,"featured_media":187541,"comment_status":"","ping_status":"","sticky":false,"template":"","format":"standard","meta":{"footnotes":"","_share_on_mastodon":"0"},"categories":[6],"tags":[25,30,31,1501,29417,34,35,24,49,32,33,37,39,36,38,40,29416,366,23,621,22,28,29,26,27],"class_list":["post-187540","post","type-post","status-publish","format-standard","has-post-thumbnail","category-antrastes","tag-antrastes","tag-breaking-news","tag-breakingnews","tag-budrys","tag-dailes","tag-featured-news","tag-featurednews","tag-headlines","tag-kultura","tag-latest-news","tag-latestnews","tag-lietuva","tag-lietuviu","tag-lithuania","tag-lithuanian","tag-lt","tag-muziejininkas","tag-muziejus","tag-naujienos","tag-netektis","tag-news","tag-populiariausios-naujienos","tag-populiariausiosnaujienos","tag-top-stories","tag-topstories"],"share_on_mastodon":{"url":"https:\/\/pubeurope.com\/@lt\/116640043691302959","error":""},"_links":{"self":[{"href":"https:\/\/www.europesays.com\/lt\/wp-json\/wp\/v2\/posts\/187540","targetHints":{"allow":["GET"]}}],"collection":[{"href":"https:\/\/www.europesays.com\/lt\/wp-json\/wp\/v2\/posts"}],"about":[{"href":"https:\/\/www.europesays.com\/lt\/wp-json\/wp\/v2\/types\/post"}],"author":[{"embeddable":true,"href":"https:\/\/www.europesays.com\/lt\/wp-json\/wp\/v2\/users\/2"}],"replies":[{"embeddable":true,"href":"https:\/\/www.europesays.com\/lt\/wp-json\/wp\/v2\/comments?post=187540"}],"version-history":[{"count":0,"href":"https:\/\/www.europesays.com\/lt\/wp-json\/wp\/v2\/posts\/187540\/revisions"}],"wp:featuredmedia":[{"embeddable":true,"href":"https:\/\/www.europesays.com\/lt\/wp-json\/wp\/v2\/media\/187541"}],"wp:attachment":[{"href":"https:\/\/www.europesays.com\/lt\/wp-json\/wp\/v2\/media?parent=187540"}],"wp:term":[{"taxonomy":"category","embeddable":true,"href":"https:\/\/www.europesays.com\/lt\/wp-json\/wp\/v2\/categories?post=187540"},{"taxonomy":"post_tag","embeddable":true,"href":"https:\/\/www.europesays.com\/lt\/wp-json\/wp\/v2\/tags?post=187540"}],"curies":[{"name":"wp","href":"https:\/\/api.w.org\/{rel}","templated":true}]}}