{"id":188117,"date":"2026-05-26T22:12:40","date_gmt":"2026-05-26T22:12:40","guid":{"rendered":"https:\/\/www.europesays.com\/lt\/188117\/"},"modified":"2026-05-26T22:12:40","modified_gmt":"2026-05-26T22:12:40","slug":"sveicarija-nusprende-riboti-gyventoju-skaiciu-respublika-lt","status":"publish","type":"post","link":"https:\/\/www.europesays.com\/lt\/188117\/","title":{"rendered":"\u0160veicarija nusprend\u0117 riboti gyventoj\u0173 skai\u010di\u0173 &#8211; Respublika.lt"},"content":{"rendered":"<p>    \u00d7<\/p>\n<p>    (1\/1) \u0160veicarijoje vyks referendumas d\u0117l nuolatini\u0173 gyventoj\u0173 skai\u010diaus ribojimo. Si\u016bloma, kad iki 2050 m. \u0161is skai\u010dius nevir\u0161yt\u0173 10 mln. Pexels.nuotr. <a href=\"https:\/\/www.respublika.lt\/uploads\/img\/catalog\/1\/photo_1_42032002.jpg\" class=\"swiper-photo-download\" download=\"\" rel=\"nofollow noopener\" target=\"_blank\">Atsisi\u0173sti<\/a><\/p>\n<p><img loading=\"lazy\" decoding=\"async\" src=\"https:\/\/www.respublika.lt\/lt\/naujienos\/pasaulis\/kitos_pasaulio_naujienos\/sveicarija-nusprende-riboti-gyventoju-skaiciu\/images\/ico_camera_white.gif\" class=\"camera\" width=\"22\" height=\"15\" alt=\"nuotr.\" style=\"position:relative; top:-2px; right:2px;\"\/> 1 nuotr.<\/p>\n<p>\u0160veicarijoje vyks referendumas d\u0117l nuolatini\u0173 gyventoj\u0173 skai\u010diaus ribojimo. Si\u016bloma, kad iki 2050 m. \u0161is skai\u010dius nevir\u0161yt\u0173 10 mln. Pexels.nuotr.<\/p>\n<p>Bir\u017eelio 14 d. \u0160veicarijoje vyks referendumas d\u0117l nuolatini\u0173 gyventoj\u0173 skai\u010diaus ribojimo. Si\u016bloma, kad iki 2050 m. \u0161is skai\u010dius nevir\u0161yt\u0173 10 mln. \u017emoni\u0173. Apie tai prane\u0161a \u201eReuters&#8221;.<\/p>\n<p style=\"text-align: justify;\" class=\"desktop_banner\">\u00a0<\/p>\n<p>Si\u016blym\u0105 surengti balsavim\u0105 remia d\u0117l augan\u010dios migracijos nerimaujanti de\u0161inioji \u0160veicarijos liaudies partija.<\/p>\n<p>Pasak jos, gyventoj\u0173 skai\u010diaus augimas daro vis didesn\u012f spaudim\u0105 infrastrukt\u016brai bei aplinkai ir prisideda prie augan\u010di\u0173 b\u016bsto nuomos kain\u0173.<\/p>\n<p>Jei iniciatyva b\u016bt\u0173 priimta, gali b\u016bti per\u017ei\u016br\u0117tas susitarimas su ES d\u0117l jud\u0117jimo laisv\u0117s, pagal kur\u012f bloko pilie\u010diams leid\u017eiama gyventi ir dirbti \u0161alyje.<\/p>\n<p>Atskirai projekte numatytos priemon\u0117s spartesnio gyventoj\u0173 skai\u010diaus augimo atveju &#8211; vald\u017eios institucijos prival\u0117t\u0173 automati\u0161kai \u012fvesti ribojimus, jei iki nustatyto termino gyventoj\u0173 skai\u010dius vir\u0161yt\u0173 9,5 mln. \u017emoni\u0173.<\/p>\n<p>Tarp toki\u0173 minimi prieglobs\u010dio pra\u0161ym\u0173 ir \u0161eim\u0173 susijungimo kvot\u0173 ribojimai.<\/p>\n<p>Apklaus\u0173 duomenimis, \u0161alies gyventoj\u0173 nuomon\u0117 pasidalijusi beveik po lygiai: apie 47 proc. palaiko iniciatyv\u0105, tiek pat jai prie\u0161tarauja.<\/p>\n<p>\u0160iuo metu \u0160veicarijoje gyvena apie 8,9 mln. \u017emoni\u0173, i\u0161 kuri\u0173 tre\u010ddalis yra u\u017esienie\u010diai.<\/p>\n<p>Naujausios \u017einios<\/p>\n<p><\/p>\n<p>        <a href=\"https:\/\/www.respublika.lt\/lt\/naujienos\/pasaulis\/kitos_pasaulio_naujienos\/norvegijos-kronprincas-haakonas-kronprincese-sunkiai-serga\/\" rel=\"nofollow noopener\" target=\"_blank\"><img decoding=\"async\" oncontextmenu=\"return false\" class=\"block_item_newest_photo\" src=\"https:\/\/www.respublika.lt\/lt\/naujienos\/pasaulis\/kitos_pasaulio_naujienos\/sveicarija-nusprende-riboti-gyventoju-skaiciu\/uploads\/img\/catalog\/1\/photo_for_homepage_1_23245990.jpg\" alt=\"\" width=\"240\" height=\"154.45\"\/><\/a><\/p>\n<p>        <a href=\"https:\/\/www.respublika.lt\/lt\/naujienos\/pasaulis\/kitos_pasaulio_naujienos\/prie-omano-krantu-tanklaivyje-ivyko-sprogimas\/\" rel=\"nofollow noopener\" target=\"_blank\"><img decoding=\"async\" oncontextmenu=\"return false\" class=\"block_item_newest_photo\" src=\"https:\/\/www.respublika.lt\/lt\/naujienos\/pasaulis\/kitos_pasaulio_naujienos\/sveicarija-nusprende-riboti-gyventoju-skaiciu\/uploads\/img\/catalog\/1\/photo_for_homepage_1_48594788.jpg\" alt=\"\" width=\"240\" height=\"154.45\"\/><\/a><\/p>\n<p>Patiko straipsnis? Leisk mums apie tai su\u017einoti. Nepamir\u0161k pasidalinti Facebook! <\/p>\n<p><img loading=\"lazy\" decoding=\"async\" class=\"p2_social_circle_icon\" src=\"https:\/\/www.respublika.lt\/images\/thumbs_up.svg\" width=\"21\" height=\"22\" alt=\"L\"\/><\/p>\n<p><img loading=\"lazy\" decoding=\"async\" class=\"p2_social_circle_icon\" src=\"https:\/\/www.respublika.lt\/images\/facebook.svg\" alt=\"F\" width=\"22\" height=\"22\" style=\"filter: invert(37%) sepia(55%) saturate(2351%) hue-rotate(187deg) brightness(102%) contrast(106%);\"\/><\/p>\n<p>&#13;<br \/>\n\tNesutinkate &#8211; diskutuokime!<br \/>&#13;<br \/>\n\tNepykite komentatoriai, bet komentarai su keiksma\u017eod\u017eiais bus \u0161alinami automati\u0161kai, be atsipra\u0161ymo.\n    <\/p>\n<p>&#13;<br \/>\n              Respublika.lt pasilieka teis\u0119 pa\u0161alinti nekult\u016bringus, keiksma\u017eod\u017eiais pagardintus, su tema nesusijusius, kito asmens vardu pasira\u0161ytus, \u012fstatymus pa\u017eeid\u017eian\u010dius, \u0161lam\u0161t\u0105 reklamuojan\u010dius ar nusikalsti kurstan\u010dius komentarus. Jei kurstysite smurt\u0105, rasin\u0119, tautin\u0119, religin\u0119 ar kitokio pob\u016bd\u017eio neapykant\u0105, \u017evirbliu i\u0161skrid\u0119 j\u016bs\u0173 \u017eod\u017eiai gr\u012f\u017edami gali virsti ton\u0105 sverian\u010diu jau\u010diu &#8211; specialiosioms Lietuvos tarnyboms pareikalavus suteiksime j\u016bs\u0173 duomenis.\n            <\/p>\n","protected":false},"excerpt":{"rendered":"\u00d7 (1\/1) \u0160veicarijoje vyks referendumas d\u0117l nuolatini\u0173 gyventoj\u0173 skai\u010diaus ribojimo. Si\u016bloma, kad iki 2050 m. \u0161is skai\u010dius nevir\u0161yt\u0173&hellip;\n","protected":false},"author":2,"featured_media":188118,"comment_status":"","ping_status":"","sticky":false,"template":"","format":"standard","meta":{"footnotes":"","_share_on_mastodon":"0"},"categories":[15],"tags":[25,30,31,18049,672,34,35,7811,24,5840,29459,32,33,37,39,36,38,40,23,22,44,28,29,7274,29458,6239,26,27,74,75,76],"class_list":["post-188117","post","type-post","status-publish","format-standard","has-post-thumbnail","category-pasaulis","tag-antrastes","tag-breaking-news","tag-breakingnews","tag-desinieji","tag-es","tag-featured-news","tag-featurednews","tag-gyventojai","tag-headlines","tag-imigracija","tag-kvotos","tag-latest-news","tag-latestnews","tag-lietuva","tag-lietuviu","tag-lithuania","tag-lithuanian","tag-lt","tag-naujienos","tag-news","tag-pasaulis","tag-populiariausios-naujienos","tag-populiariausiosnaujienos","tag-referendumas","tag-riboti","tag-sveicarija","tag-top-stories","tag-topstories","tag-world","tag-world-news","tag-worldnews"],"share_on_mastodon":{"url":"https:\/\/pubeurope.com\/@lt\/116643177968882191","error":""},"_links":{"self":[{"href":"https:\/\/www.europesays.com\/lt\/wp-json\/wp\/v2\/posts\/188117","targetHints":{"allow":["GET"]}}],"collection":[{"href":"https:\/\/www.europesays.com\/lt\/wp-json\/wp\/v2\/posts"}],"about":[{"href":"https:\/\/www.europesays.com\/lt\/wp-json\/wp\/v2\/types\/post"}],"author":[{"embeddable":true,"href":"https:\/\/www.europesays.com\/lt\/wp-json\/wp\/v2\/users\/2"}],"replies":[{"embeddable":true,"href":"https:\/\/www.europesays.com\/lt\/wp-json\/wp\/v2\/comments?post=188117"}],"version-history":[{"count":0,"href":"https:\/\/www.europesays.com\/lt\/wp-json\/wp\/v2\/posts\/188117\/revisions"}],"wp:featuredmedia":[{"embeddable":true,"href":"https:\/\/www.europesays.com\/lt\/wp-json\/wp\/v2\/media\/188118"}],"wp:attachment":[{"href":"https:\/\/www.europesays.com\/lt\/wp-json\/wp\/v2\/media?parent=188117"}],"wp:term":[{"taxonomy":"category","embeddable":true,"href":"https:\/\/www.europesays.com\/lt\/wp-json\/wp\/v2\/categories?post=188117"},{"taxonomy":"post_tag","embeddable":true,"href":"https:\/\/www.europesays.com\/lt\/wp-json\/wp\/v2\/tags?post=188117"}],"curies":[{"name":"wp","href":"https:\/\/api.w.org\/{rel}","templated":true}]}}