{"id":188885,"date":"2026-05-27T18:49:32","date_gmt":"2026-05-27T18:49:32","guid":{"rendered":"https:\/\/www.europesays.com\/lt\/188885\/"},"modified":"2026-05-27T18:49:32","modified_gmt":"2026-05-27T18:49:32","slug":"jurate-sofija-lauciute-kam-reikalingas-referendumas-del-seimos-sampratos-respublika-lt","status":"publish","type":"post","link":"https:\/\/www.europesays.com\/lt\/188885\/","title":{"rendered":"J\u016brat\u0117 Sofija LAU\u010cI\u016aT\u0116: Kam reikalingas referendumas d\u0117l \u0161eimos sampratos? &#8211; Respublika.lt"},"content":{"rendered":"<p style=\"text-align: justify;\" class=\"desktop_banner\">\u00a0<\/p>\n<p>Prisiminiau tuos \u017eod\u017eius ir cituoju, perskai\u010diusi \u0161i\u0173 met\u0173 gegu\u017e\u0117s m\u0117nesio kataliki\u0161ko \u017eurnalo \u201eArtuma\u2018 numeryje paskelbt\u0105 politologo, dr. Mariu\u0161o Antonovi\u010diaus straipsn\u012f \u201eKam reikalingas referendumas d\u0117l \u0161eimos sampratos?&#8221;<\/p>\n<p>Taigi, kam, p. Antonovi\u010diaus nuomone, reikalingas referendumas d\u0117l \u0161eimos sampratos?<\/p>\n<p>\u017di\u016brint i\u0161 labai arti, nuo art\u0117jan\u010di\u0173 savivaldybi\u0173 rinkim\u0173 kiekvienos atskirai paimtos savivaldyb\u0117s problem\u0173 \u0161iltnamio stogelio, o ne i\u0161 visos valstyb\u0117s politikos auk\u0161tybi\u0173 ir platybi\u0173, referendumas taip \u017ei\u016brin\u010diam autoriui atrodo reikalingas vien reklamos norintiems politikams bei tiems, kurie nori nukreipti visuomen\u0117s d\u0117mes\u012f nuo rimt\u0173, dideli\u0173, labai svarbi\u0173 dalyk\u0173 prie nereik\u0161ming\u0173 &#8211; o tokiais p. Antonovi\u010dius laiko tradicin\u0117s \u0161eimos problemas.<\/p>\n<p>\u017dmogui, aukl\u0117jan\u010diam jaun\u0105j\u0105 lietuvi\u0173\/Lietuvos pilie\u010di\u0173 kart\u0105 (jis yra VU TSPMI d\u0117stytojas, VDU tyr\u0117jas!!!), pilie\u010diui valstyb\u0117s, kurios titulin\u0117 nacija lietuviai jau oficialiai pripa\u017einta kaip grei\u010diausiai Europoje nykstanti tauta, visi i\u0161mintingesni\u0173 \u017emoni\u0173, politik\u0173, inteligentijos ketinimai kaip nors stabdyti \u0161it\u0105 pra\u017e\u016bting\u0105 proces\u0105 atrodo nereik\u0161mingas, d\u0117mesio nevertas oro virpinimas!?<\/p>\n<p>Kas be ko, a\u0161 pati, perteikdama jums M. A. nuomon\u0119, nestabdau savo emocij\u0173, nor\u0117dama pary\u0161kinti tokio po\u017ei\u016brio absurdi\u0161kum\u0105. Bet galiu savo nuomon\u0119 pagr\u012fsti ir tiksliomis citatomis i\u0161 minimo straipsnio.<\/p>\n<p>Did\u017eiausi\u0105 nuostab\u0105 VDU tyr\u0117jui kelia tas faktas, kad referendum\u0105 d\u0117l \u0161eimos sampratos si\u016bloma surengti kartu su savivaldos rinkimais. Cituoju:<\/p>\n<p>*\u201ePasi\u016blymas kelia nema\u017eai klausim\u0173. Svarbiausias i\u0161 j\u0173: kuo \u010dia d\u0117ta savivalda? Su \u0161eimos samprata susijusiais klausimais Lietuvos savivaldyb\u0117s, pagal dabartinius \u012fgaliojimus, gal\u0117t\u0173 padaryti nebent du dalykus: priimti sprendimus d\u0117l \u201ePride&#8221; eityni\u0173 ir antra, skirti finansavim\u0105 \u0161eimos klausimais u\u017esiiman\u010dioms nevyriausybin\u0117ms organizacijoms. \/&#8230;\/TAIGI BET KURIOS M\u016aS\u0172 SAVIVALDYB\u0116S DARBOTVARK\u0116JE \u0160EIMOS KLAUSIMAS N\u0116RA KERTINIS&#8230;&#8221; (pary\u0161kinta mano- J.L.)<\/p>\n<p>*\u201eTaigi ir referendumas d\u0117l \u0161eimos sampratos per kit\u0173 met\u0173 savivaldos rinkimus reikalingas tam, kad politikai gaut\u0173 prog\u0105 kalb\u0117ti apie genderizm\u0105, tradicines vertybes, tolerancij\u0105, \u012ftraukim\u0105 ir t.t. \u0160itaip bus kurstomos rink\u0117j\u0173 emocijos ir politikai augs (taip para\u0161yta, a\u0161 netaisiau &#8211; J.L.) savo populiarum\u0105, nepaisant kompetencij\u0173 valdyti m\u016bs\u0173 miestus ir miestelius&#8221;.<\/p>\n<p>*\u201eTokiu b\u016bdu referendumas d\u0117l \u0161eimos sampratos leis politikams i\u0161vengti SUD\u0116TING\u0172, BET SVARBI\u0172 KLAUSIM\u0172, nuo kuri\u0173 priklauso ne tik gyvenimo kokyb\u0117 m\u016bs\u0173 miestuose ir miesteliuose, bet tam tikrais aspektais ir Lietuvos valstyb\u0117s apgintumas&#8221;.<\/p>\n<p>Ir galiausiai &#8211; vy\u0161nia ant torto, arba &#8211; visi\u0161ka nes\u0105mon\u0117: \u201eReferendum\u0105 d\u0117l \u0161eimos sampratos galima traktuoti ir kaip bandym\u0105 pab\u0117gti nuo realyb\u0117s&#8221;.<\/p>\n<p>Kvailybei, kaip sakoma, rib\u0173 n\u0117ra, k\u0105 savo laiku \u012frod\u0117 ir Europos S\u0105jungos parlamentaras dainius \u017dalimas, nustat\u0119s (?), kad LR Konstitucijos vienas punktas prie\u0161tarauja&#8230; LR Konstitucijai.<\/p>\n<p>Sveiko proto neprarad\u0119 politikai, politologai bei tradicin\u0117s \u0161eimos puosel\u0117tojai vienu balsu tvirtina, kad nuo realyb\u0117s, nuo fakto, kad lietuvi\u0173 tauta nyksta, i\u0161sigimstant \u0161eimos sampratai, ko pasekm\u0117 &#8211; ma\u017e\u0117jantis vaik\u0173 gimstamumas, &#8211; b\u0117ga kaip tik tie, kurie bijo tokio referendumo, kaip velnias \u0161v\u0119sto vandens, ir \u017eemina savo autoritet\u0105, dangstydami baim\u0119 u\u017e kisieli\u0173 skystesniais argumentais.<\/p>\n<p>Pavyzd\u017eiui, prie toki\u0173 savivaldyb\u0117ms svarbi\u0173 klausim\u0173, kuri\u0173 neva nenori gird\u0117ti politikai, referendumo reng\u0117jai, p. Antonovi\u010dius priskiria aplinkosaug\u0105.<\/p>\n<p>Tai, viena vertus, tikrai labai svarbus klausimas, ir a\u0161 i\u0161 visos \u0161irdies pritariu \u0161iai p. Antonovi\u010diaus pastabai-klausimui: \u201eAr kandidatai toliau t\u0119s \u201etrinkelizacij\u0105&#8221; miest\u0173 aik\u0161\u010di\u0173, kurios vasar\u0105 tampa keptuv\u0117mis, o \u017eiem\u0105 \u010diuo\u017eyklomis? Ar kandidatai turi vizij\u0105, kaip u\u017etikrinti pakankam\u0105 geriamo vandens kiek\u012f visiems savivaldybi\u0173 gyventojams?&#8221;<\/p>\n<p>Ta\u010diau, kita vertus, negaliu i\u0161 visos \u0161irdies nesisteb\u0117ti, kaip politologas nesupranta\/nemato, kad visi jo sumin\u0117ti neva svarbiausi klausimai, priskirti savivaldybi\u0173 lygmeniui, kaip ma\u017ei upeliai suteka \u012f did\u017eiul\u012f, vis\u0105 Lietuvos valstyb\u0119, o ne vien\u0105 kuri\u0105 savivaldyb\u0119 galint\u012f arba paskandinti, arba atgaivinti problem\u0173 telkin\u012f, kur\u012f protingesnis politologas pavadint\u0173 \u201eLietuvos valstyb\u0117s, jos pilie\u010di\u0173 saugumas&#8221; arba, jaunojo politologo \u017eod\u017eiais tariant, \u201eapgintumas&#8221;.<\/p>\n<p>Pagalvokime, ar gali b\u016bti saug\u016bs, sveiki, laimingi savivaldybi\u0173 gyventojai, vaikai ir j\u0173 t\u0117veliai, kurie trinkelizuotuose, asfaltu sukaustytuose miestuose ir miesteliuose vasaromis d\u016bsta nuo kar\u0161\u010dio bang\u0173, ta\u010diau d\u0117l valstyb\u0117s laiminamos nuolatin\u0117s grunto tar\u0161os ir neapgalvoto po\u017eemini\u0173 vandens telkini\u0173 eikvojimo pristigs (kai kur jau ir pristinga) \u0161varaus geriamo vandens, o d\u0117l barbari\u0161kai kertam\u0173 med\u017ei\u0173 prisideda (prisid\u0117s) dar ir deguonies stygius?<\/p>\n<p>Ta\u010diau k\u0105 pad\u0117s geriausi kandidat\u0173 \u012f merus ar savivaldybi\u0173 tarybas norai, jei valstyb\u0117s saugumo politika bukai bus orientuota vien \u012f karini\u0173 poligon\u0173 statyb\u0105 ar naujos karin\u0117s technikos \u012fsigijim\u0105, negalvojant apie tai, koki\u0105 visuomen\u0119 &#8211; ar nuskurdusius, i\u0161mir\u0161tan\u010dius pensininkus, \u201epa\u0161alpinius&#8221; bei j\u0173 gretas papildan\u010dius imigrantus, negeban\u010dius\/nenorin\u010dius kokybi\u0161kai integruotis \u012f jiems svetim\u0105 kult\u016br\u0105, ar savo kra\u0161to, savo istorijos ir kult\u016bros patriotus, j\u0173 gyvybingas, gaus\u0117jan\u010dias \u0161eimas, &#8211; gins visa ta j\u0173 technika su keletu generol\u0173 ir \u012fvairiaspalviais samdiniais-kariais?<\/p>\n<p>Mano nuomone, b\u016btent valstybin\u0117s, atitinkamais finansiniais srautais, o ne tu\u0161\u010diais \u017eod\u017eiais patvirtintos politikos supratimas bei geb\u0117jimas kreipti savivaldyb\u0117s sprendimus link tokios politikos \u012fgyvendinimo (ar pasiprie\u0161inimo jai?), atsi\u017evelgiant \u012f specifines kiekvienos savivaldyb\u0117s s\u0105lygas bei poreikius, tur\u0117t\u0173 tapti kiekvieno kandidato \u012f merus ar \u012f savivaldyb\u0117s taryb\u0105 rinkimin\u0117s programos vinimis.<\/p>\n<p>Galiausiai visi\u0161kai nesuprantama yra ta baim\u0117, kuria liepsnoja politologas, neigiama konotacija nuspalvindamas galimyb\u0119 referendume dalyvaujantiems savivaldybi\u0173 rink\u0117jams svarstyti vertybinius (tarp j\u0173 &#8211; ir \u0161eimos sampratos) klausimus, o ne vien aptarin\u0117ti trinkeli\u0173 ar \u0161un\u0173 kaku\u010di\u0173 surinkimo problemas bei svarstyti, kaip su tomis problemomis dorosis nauja savivaldybi\u0173 vald\u017eia. Cituoju: \u201eReferendumu d\u0117l \u0161eimos sampratos siekiama, kad rink\u0117j\u0173 protus taip u\u017evaldyt\u0173 vertybi\u0173 klausimai, kad apakinti emocij\u0173 jie balsuot\u0173 savivaldos rinkimuose remdamiesi tik tuo&#8221;.<\/p>\n<p>\u201eApakinti&#8221;??!!<\/p>\n<p>Kaip jums, gerbiami skaitytojai, atrodo, kas labiau gerbia savivaldybi\u0173 rink\u0117jus, kas labiau pasitiki j\u0173 i\u0161mintimi? Ar politologas, kuris per\u0161a jiems tik vienadienes, nors ir aktualias kaku\u010di\u0173, vandentiekio, vietinio transporto (pavyzd\u017eiui, ma\u017e\u0117jan\u010di\u0173 mar\u0161rut\u0173) problemas, ar referendumo organizatoriai, si\u016blantys ir pa\u010di\u0173 ma\u017eiausi\u0173, pa\u010di\u0173 atokiausi\u0173 savivaldybi\u0173 gyventojams pakelti galvas &#8211; akis ir mintis &#8211; nuo grindinio, pa\u017evelgti \u012f dang\u0173 vir\u0161 visos Lietuvos ir pagalvoti apie tas problemas, kurios svarbios ne tik jo kiemui ar gatvei, bet ir visai Lietuvai, lietuvi\u0173 tautos i\u0161likimui?<\/p>\n<p>O pagalvoti apie tai, rengiantis ne\u0161ti savo balsus \u012f savivaldybi\u0173 rinkimines urnas, &#8211; labai vyk\u0119s sprendimas, sutaupysiantis ir rink\u0117j\u0173 laik\u0105, ir valstyb\u0117s l\u0117\u0161as.<\/p>\n<p>Beje, negal\u0117jo nenustebinti ir tas faktas, kad straipsnis, neigiantis referendumo d\u0117l \u0161eimos sampratos svarb\u0105 visiems Lietuvos \u017emon\u0117ms, o ne tik, p. Antonovi\u010diaus \u012fsivaizdavimu, saujelei Vilniaus politik\u0173, skelbiamas numeryje \u017eurnalo, kurio vir\u0161el\u012f puo\u0161ia reprodukcija, iliustruojanti viduram\u017ei\u0173 legend\u0105, pasakojan\u010di\u0105 apie visa atgaivinan\u010di\u0105 Motinyst\u0119.<\/p>\n<p>Bet juk tokia Dievo malone pa\u0161ventinta Motinyst\u0117 i\u0161siskleisti gali tik \u0160eimoje, kuri\u0105 saugo, gina nuo vis\u0173 negand\u0173 \u0161eimos T\u0117vas&#8230; Kitaip sakant, \u0161ia reprodukcija yra pagarbinama b\u016btent tradicin\u0117 \u0160eima, kurios apgynimui, sustiprinimui b\u016bt\u0173 skirtas referendumas, bet kuriai, kaip galima spr\u0119sti i\u0161 to, k\u0105 spausdina \u017eurnalas, nepritaria \u017eurnalo redakcija&#8230;<\/p>\n","protected":false},"excerpt":{"rendered":"\u00a0 Prisiminiau tuos \u017eod\u017eius ir cituoju, perskai\u010diusi \u0161i\u0173 met\u0173 gegu\u017e\u0117s m\u0117nesio kataliki\u0161ko \u017eurnalo \u201eArtuma\u2018 numeryje paskelbt\u0105 politologo, dr.&hellip;\n","protected":false},"author":2,"featured_media":188886,"comment_status":"","ping_status":"","sticky":false,"template":"","format":"standard","meta":{"footnotes":"","_share_on_mastodon":"0"},"categories":[13],"tags":[29596,25,30,31,34,35,24,32,33,10071,37,39,36,38,40,23,22,28,29,7274,29595,5270,26,27],"class_list":["post-188885","post","type-post","status-publish","format-standard","has-post-thumbnail","category-lietuva","tag-antonovicius","tag-antrastes","tag-breaking-news","tag-breakingnews","tag-featured-news","tag-featurednews","tag-headlines","tag-latest-news","tag-latestnews","tag-lauciute","tag-lietuva","tag-lietuviu","tag-lithuania","tag-lithuanian","tag-lt","tag-naujienos","tag-news","tag-populiariausios-naujienos","tag-populiariausiosnaujienos","tag-referendumas","tag-samprata","tag-seima","tag-top-stories","tag-topstories"],"share_on_mastodon":{"url":"https:\/\/pubeurope.com\/@lt\/116648041966788305","error":""},"_links":{"self":[{"href":"https:\/\/www.europesays.com\/lt\/wp-json\/wp\/v2\/posts\/188885","targetHints":{"allow":["GET"]}}],"collection":[{"href":"https:\/\/www.europesays.com\/lt\/wp-json\/wp\/v2\/posts"}],"about":[{"href":"https:\/\/www.europesays.com\/lt\/wp-json\/wp\/v2\/types\/post"}],"author":[{"embeddable":true,"href":"https:\/\/www.europesays.com\/lt\/wp-json\/wp\/v2\/users\/2"}],"replies":[{"embeddable":true,"href":"https:\/\/www.europesays.com\/lt\/wp-json\/wp\/v2\/comments?post=188885"}],"version-history":[{"count":0,"href":"https:\/\/www.europesays.com\/lt\/wp-json\/wp\/v2\/posts\/188885\/revisions"}],"wp:featuredmedia":[{"embeddable":true,"href":"https:\/\/www.europesays.com\/lt\/wp-json\/wp\/v2\/media\/188886"}],"wp:attachment":[{"href":"https:\/\/www.europesays.com\/lt\/wp-json\/wp\/v2\/media?parent=188885"}],"wp:term":[{"taxonomy":"category","embeddable":true,"href":"https:\/\/www.europesays.com\/lt\/wp-json\/wp\/v2\/categories?post=188885"},{"taxonomy":"post_tag","embeddable":true,"href":"https:\/\/www.europesays.com\/lt\/wp-json\/wp\/v2\/tags?post=188885"}],"curies":[{"name":"wp","href":"https:\/\/api.w.org\/{rel}","templated":true}]}}