{"id":189078,"date":"2026-05-28T04:42:33","date_gmt":"2026-05-28T04:42:33","guid":{"rendered":"https:\/\/www.europesays.com\/lt\/189078\/"},"modified":"2026-05-28T04:42:33","modified_gmt":"2026-05-28T04:42:33","slug":"anksciau-is-manes-juokdavosi-suomijos-eksprezidentas-pasisako-uz-europos-nato-kurima-respublika-lt","status":"publish","type":"post","link":"https:\/\/www.europesays.com\/lt\/189078\/","title":{"rendered":"\u201eAnks\u010diau i\u0161 man\u0119s juokdavosi&#8221;: Suomijos eksprezidentas pasisako u\u017e Europos NATO k\u016brim\u0105 &#8211; Respublika.lt"},"content":{"rendered":"<p><img loading=\"lazy\" decoding=\"async\" src=\"https:\/\/www.respublika.lt\/lt\/naujienos\/pasaulis\/pasaulio_politika\/anksciau-is-manes-juokdavosi-suomijos-eksprezidentas-pasisako-uz-europos-nato-kurima\/images\/ico_camera_white.gif\" class=\"camera\" width=\"22\" height=\"15\" alt=\"nuotr.\" style=\"position:relative; top:-2px; right:2px;\"\/> 1 nuotr.<\/p>\n<p>Buv\u0119s Suomijos prezidentas Saulis Nynist\u0117 pasisako tiek u\u017e europinio NATO analogo k\u016brim\u0105, tiek u\u017e derybas su Rusija. Eltos nuotr.<\/p>\n<p style=\"text-align: justify;\" class=\"desktop_banner\">\u00a0<\/p>\n<p>Galima Amerikos reakcija<\/p>\n<p>Jis vadovavo darbo grupei, kuri tyr\u0117 b\u016bdus, kaip organizuoti Europos gynyb\u0105 situacijoje, kai JAV ma\u017eina savo dalyvavim\u0105.<\/p>\n<p>Neseniai paskelbtoje ataskaitoje si\u016blomos \u012fvairios priemon\u0117s, kaip sustiprinti Europos vaidmen\u012f NATO, \u012fskaitant regiono pasirengim\u0105 perimti visi\u0161k\u0105 aljanso kontrol\u0119, jeigu JAV pasitraukt\u0173.<\/p>\n<p>Ta\u010diau S.Nynist\u0117 pabr\u0117\u017eia diplomatijos su Va\u0161ingtonu svarb\u0105.<\/p>\n<p>\u201eVerta nuvykti \u012f Baltuosius r\u016bmus ir atvirai pasikalb\u0117ti apie m\u016bs\u0173 planus. Reikia u\u017eduoti klausim\u0105 &#8211; ar Jungtin\u0117s Valstijos lieka aljanse&#8221;, &#8211; teig\u0117 S.Nynist\u0117.<\/p>\n<p>JAV nori, kad Europa prisiimt\u0173 didesn\u0119 atsakomyb\u0119 u\u017e savo gynyb\u0105. Prezidentas Donaldas Trampas (Donald Trump) tai sako vis tiesmukiau ir grasina i\u0161vesti \u0161al\u012f i\u0161 NATO.<\/p>\n<p>S.Nynist\u0117 patikslino, kad jis paai\u0161kino D.Trampui europieti\u0161kos NATO id\u0117j\u0105 ir nemano, jog ataskaita supykdys amerikie\u010dius, nors joje raginama atsisakyti sen\u0173 NATO strukt\u016br\u0173, jei jos neveikt\u0173.<\/p>\n<p>\u201eKalbant apie strukt\u016brin\u0119 pus\u0119, apie tai, kaip Europa gal\u0117t\u0173 b\u016bti atsakinga u\u017e gynyb\u0105, nema\u010diau jokio konkretumo. M\u016bs\u0173 prane\u0161imas yra bene pirmasis&#8221;, &#8211; patikslino eksprezidentas.<\/p>\n<p>NATO generalinis sekretorius Markas Ri\u016bt\u0117 (Markas Rutte) met\u0173 prad\u017eioje parei\u0161k\u0117, kad europie\u010diai netur\u0117t\u0173 svajoti apie nepriklausomyb\u0119 gynybos srityje.<\/p>\n<p>Kalbant apie branduolinius ginklus, \u017evalgybos duomenis ir dirbtin\u012f intelekt\u0105, S.Nynist\u0117 sutiko, kad tai &#8211; tiesa: \u201eEuropa neturi toki\u0173 paj\u0117gum\u0173 ir j\u0173 negalima greitai sukurti&#8221;.<\/p>\n<p>Vidin\u0117s ES problemos<\/p>\n<p>Europinio NATO id\u0117ja labiau remiasi neoficialiomis suinteresuot\u0173 \u0161ali\u0173 koalicijomis, o ne visa ES. Pagrindin\u0117 prie\u017eastis &#8211; sud\u0117tingas sprendim\u0173 pri\u0117mimo modelis, nes da\u017enai reikia, jog visi balsuot\u0173 vienbalsiai.<\/p>\n<p>Be to, svarbu \u012f bendradarbiavim\u0105 \u012ftraukti Jungtin\u0119 Karalyst\u0119 ir Norvegij\u0105. Prad\u017eiai, pasak ataskaitos sudarytoj\u0173, svarbu pakeisti amerikie\u010di\u0173 generolus europieti\u0161kais, ir \u0161is procesas jau prasid\u0117jo.<\/p>\n<p>Darbo grup\u0117 si\u016blo sausumos paj\u0117gas perorientuoti labiau \u012f rytus. Vadaviet\u0117 Mikelio mieste tur\u0117t\u0173 b\u016bti sustiprinta, o Lenkijoje tur\u0117t\u0173 b\u016bti sukurta nauja, fakti\u0161kai perkeliant j\u0105 i\u0161 Nyderland\u0173 Brunsumo. Tikslas &#8211; priartinti sprendim\u0173 pri\u0117mim\u0105 prie galim\u0173 karo veiksm\u0173 viet\u0173.<\/p>\n<p>\u201eJei kalbame apie sausumos kar\u0105, tik\u0117tini du karini\u0173 operacij\u0173 teatrai: Lenkijos lygumos ir, galb\u016bt, ilgas Suomijos pasienis&#8221;, &#8211; svarst\u0117 S.Nynist\u0117.<\/p>\n<p>NATO turi sugeb\u0117ti veikti be JAV dalyvavimo. Ta\u010diau prane\u0161ime nesi\u016bloma sukurti atskiros Europos kariuomen\u0117s. NATO neturi savo kariuomen\u0117s: Aljansas naudoja nari\u0173 nacionalines ginkluot\u0105sias paj\u0117gas.<\/p>\n<p>S.Nynist\u0117s si\u016blomas europinis modelis veikt\u0173 taip pat. Prane\u0161ime pabr\u0117\u017eiama ES \u0161ali\u0173 savitarpio pagalbos s\u0105lyga, kuri yra analogi\u0161ka NATO 5 straipsniui, kai i\u0161puolis prie\u0161 vien\u0105 nar\u012f yra laikomas i\u0161puoliu prie\u0161 visus.<\/p>\n<p>B\u016btinas dialogas<\/p>\n<p>Galimos Europos ir Rusijos derybos tampa vis kar\u0161tesne tema Rusijos ekonomikos silpn\u0117jimo ir Ukrainos stipr\u0117jimo fronte fone. S.Nynist\u0117 jau anks\u010diau sak\u0117, kad Europa turi der\u0117tis su Rusijos prezidentu Vladimiru Putinu.<\/p>\n<p>Prie\u017eastis &#8211; Rusijos id\u0117ja apie Europos saugumo architekt\u016br\u0105, kuri labai skiriasi nuo europieti\u0161kos. Tai pasirei\u0161k\u0117 2021-2022 m. \u017eiem\u0105, kai Rusija band\u0117 u\u017ekirsti keli\u0105 Suomijos ir \u0160vedijos stojimui \u012f NATO. Antroji prie\u017eastis &#8211; poreikis reguliuoti hibridin\u012f kar\u0105.<\/p>\n<p>\u201eKad ir kokia b\u016bt\u0173 taika Ukrainoje, vargu ar Rusija ja bus patenkinta. Prie\u0161i\u0161ki jausmai Ukrain\u0105 palaikiusioms Europos \u0161alims i\u0161liks. Tarp Europos ir Rusijos suformavo gili proper\u0161a&#8221;, &#8211; teig\u0117 eksprezidentas.<\/p>\n<p>XX a. viduryje baim\u0117s pusiausvyra paskatino supervalstybes der\u0117tis ir apriboti branduolini\u0173 ginkl\u0173 skai\u010di\u0173.<\/p>\n<p>\u201eSu hibridin\u0117mis gr\u0117sm\u0117mis gali susidaryti tokia pati situacija kaip ir su branduoliniais ginklais: reikia baim\u0117s pusiausvyros, t. y. susitarimo d\u0117l taisykli\u0173. Svarbu prad\u0117ti \u0161\u012f pokalb\u012f&#8221;, &#8211; nurod\u0117 jis.<\/p>\n<p>S.Nynist\u0117 buvo minimas ir galim\u0173 ES bei V.Putino deryb\u0173 kontekste. Eksprezidentas niekaip nekomentavo gand\u0173 ir abejojo ar dalyvaus \u0161iame procese.<\/p>\n<p>\u201eLabiau d\u017eiaugiuosi, kad \u0161iuo metu visi kalba apie Europos NATO, nes anks\u010diau i\u0161 man\u0119s juokdavosi d\u0117l toki\u0173 id\u0117j\u0173&#8221;, &#8211; apibendrino jis.<\/p>\n<p>V\u0117liau pasirod\u0117 informacija, kad atstovauti ES derybose su Rusija yra pasireng\u0119s dabartinis Suomijos prezidentas Aleksanderis Stubas (Alexander Stubb).<\/p>\n<p>Visgi jis pabr\u0117\u017e\u0117, jog apie taik\u0105 bus galima kalb\u0117ti tik tuomet, kai Rusija prisiims \u012fsipareigojimus nutraukti ugn\u012f.<\/p>\n<p>Sektinas pavyzdys?<\/p>\n<p>Apie savo karin\u012f Aljans\u0105 galvoja ne tik europie\u010diai. Pagal analogij\u0105 su \u0160iaur\u0117s Atlanto aljansu 57 musulmoni\u0161kos \u0161alys tur\u0117t\u0173 sukurti \u201eislami\u0161k\u0105 NATO&#8221;.<\/p>\n<p>Tai parei\u0161k\u0117 Irano vidaus reikal\u0173 ministro specialusis pad\u0117j\u0117jas Muhamedas-Hasanas Nami (Mohammed-Hassan Nami), prane\u0161a \u201eIran International&#8221;.<\/p>\n<p>Pasak jo, blokas, kur\u012f sudaryt\u0173 beveik 60 \u0161ali\u0173, gal\u0117t\u0173 tapti did\u017ei\u0105ja pasaulio galybe. Pareig\u016bnas pa\u017eym\u0117jo, jog toks aljansas tur\u0117t\u0173 prana\u0161um\u0105, nes kontroliuot\u0173 tokias geografi\u0161kai svarbias arterijas kaip Orm\u016bzo s\u0105siauris.<\/p>\n<p>Dar vienu aljanso prana\u0161umu M.H.Nami pavadino jo ekonomin\u012f potencial\u0105.<\/p>\n","protected":false},"excerpt":{"rendered":"1 nuotr. Buv\u0119s Suomijos prezidentas Saulis Nynist\u0117 pasisako tiek u\u017e europinio NATO analogo k\u016brim\u0105, tiek u\u017e derybas su&hellip;\n","protected":false},"author":2,"featured_media":189079,"comment_status":"","ping_status":"","sticky":false,"template":"","format":"standard","meta":{"footnotes":"","_share_on_mastodon":"0"},"categories":[15],"tags":[25,30,31,672,34,35,224,24,79,223,32,33,37,39,36,38,40,29618,141,23,22,10271,29617,44,28,29,2370,119,2372,150,26,27,74,75,76],"class_list":["post-189078","post","type-post","status-publish","format-standard","has-post-thumbnail","category-pasaulis","tag-antrastes","tag-breaking-news","tag-breakingnews","tag-es","tag-featured-news","tag-featurednews","tag-gynyba","tag-headlines","tag-iranas","tag-jav","tag-latest-news","tag-latestnews","tag-lietuva","tag-lietuviu","tag-lithuania","tag-lithuanian","tag-lt","tag-nami","tag-nato","tag-naujienos","tag-news","tag-niinisto","tag-nyniste","tag-pasaulis","tag-populiariausios-naujienos","tag-populiariausiosnaujienos","tag-putinas","tag-rusija","tag-rutte","tag-suomija","tag-top-stories","tag-topstories","tag-world","tag-world-news","tag-worldnews"],"share_on_mastodon":{"url":"https:\/\/pubeurope.com\/@lt\/116650373690257795","error":""},"_links":{"self":[{"href":"https:\/\/www.europesays.com\/lt\/wp-json\/wp\/v2\/posts\/189078","targetHints":{"allow":["GET"]}}],"collection":[{"href":"https:\/\/www.europesays.com\/lt\/wp-json\/wp\/v2\/posts"}],"about":[{"href":"https:\/\/www.europesays.com\/lt\/wp-json\/wp\/v2\/types\/post"}],"author":[{"embeddable":true,"href":"https:\/\/www.europesays.com\/lt\/wp-json\/wp\/v2\/users\/2"}],"replies":[{"embeddable":true,"href":"https:\/\/www.europesays.com\/lt\/wp-json\/wp\/v2\/comments?post=189078"}],"version-history":[{"count":0,"href":"https:\/\/www.europesays.com\/lt\/wp-json\/wp\/v2\/posts\/189078\/revisions"}],"wp:featuredmedia":[{"embeddable":true,"href":"https:\/\/www.europesays.com\/lt\/wp-json\/wp\/v2\/media\/189079"}],"wp:attachment":[{"href":"https:\/\/www.europesays.com\/lt\/wp-json\/wp\/v2\/media?parent=189078"}],"wp:term":[{"taxonomy":"category","embeddable":true,"href":"https:\/\/www.europesays.com\/lt\/wp-json\/wp\/v2\/categories?post=189078"},{"taxonomy":"post_tag","embeddable":true,"href":"https:\/\/www.europesays.com\/lt\/wp-json\/wp\/v2\/tags?post=189078"}],"curies":[{"name":"wp","href":"https:\/\/api.w.org\/{rel}","templated":true}]}}