{"id":189421,"date":"2026-05-28T11:32:32","date_gmt":"2026-05-28T11:32:32","guid":{"rendered":"https:\/\/www.europesays.com\/lt\/189421\/"},"modified":"2026-05-28T11:32:32","modified_gmt":"2026-05-28T11:32:32","slug":"kijevas-nezada-nusileisti-respublika-lt","status":"publish","type":"post","link":"https:\/\/www.europesays.com\/lt\/189421\/","title":{"rendered":"Kijevas ne\u017eada nusileisti &#8211; Respublika.lt"},"content":{"rendered":"<p>    \u00d7<\/p>\n<p>    (1\/1) Nors kalb\u0173 apie taikos derybas pasigirsta nuolat, Ukraina tikina, kad kovos toliau. Asociatyvi EPA-Eltos nuotr. <a href=\"https:\/\/www.respublika.lt\/uploads\/img\/catalog\/1\/photo_1_12862618.jpg\" class=\"swiper-photo-download\" download=\"\" rel=\"nofollow noopener\" target=\"_blank\">Atsisi\u0173sti<\/a><\/p>\n<p><img loading=\"lazy\" decoding=\"async\" src=\"https:\/\/www.respublika.lt\/lt\/naujienos\/pasaulis\/kitos_pasaulio_naujienos\/kijevas-nezada-nusileisti\/images\/ico_camera_white.gif\" class=\"camera\" width=\"22\" height=\"15\" alt=\"nuotr.\" style=\"position:relative; top:-2px; right:2px;\"\/> 1 nuotr.<\/p>\n<p>Nors kalb\u0173 apie taikos derybas pasigirsta nuolat, Ukraina tikina, kad kovos toliau. Asociatyvi EPA-Eltos nuotr.<\/p>\n<p>Ukrainos prezidentas Volodymyras Zelenskis \u012fsak\u0117 \u0161aliai ruo\u0161tis dar dvejus &#8211; trejus metus truksian\u010dioms kovoms. Apie tai, remdamasis \u0161altiniais \u0161alies vyriausyb\u0117je, prane\u0161a \u201eThe Economist&#8221;.<\/p>\n<p style=\"text-align: justify;\" class=\"desktop_banner\">\u00a0<\/p>\n<p>Nuotaikos<\/p>\n<p>J\u0173 nuomone, n\u0117ra joki\u0173 \u012ftikinam\u0173 prie\u017eas\u010di\u0173, kod\u0117l Kijevas negal\u0117t\u0173 taip ilgai kovoti. \u201eKad ir kaip blogai tai atrodyt\u0173, mes susitvarkysime&#8221;, &#8211; patikino leidinio \u0161altinis Ukrainos \u017evalgyboje.<\/p>\n<p>Publikacijoje pabr\u0117\u017eiama, kad nors \u201ebus sutepta militarizmo ir karin\u0117s korupcijos&#8221;, Ukraina i\u0161liks.<\/p>\n<p>Taip pat pastarosiomis dienomis Ukrainos ginkluot\u0173j\u0173 paj\u0117g\u0173 Bepilo\u010di\u0173 sistem\u0173 paj\u0117g\u0173 vadas Robertas (Madjaras) Brovdi prane\u0161\u0117, kad Ukraina apsisprend\u0117 d\u0117l pirm\u0173j\u0173 500 taikini\u0173 Baltarusijoje, kurie b\u016bt\u0173 atakuoti, jei Aliaksandras Luka\u0161enka nuspr\u0119st\u0173 stoti \u012f kar\u0105 Rusijos pus\u0117je.<\/p>\n<p>Rusijos lyderis Vladimiras Putinas gegu\u017e\u0117s 9 d. patikino, jog konfliktas art\u0117ja prie pabaigos.<\/p>\n<p>Kremlius patikslino, kad apie tai leid\u017eia spr\u0119sti taikos proceso baga\u017eas, bet apie konkre\u010dias detales kalb\u0117ti dar anksti.<\/p>\n<p>Pasi\u016blymas<\/p>\n<p>U\u017e gynyb\u0105 ir kosmos\u0105 atsakingas eurokomisaras Andrius Kubilius paragino ES \u0161alis atverti savo arsenalus Ukrainos poreiki\u0173 patenkinimui ir atsisakyti brangios auk\u0161t\u0173j\u0173 technologij\u0173 \u012frangos gamybos, nes pastarosios stringa. Tai jis parei\u0161k\u0117 interviu \u201eFinancial Times&#8221;.<\/p>\n<p>Gynybos komisaras persp\u0117jo, kad Europa atsilieka nuo Rusijos raket\u0173 gamybos srityje.<\/p>\n<p>Kaip prie\u017east\u012f politikas nurod\u0117 europini\u0173 \u012fmoni\u0173 siek\u012f gaminti \u201esud\u0117tingus&#8221; ir brangius ginklus, nors tai lemia nedideles gamybos apimtis.<\/p>\n<p>Jis paragino Europos valstybes persiorientuoti \u012f pigesnes sistemas, kas leist\u0173 padidinti gamybos tempus ir apimtis.<\/p>\n<p>Patiko straipsnis? Leisk mums apie tai su\u017einoti. Nepamir\u0161k pasidalinti Facebook! <\/p>\n<p><img loading=\"lazy\" decoding=\"async\" class=\"p2_social_circle_icon\" src=\"https:\/\/www.respublika.lt\/images\/thumbs_up.svg\" width=\"21\" height=\"22\" alt=\"L\"\/><\/p>\n<p><img loading=\"lazy\" decoding=\"async\" class=\"p2_social_circle_icon\" src=\"https:\/\/www.respublika.lt\/images\/facebook.svg\" alt=\"F\" width=\"22\" height=\"22\" style=\"filter: invert(37%) sepia(55%) saturate(2351%) hue-rotate(187deg) brightness(102%) contrast(106%);\"\/><\/p>\n<p>&#13;<br \/>\n\tNesutinkate &#8211; diskutuokime!<br \/>&#13;<br \/>\n\tNepykite komentatoriai, bet komentarai su keiksma\u017eod\u017eiais bus \u0161alinami automati\u0161kai, be atsipra\u0161ymo.\n    <\/p>\n<p>&#13;<br \/>\n              Respublika.lt pasilieka teis\u0119 pa\u0161alinti nekult\u016bringus, keiksma\u017eod\u017eiais pagardintus, su tema nesusijusius, kito asmens vardu pasira\u0161ytus, \u012fstatymus pa\u017eeid\u017eian\u010dius, \u0161lam\u0161t\u0105 reklamuojan\u010dius ar nusikalsti kurstan\u010dius komentarus. Jei kurstysite smurt\u0105, rasin\u0119, tautin\u0119, religin\u0119 ar kitokio pob\u016bd\u017eio neapykant\u0105, \u017evirbliu i\u0161skrid\u0119 j\u016bs\u0173 \u017eod\u017eiai gr\u012f\u017edami gali virsti ton\u0105 sverian\u010diu jau\u010diu &#8211; specialiosioms Lietuvos tarnyboms pareikalavus suteiksime j\u016bs\u0173 duomenis.\n            <\/p>\n","protected":false},"excerpt":{"rendered":"\u00d7 (1\/1) Nors kalb\u0173 apie taikos derybas pasigirsta nuolat, Ukraina tikina, kad kovos toliau. Asociatyvi EPA-Eltos nuotr. Atsisi\u0173sti&hellip;\n","protected":false},"author":2,"featured_media":189422,"comment_status":"","ping_status":"","sticky":false,"template":"","format":"standard","meta":{"footnotes":"","_share_on_mastodon":"0"},"categories":[15],"tags":[25,1496,30,31,34,35,24,815,3096,32,33,37,39,36,38,40,1499,23,22,44,28,29,2370,119,26,27,360,74,75,76,363],"class_list":["post-189421","post","type-post","status-publish","format-standard","has-post-thumbnail","category-pasaulis","tag-antrastes","tag-baltarusija","tag-breaking-news","tag-breakingnews","tag-featured-news","tag-featurednews","tag-headlines","tag-karas","tag-kubilius","tag-latest-news","tag-latestnews","tag-lietuva","tag-lietuviu","tag-lithuania","tag-lithuanian","tag-lt","tag-lukasenka","tag-naujienos","tag-news","tag-pasaulis","tag-populiariausios-naujienos","tag-populiariausiosnaujienos","tag-putinas","tag-rusija","tag-top-stories","tag-topstories","tag-ukraina","tag-world","tag-world-news","tag-worldnews","tag-zelenskis"],"share_on_mastodon":{"url":"https:\/\/pubeurope.com\/@lt\/116651985990558161","error":""},"_links":{"self":[{"href":"https:\/\/www.europesays.com\/lt\/wp-json\/wp\/v2\/posts\/189421","targetHints":{"allow":["GET"]}}],"collection":[{"href":"https:\/\/www.europesays.com\/lt\/wp-json\/wp\/v2\/posts"}],"about":[{"href":"https:\/\/www.europesays.com\/lt\/wp-json\/wp\/v2\/types\/post"}],"author":[{"embeddable":true,"href":"https:\/\/www.europesays.com\/lt\/wp-json\/wp\/v2\/users\/2"}],"replies":[{"embeddable":true,"href":"https:\/\/www.europesays.com\/lt\/wp-json\/wp\/v2\/comments?post=189421"}],"version-history":[{"count":0,"href":"https:\/\/www.europesays.com\/lt\/wp-json\/wp\/v2\/posts\/189421\/revisions"}],"wp:featuredmedia":[{"embeddable":true,"href":"https:\/\/www.europesays.com\/lt\/wp-json\/wp\/v2\/media\/189422"}],"wp:attachment":[{"href":"https:\/\/www.europesays.com\/lt\/wp-json\/wp\/v2\/media?parent=189421"}],"wp:term":[{"taxonomy":"category","embeddable":true,"href":"https:\/\/www.europesays.com\/lt\/wp-json\/wp\/v2\/categories?post=189421"},{"taxonomy":"post_tag","embeddable":true,"href":"https:\/\/www.europesays.com\/lt\/wp-json\/wp\/v2\/tags?post=189421"}],"curies":[{"name":"wp","href":"https:\/\/api.w.org\/{rel}","templated":true}]}}