{"id":189805,"date":"2026-05-28T19:17:33","date_gmt":"2026-05-28T19:17:33","guid":{"rendered":"https:\/\/www.europesays.com\/lt\/189805\/"},"modified":"2026-05-28T19:17:33","modified_gmt":"2026-05-28T19:17:33","slug":"penktadienio-vakaro-ziniose-skaitykite-isskirtinis-interviu-su-remigijumi-zemaitaiciu-tai-uztaisas-kuris-sprogs-respublika-lt","status":"publish","type":"post","link":"https:\/\/www.europesays.com\/lt\/189805\/","title":{"rendered":"Penktadienio \u201eVakaro \u017einiose&#8221; skaitykite: I\u0161skirtinis interviu su Remigijumi \u017demaitai\u010diu &#8211; tai u\u017etaisas, kuris sprogs &#8211; Respublika.lt"},"content":{"rendered":"<p><img loading=\"lazy\" decoding=\"async\" src=\"https:\/\/www.respublika.lt\/lt\/naujienos\/lietuva\/ziniasklaida\/penktadienio-vakaro-ziniose-skaitykite-isskirtinis-interviu-su-remigijumi-zemaitaiciu---tai-uztaisas-kuris-sprogs\/images\/ico_camera_white.gif\" class=\"camera\" width=\"22\" height=\"15\" alt=\"nuotr.\" style=\"position:relative; top:-2px; right:2px;\"\/> 1 nuotr.<\/p>\n<p>Remigijus \u017demaitaitis. Eltos nuotr.<\/p>\n<p>\u201eEsame prie siauros ribos, kai i\u0161puolis susidoroti su politiku bus realizuotas&#8221;, &#8211; taip pokalbyje su \u201eVakaro \u017einiomis&#8221; sako Seimo narys Remigijus \u017demaitaitis. Ir omenyje jis turi ne tik save. Tyl\u0117ti neketinantis politikas mato akivaizd\u017ei\u0105 komand\u0105 susidoroti ir su auk\u0161\u010diausiais valstyb\u0117s asmenimis. Ma\u017eiausia kibirk\u0161tis ir visuomen\u0117je driokstels sprogimas. O kas tada bus su valstybe?<\/p>\n","protected":false},"excerpt":{"rendered":"1 nuotr. Remigijus \u017demaitaitis. Eltos nuotr. \u201eEsame prie siauros ribos, kai i\u0161puolis susidoroti su politiku bus realizuotas&#8221;, &#8211;&hellip;\n","protected":false},"author":2,"featured_media":189806,"comment_status":"","ping_status":"","sticky":false,"template":"","format":"standard","meta":{"footnotes":"","_share_on_mastodon":"0"},"categories":[13],"tags":[25,30,31,34,35,24,3335,3265,9145,1133,1211,32,33,37,39,36,38,519,40,4630,23,22,29513,28,29,26,27,413,18857],"class_list":["post-189805","post","type-post","status-publish","format-standard","has-post-thumbnail","category-lietuva","tag-antrastes","tag-breaking-news","tag-breakingnews","tag-featured-news","tag-featurednews","tag-headlines","tag-karbauskis","tag-kasciunas","tag-kgb","tag-konservatoriai","tag-kremlius","tag-latest-news","tag-latestnews","tag-lietuva","tag-lietuviu","tag-lithuania","tag-lithuanian","tag-lrt","tag-lt","tag-na","tag-naujienos","tag-news","tag-persekioti","tag-populiariausios-naujienos","tag-populiariausiosnaujienos","tag-top-stories","tag-topstories","tag-zemaitaitis","tag-zukauskas"],"share_on_mastodon":{"url":"https:\/\/pubeurope.com\/@lt\/116653814368629391","error":""},"_links":{"self":[{"href":"https:\/\/www.europesays.com\/lt\/wp-json\/wp\/v2\/posts\/189805","targetHints":{"allow":["GET"]}}],"collection":[{"href":"https:\/\/www.europesays.com\/lt\/wp-json\/wp\/v2\/posts"}],"about":[{"href":"https:\/\/www.europesays.com\/lt\/wp-json\/wp\/v2\/types\/post"}],"author":[{"embeddable":true,"href":"https:\/\/www.europesays.com\/lt\/wp-json\/wp\/v2\/users\/2"}],"replies":[{"embeddable":true,"href":"https:\/\/www.europesays.com\/lt\/wp-json\/wp\/v2\/comments?post=189805"}],"version-history":[{"count":0,"href":"https:\/\/www.europesays.com\/lt\/wp-json\/wp\/v2\/posts\/189805\/revisions"}],"wp:featuredmedia":[{"embeddable":true,"href":"https:\/\/www.europesays.com\/lt\/wp-json\/wp\/v2\/media\/189806"}],"wp:attachment":[{"href":"https:\/\/www.europesays.com\/lt\/wp-json\/wp\/v2\/media?parent=189805"}],"wp:term":[{"taxonomy":"category","embeddable":true,"href":"https:\/\/www.europesays.com\/lt\/wp-json\/wp\/v2\/categories?post=189805"},{"taxonomy":"post_tag","embeddable":true,"href":"https:\/\/www.europesays.com\/lt\/wp-json\/wp\/v2\/tags?post=189805"}],"curies":[{"name":"wp","href":"https:\/\/api.w.org\/{rel}","templated":true}]}}