{"id":190563,"date":"2026-05-29T18:34:29","date_gmt":"2026-05-29T18:34:29","guid":{"rendered":"https:\/\/www.europesays.com\/lt\/190563\/"},"modified":"2026-05-29T18:34:29","modified_gmt":"2026-05-29T18:34:29","slug":"eduardui-vaitkui-pareiksti-itarimai-del-valstybes-simboliu-isniekinimo-respublika-lt","status":"publish","type":"post","link":"https:\/\/www.europesays.com\/lt\/190563\/","title":{"rendered":"Eduardui Vaitkui pareik\u0161ti \u012ftarimai d\u0117l valstyb\u0117s simboli\u0173 i\u0161niekinimo &#8211; Respublika.lt"},"content":{"rendered":"<p style=\"text-align: justify;\" class=\"desktop_banner\">\u00a0<\/p>\n<p style=\"text-align: left;\">\u00a0<\/p>\n<p style=\"text-align: left;\">Dokumente, su kuriuo susipa\u017eino ELTA, nurodoma, kad \u012ftarimai E. Vaitkui pareik\u0161ti penktadien\u012f.<\/p>\n<p style=\"text-align: left;\">\u0160iame ra\u0161te teigiama, kad E. Vaitkus pra\u0117jusi\u0173 met\u0173 gruod\u017eio 30 d. socialiniame tinkle \u201eFacebook\u201c publikavo paveiksl\u0117l\u012f, kuriame buvo vaizduojama modifikuota Lietuvos herbo \u2013 Vy\u010dio \u2013 kompozicija.<\/p>\n<p style=\"text-align: left;\">\u0160ioje kompozicijoje, kaip nurodoma teis\u0117saugos dokumente, integruoti simboliai, primenantys nacistin\u0117s Vokietijos simbolik\u0105.<\/p>\n<p style=\"text-align: left;\">Dokumente ra\u0161oma, jog E. Vaitkus savo veiksmais pasity\u010diojo i\u0161 Lietuvos valstyb\u0117s simbolio \u2013 Lietuvos herbo \u2013 pasik\u0117sindamas \u012f valstyb\u0117s autoritet\u0105.<\/p>\n<p style=\"text-align: left;\">E. Vaitkus min\u0117t\u0105 dien\u0105 \u201eFacebook\u201c publikavo Lietuvos herbo \u2013 Vy\u010dio \u2013 paveiksl\u0117l\u012f, kuriame galima pamatyti, kad ant raitelio skydo yra vaizduojama svastika.<\/p>\n<p style=\"text-align: left;\">\u201eAr 2026 metais Lietuvos \u201egeroji\u201c socdem\u0173-\u017demaitai\u010dio vald\u017eia skelbs SANKCIJAS Amerikai u\u017e prokremli\u0161k\u0105 politik\u0105? Ar jas skelbt\u0173 \u201eblogoji\u201c ankstesn\u0117 \u0160imonyt\u0117s-liberal\u0173 vyriausyb\u0117?\u201c, \u2013 prie min\u0117to paveiksl\u0117lio \u201eFacebook\u201c ra\u0161\u0117 E. Vaitkus.<\/p>\n<p style=\"text-align: left;\">Pats E. Vaitkus prane\u0161\u0117 teis\u0117saugai parei\u0161k\u0119s, jog nesuprato, kuo yra \u012ftariamas. Buvusio kandidato \u012f prezidentus manymu, su juo siekiama politi\u0161kai susidoroti.<\/p>\n<p style=\"text-align: left;\">\u201ePolicijoje parei\u0161kiau, kad nesuprantu kokiu pagrindu esu kaltinamas, nes \u201eFacebook\u201c publikuota buvo tai, kas Lietuvos teis\u0117saugos (policijos ir prokurat\u016bros) buvo ra\u0161tu pripa\u017einta LEISTINA, tod\u0117l laikau tai POLITINIU SUSIDOROJIMU.<\/p>\n<p style=\"text-align: left;\">Kiek tai susij\u0119 su mano skundais d\u0117l Neteis\u0117to Ukrainos v\u0117liav\u0173 i\u0161k\u0117limo prie Kauno policijos komendant\u016bros pastat\u0173 &#8212; \u00a0ne\u017einau. \u00a0Kiek tai susij\u0119 su mano skundu VRM ministrui d\u0117l Neteis\u0117tos Lietuvos policijos Generalinio komisaro ir Kauno apskrities VPK vir\u0161ininko veikos vir\u0161ijant savo \u012fgaliojimus \u2013 ne\u017einau. TA\u010cIAU \u017einau, kad pasakyti GANA galime tik visi kartu\u201c, \u2013 \u201eFacebook\u201c ra\u0161o E. Vaitkus.<\/p>\n<p style=\"text-align: left;\">Baud\u017eiamajame kodekse numatyta, kad tas, kas vie\u0161ai nupl\u0117\u0161\u0117, sudrask\u0117, sulau\u017e\u0117, sunaikino, subjaurojo ar kitaip i\u0161niekino Lietuvos valstyb\u0117s v\u0117liav\u0105 ar herb\u0105 arba vie\u0161ai pasity\u010diojo i\u0161 Lietuvos valstyb\u0117s himno, baud\u017eiamas vie\u0161aisiais darbais arba bauda, arba laisv\u0117s apribojimu, arba are\u0161tu, arba laisv\u0117s at\u0117mimu iki dvej\u0173 met\u0173.<\/p>\n<p style=\"text-align: left;\">Prezidentas at\u0117m\u0117 apdovanojim\u0105<\/p>\n<p style=\"text-align: left;\">Pra\u0117jusi\u0173 met\u0173 gegu\u017e\u0119 prezidentas Gitanas Naus\u0117da prokremli\u0161kais parei\u0161kimais gars\u0117jant\u012f E. Vaitk\u0173 i\u0161brauk\u0117 i\u0161 Gedimino ordino kavalieri\u0173 s\u0105ra\u0161o. Priimti tok\u012f sprendim\u0105 \u0161alies vadovui rekomendavo Valstyb\u0117s apdovanojim\u0173 taryba.<\/p>\n<p style=\"text-align: left;\">Klausimas d\u0117l E. Vaitkaus turimo Gedimino ordino kilo po to, kai Baltarusijos sostin\u0117je surengtoje spaudos konferencijoje politikas parei\u0161k\u0117, kad Lietuva neturi teis\u0117tai i\u0161rinkto prezidento. Tokias buvusio kandidato \u012f prezidentus kalbas Lietuvos politikai pavadino antivalstybin\u0117mis.<\/p>\n<p style=\"text-align: left;\">D\u0117l \u0161io sprendimo E. Vaitkus kreip\u0117si \u012f teismus.<\/p>\n<p style=\"text-align: left;\">E. Vaitkus 2024 m. vykusiuose prezidento rinkimuose u\u017e\u0117m\u0117 penkt\u0105j\u0105 viet\u0105 ir sulauk\u0117 7,31 proc. rink\u0117j\u0173 palaikymo.\u00a0<\/p>\n<p style=\"text-align: left;\">Komentuoja advokatas Ma\u017evydas MISI\u016aNAS:\u00a0<\/p>\n<p style=\"text-align: left;\"><img loading=\"lazy\" decoding=\"async\" src=\"https:\/\/www.europesays.com\/lt\/wp-content\/uploads\/2026\/05\/1134966240.jpg\" alt=\"\" width=\"580\" height=\"250\"\/><\/p>\n<p style=\"text-align: left;\">Vie\u0161ai paskelbta informacija apie Eduardui Vaitkui pareik\u0161tus \u012ftarimus pagal Baud\u017eiamojo kodekso 127 straipsn\u012f kelia rimt\u0173 klausim\u0173 ne tik d\u0117l baud\u017eiamojo \u012fstatymo taikymo, bet ir d\u0117l teisinio nuoseklumo bei teis\u0117t\u0173 l\u016bkes\u010di\u0173 principo laikymosi.<\/p>\n<p style=\"text-align: left;\">Yra viena aplinkyb\u0117, kuri \u0161ioje istorijoje yra esmin\u0117 ir kuri, mano vertinimu, negali b\u016bti ignoruojama.<\/p>\n<p style=\"text-align: left;\">2022 m. vasario 25 d. pats E.Vaitkus kreip\u0117si \u012f Kauno apygardos vyriausi\u0105j\u012f prokuror\u0105 Dari\u0173 Valkavi\u010di\u0173 su oficialiu parei\u0161kimu, pra\u0161ydamas teisi\u0161kai \u012fvertinti socialiniame tinkle \u201eFacebook&#8221; paskelbt\u0105 Ri\u010dardo Jaros publikacij\u0105, kurioje buvo naudojamas tas pats Vy\u010dio atvaizdas su skyde pavaizduotu simboliu, u\u017e kur\u012f \u0161iandien teis\u0117sauga teikia \u012ftarimus E.Vaitkui.<\/p>\n<p style=\"text-align: left;\">E.Vaitkaus Parei\u0161kime buvo pra\u0161oma atsakyti \u012f vienintel\u012f klausim\u0105 &#8211; ar toks vaizdinio publikavimas yra teis\u0117tas.<\/p>\n<p style=\"text-align: left;\">Po \u0161io kreipimosi med\u017eiaga pagal kompetencij\u0105 buvo perduota nagrin\u0117ti policijai. Kauno miesto Dainavos policijos komisariate buvo prad\u0117tas patikrinimas, u\u017eregistruota administracinio nusi\u017eengimo teisena pagal Administracini\u0173 nusi\u017eengim\u0173 kodekso 524 straipsn\u012f d\u0117l galimo nacistin\u0117s simbolikos demonstravimo.<\/p>\n<p style=\"text-align: left;\">Ta\u010diau 2022 m. kovo 16 d. Kauno apskrities vyriausiojo policijos komisariato, Kauno miesto Dainavos policijos komisariato vyresnioji tyr\u0117ja Vaida Ver\u0161inskien\u0117 pri\u0117m\u0117 nutarim\u0105 administracinio nusi\u017eengimo bylos neprad\u0117ti.<br \/>Dar daugiau &#8211; nutarime buvo konstatuota, kad:<\/p>\n<p style=\"text-align: left;\">1. pateiktoje nuotraukoje matomas Vytis su skyde pavaizduotu simboliu, pana\u0161iu \u012f nacistin\u0119 svastik\u0105;<\/p>\n<p style=\"text-align: left;\">2. buvo i\u0161analizuota Lietuvos vyriausiojo administracinio teismo praktika d\u0117l nacistin\u0117s svastikos sampratos;<\/p>\n<p style=\"text-align: left;\">3. nebuvo surinkta pakankamai duomen\u0173, leid\u017eian\u010di\u0173 konstatuoti administracinio nusi\u017eengimo sud\u0117ties po\u017eymius;<\/p>\n<p style=\"text-align: left;\">4. buvo padaryta galutin\u0117 i\u0161vada, kad n\u0117ra nei pa\u017eeidimo \u012fvykio, nei pa\u017eeidimo sud\u0117ties.<\/p>\n<p style=\"text-align: left;\">Tod\u0117l \u0161iandien susidaro teisi\u0161kai paradoksali situacija. Tas pats asmuo E.Vaitkus, kuris prie\u0161 kelerius metus pats kreip\u0117si \u012f valstyb\u0117s institucijas pra\u0161ydamas \u012fvertinti min\u0117to simbolio teis\u0117tum\u0105, \u0161iandien yra persekiojamas baud\u017eiam\u0105ja tvarka u\u017e to paties simbolio publikavim\u0105.<\/p>\n<p style=\"text-align: left;\">Dar daugiau, prie\u0161 kelis metus valstyb\u0117s institucijos ne tik nepripa\u017eino veikos neteis\u0117ta, bet net neprad\u0117jo administracin\u0117s bylos, konstatavusios, kad n\u0117ra pa\u017eeidimo sud\u0117ties po\u017eymi\u0173. \u0160iandien d\u0117l to paties paveiksl\u0117lio asmeniui rei\u0161kiami \u012ftarimai pagal Baud\u017eiam\u0105j\u012f kodeks\u0105.<\/p>\n<p style=\"text-align: left;\">Teisin\u0117je valstyb\u0117je pilietis turi teis\u0119 tik\u0117tis nuoseklaus valstyb\u0117s institucij\u0173 elgesio. Jeigu valstyb\u0117 vienu metu oficialiai konstatuoja, kad tam tikras turinys nesudaro net administracinio pa\u017eeidimo po\u017eymi\u0173, o v\u0117liau d\u0117l to paties turinio pradeda baud\u017eiam\u0105j\u012f persekiojim\u0105, kyla rimtas klausimas d\u0117l teis\u0117t\u0173 l\u016bkes\u010di\u0173, teisinio tikrumo ir vienodo teis\u0117s taikymo princip\u0173 laikymosi.<\/p>\n<p style=\"text-align: left;\">\u0160ioje byloje diskusija tur\u0117t\u0173 vykti ne apie emocijas ar politines simpatijas, o ar asmuo gali b\u016bti kaltinamas s\u0105moningai padar\u0119s nusikaltim\u0105 d\u0117l veiksm\u0173, kuri\u0173 teis\u0117tumu jis anks\u010diau pats dom\u0117josi, kreip\u0117si \u012f kompetentingas institucijas ir i\u0161 j\u0173 negavo patvirtinimo, kad tokie veiksmai b\u016bt\u0173 draud\u017eiami.<\/p>\n","protected":false},"excerpt":{"rendered":"\u00a0 \u00a0 Dokumente, su kuriuo susipa\u017eino ELTA, nurodoma, kad \u012ftarimai E. Vaitkui pareik\u0161ti penktadien\u012f. \u0160iame ra\u0161te teigiama, kad&hellip;\n","protected":false},"author":2,"featured_media":190564,"comment_status":"","ping_status":"","sticky":false,"template":"","format":"standard","meta":{"footnotes":"","_share_on_mastodon":"0"},"categories":[13],"tags":[25,30,31,34,35,24,25933,29808,32,33,37,39,36,38,40,4583,23,22,28,29,25820,26,27,10617,29809,5899],"class_list":["post-190563","post","type-post","status-publish","format-standard","has-post-thumbnail","category-lietuva","tag-antrastes","tag-breaking-news","tag-breakingnews","tag-featured-news","tag-featurednews","tag-headlines","tag-itarimai","tag-jara","tag-latest-news","tag-latestnews","tag-lietuva","tag-lietuviu","tag-lithuania","tag-lithuanian","tag-lt","tag-misiunas","tag-naujienos","tag-news","tag-populiariausios-naujienos","tag-populiariausiosnaujienos","tag-svastika","tag-top-stories","tag-topstories","tag-vaitkus","tag-versinskiene","tag-vytis"],"share_on_mastodon":{"url":"https:\/\/pubeurope.com\/@lt\/116659307370858814","error":""},"_links":{"self":[{"href":"https:\/\/www.europesays.com\/lt\/wp-json\/wp\/v2\/posts\/190563","targetHints":{"allow":["GET"]}}],"collection":[{"href":"https:\/\/www.europesays.com\/lt\/wp-json\/wp\/v2\/posts"}],"about":[{"href":"https:\/\/www.europesays.com\/lt\/wp-json\/wp\/v2\/types\/post"}],"author":[{"embeddable":true,"href":"https:\/\/www.europesays.com\/lt\/wp-json\/wp\/v2\/users\/2"}],"replies":[{"embeddable":true,"href":"https:\/\/www.europesays.com\/lt\/wp-json\/wp\/v2\/comments?post=190563"}],"version-history":[{"count":0,"href":"https:\/\/www.europesays.com\/lt\/wp-json\/wp\/v2\/posts\/190563\/revisions"}],"wp:featuredmedia":[{"embeddable":true,"href":"https:\/\/www.europesays.com\/lt\/wp-json\/wp\/v2\/media\/190564"}],"wp:attachment":[{"href":"https:\/\/www.europesays.com\/lt\/wp-json\/wp\/v2\/media?parent=190563"}],"wp:term":[{"taxonomy":"category","embeddable":true,"href":"https:\/\/www.europesays.com\/lt\/wp-json\/wp\/v2\/categories?post=190563"},{"taxonomy":"post_tag","embeddable":true,"href":"https:\/\/www.europesays.com\/lt\/wp-json\/wp\/v2\/tags?post=190563"}],"curies":[{"name":"wp","href":"https:\/\/api.w.org\/{rel}","templated":true}]}}