{"id":190665,"date":"2026-05-29T21:57:14","date_gmt":"2026-05-29T21:57:14","guid":{"rendered":"https:\/\/www.europesays.com\/lt\/190665\/"},"modified":"2026-05-29T21:57:14","modified_gmt":"2026-05-29T21:57:14","slug":"krize-gileja-riteriai-skolingi-net-apsaugai","status":"publish","type":"post","link":"https:\/\/www.europesays.com\/lt\/190665\/","title":{"rendered":"Kriz\u0117 gil\u0117ja: \u201eRiteriai\u201c skolingi net apsaugai"},"content":{"rendered":"<p class=\"isSelectedEnd\">Kaip prane\u0161a TV3 sporto \u017eurnalistas Mantas Krasnickas, \u201eRiteriai\u201c yra skolingi rungtyni\u0173 apsauga besir\u016bpinan\u010diai bendrovei \u201eEkskomisar\u0173 biuras\u201c.<\/p>\n<p class=\"isSelectedEnd\">Skelbiama, kad d\u0117l susidariusios situacijos C. Konadu ie\u0161ko alternatyv\u0173 ir net kreip\u0117si \u012f LFF d\u0117l kit\u0173 apsaugos paslaug\u0173 teik\u0117j\u0173 kontakt\u0173. Vis d\u0117lto ir \u0161ie bandymai kol kas nebuvo s\u0117kmingi.<\/p>\n<p>    <img decoding=\"async\" src=\"https:\/\/www.europesays.com\/lt\/wp-content\/uploads\/2026\/05\/d2fa19e7-775a-4162-8cc2-6852079a5a68.jpg\" loading=\"lazy\" alt=\"Clancy Osei Konadu\"\/>      <\/p>\n<p class=\"isSelectedEnd\">Tiesa, neatmetama, jog penktadien\u012f rungtyn\u0117s gal\u0117t\u0173 vykti ir be apsaugos.<\/p>\n<p>\u017dad\u0117ti atlyginimai taip ir nepasiek\u0117 \u017eaid\u0117j\u0173<\/p>\n<p class=\"isSelectedEnd\">Ketvirtadien\u012f surengtoje spaudos konferencijoje LFF vadovas <a rel=\"noopener nofollow\" target=\"_blank\" href=\"https:\/\/www.delfi.lt\/temos\/edgaras-stankevicius\" tag-id=\"73879640\">Edgaras Stankevi\u010dius<\/a> teig\u0117, kad \u201eRiteri\u0173\u201c vadovas buvo pa\u017ead\u0117j\u0119s iki dienos pabaigos atsiskaityti su \u017eaid\u0117jais ir klubo personalu.<\/p>\n<p>    <img decoding=\"async\" src=\"https:\/\/www.europesays.com\/lt\/wp-content\/uploads\/2026\/05\/e85b5a70-f81e-477e-9932-1d0d8dc2a0a4.jpg\" loading=\"lazy\" alt=\"Edgaras Stankevi\u010dius\"\/>      <\/p>\n<p class=\"isSelectedEnd\">Vis d\u0117lto pa\u017eadai kol kas liko ne\u012fgyvendinti. Dabar C. Konadu es\u0105 tikina, jog atlyginimai komand\u0105 pasieks dar iki penktadienio rungtyni\u0173 su Marijampol\u0117s \u201eS\u016bduva\u201c.<\/p>\n<p>\u201ePakalb\u0117kime apie <a rel=\"noopener nofollow\" target=\"_blank\" href=\"https:\/\/www.delfi.lt\/temos\/vilniaus-riteriai\" data-rel-date-range=\"[]\">Vilniaus \u201eRiterius\u201c<\/a>, jei galima juos dar taip bepavadinti. Antri metai, kada tenka apie juos kalb\u0117ti tokiame kontekste ir naujienos n\u0117ra optimistin\u0117s ar pozityvios. Nemaloni situacija, nei lyga, nei federacija nenori tur\u0117ti tokio klubo, koks jis yra \u0161iai dienai\u201c, \u2013 ketvirtadien\u012f spaudos konferencijoje grie\u017etai d\u0117st\u0117 LFF vadovas. <\/p>\n<p>    <img decoding=\"async\" src=\"https:\/\/www.europesays.com\/lt\/wp-content\/uploads\/2026\/05\/124020cb-6697-415a-a434-10bd45fe0a85.jpg\" loading=\"lazy\" alt=\"Edgaras Stankevi\u010dius\"\/>    <\/p>\n<p>Anot jo, tiek jo, tiek federacijos vykdomojo komiteto nari\u0173 kantryb\u0117 i\u0161seko ir pateiktas ultimatumas pastarosiomis savait\u0117mis oficialiai klubo popierius per\u0117musiam \u201eRiteri\u0173\u201c vadovui Clancy Osei Konadu. <\/p>\n<p>Pla\u010diau apie \u201eRiteri\u0173\u201c finansinius sunkumus ir klubo likim\u0105 galite skaityti <a rel=\"noopener follow nofollow\" target=\"_blank\" href=\"https:\/\/www.delfi.lt\/a\/120256473\" data-rel-date-range=\"[]\">\u010cIA<\/a>.<\/p>\n<p>    <img decoding=\"async\" src=\"https:\/\/www.europesays.com\/lt\/wp-content\/uploads\/2026\/05\/26d91014-7f98-4609-ac1d-2f4fc0b13450.jpg\" loading=\"lazy\" alt=\"Clancy Osei Konadu, Edgaras Stankevi\u010dius\"\/>      <\/p>\n<p>Problemos t\u0119siasi jau ne pirm\u0105 savait\u0119<\/p>\n<p class=\"isSelectedEnd\">Tai ne pirmas kartas, kai \u201eRiteriai\u201c atsiduria d\u0117mesio centre d\u0117l organizacini\u0173 nesklandum\u0173.<\/p>\n<p>\u0160\u012f penktadien\u012f sostin\u0117s klubas  20 val. namuose turi priimti Marijampol\u0117s \u201eS\u016bduvos\u201c ekip\u0105. <\/p>\n<p>Turnyrin\u0117 TOPLYGOS lentel\u0117<\/p>\n","protected":false},"excerpt":{"rendered":"Kaip prane\u0161a TV3 sporto \u017eurnalistas Mantas Krasnickas, \u201eRiteriai\u201c yra skolingi rungtyni\u0173 apsauga besir\u016bpinan\u010diai bendrovei \u201eEkskomisar\u0173 biuras\u201c. Skelbiama, kad&hellip;\n","protected":false},"author":2,"featured_media":190666,"comment_status":"","ping_status":"","sticky":false,"template":"","format":"standard","meta":{"footnotes":"","_share_on_mastodon":"0"},"categories":[19],"tags":[8147,5034,37,39,36,38,40,47,104,21308,1113],"class_list":["post-190665","post","type-post","status-publish","format-standard","has-post-thumbnail","category-sportas","tag-edgaras-stankevicius","tag-lff","tag-lietuva","tag-lietuviu","tag-lithuania","tag-lithuanian","tag-lt","tag-sportas","tag-sports","tag-toplyga","tag-vilniaus-riteriai"],"share_on_mastodon":{"url":"https:\/\/pubeurope.com\/@lt\/116660105894181028","error":""},"_links":{"self":[{"href":"https:\/\/www.europesays.com\/lt\/wp-json\/wp\/v2\/posts\/190665","targetHints":{"allow":["GET"]}}],"collection":[{"href":"https:\/\/www.europesays.com\/lt\/wp-json\/wp\/v2\/posts"}],"about":[{"href":"https:\/\/www.europesays.com\/lt\/wp-json\/wp\/v2\/types\/post"}],"author":[{"embeddable":true,"href":"https:\/\/www.europesays.com\/lt\/wp-json\/wp\/v2\/users\/2"}],"replies":[{"embeddable":true,"href":"https:\/\/www.europesays.com\/lt\/wp-json\/wp\/v2\/comments?post=190665"}],"version-history":[{"count":0,"href":"https:\/\/www.europesays.com\/lt\/wp-json\/wp\/v2\/posts\/190665\/revisions"}],"wp:featuredmedia":[{"embeddable":true,"href":"https:\/\/www.europesays.com\/lt\/wp-json\/wp\/v2\/media\/190666"}],"wp:attachment":[{"href":"https:\/\/www.europesays.com\/lt\/wp-json\/wp\/v2\/media?parent=190665"}],"wp:term":[{"taxonomy":"category","embeddable":true,"href":"https:\/\/www.europesays.com\/lt\/wp-json\/wp\/v2\/categories?post=190665"},{"taxonomy":"post_tag","embeddable":true,"href":"https:\/\/www.europesays.com\/lt\/wp-json\/wp\/v2\/tags?post=190665"}],"curies":[{"name":"wp","href":"https:\/\/api.w.org\/{rel}","templated":true}]}}