{"id":191135,"date":"2026-05-30T17:08:11","date_gmt":"2026-05-30T17:08:11","guid":{"rendered":"https:\/\/www.europesays.com\/lt\/191135\/"},"modified":"2026-05-30T17:08:11","modified_gmt":"2026-05-30T17:08:11","slug":"uz-atlanto-isvykstantis-zalgirio-talentas-suvienys-jegas-su-murausku-delfi","status":"publish","type":"post","link":"https:\/\/www.europesays.com\/lt\/191135\/","title":{"rendered":"U\u017e Atlanto i\u0161vykstantis \u201e\u017dalgirio\u201c talentas suvienys j\u0117gas su Murausku &#8211; Delfi"},"content":{"rendered":"<ol>\n<li><a href=\"https:\/\/news.google.com\/rss\/articles\/CBMiuwFBVV95cUxOWnp1Mk10Y3VRUnJmSmtlR0Z1UzFyaklMOHIyX3gtT00zLU9NWjUtSFVvMEx6ZExVUUlkOHB4LUNXN0RfRmZkYlVpMkRwSG1oSUtJZFpJVUxSUkN4VHVockJNY0lTSFpTNlRHQ1RsTk1fcEdmcVdTSU9kb3hpN2NlalVTdlloWXIzVVFrYUFIYS1DYjdaM3k4dkdIUlFKbjBXVU9NLTJpalI4TVd2UTFpakV4TE9TVUxmY2Zv?oc=5\" target=\"_blank\" rel=\"nofollow noopener\">U\u017e Atlanto i\u0161vykstantis \u201e\u017dalgirio\u201c talentas suvienys j\u0117gas su Murausku<\/a>&nbsp;&nbsp;Delfi<\/li>\n<li><a href=\"https:\/\/news.google.com\/rss\/articles\/CBMirgFBVV95cUxNZWYxeFZkcHF1VFR5OXA4ODd5ZWViRjZtQkV3aUw5MWZDSnR3aVF5dDk0aVZFMG0xQW5ySWdRNFBmWGQ4b2tTTGxueGV1MTNIaklBU1EwMS1SN0hyZHpRc0VpMFB4c1FFakNybWFFa0dHVmxZNTFwbWM3UXFPcS1BUG1DTnFnT2I2YXBwWThId0lqS25lU04wa0w4SGxtVlVSRElEYXNlbS1qQkRXWWc?oc=5\" target=\"_blank\" rel=\"nofollow noopener\">Dar vienas \u201e\u017dalgirio\u201c talentas ie\u0161kos laim\u0117s u\u017e Atlanto<\/a>&nbsp;&nbsp;15min.lt<\/li>\n<li><a href=\"https:\/\/news.google.com\/rss\/articles\/CBMijgFBVV95cUxObDNHR25NbGluSURpeEJVOGNaZlFpeXlPM1UtM3BKSEZtbFdtQS1qOFR6M00zZ2NNS1RQaVRxekFzRDVZSGFrYXFuMHZTenlPYVdYQUlwZXhNZHNlWG1FMkpaRDVvVy1NZEQ0bDhKWEJrNGp5dWx1LUxzdnBhVzRZUjEta2t4Q1AxVEo5MXJB?oc=5\" target=\"_blank\" rel=\"nofollow noopener\">Rudaitis i\u0161 \u201e\u017dalgiris-2\u201c persikelia \u012f NCAA<\/a>&nbsp;&nbsp;tv3.lt<\/li>\n<li><a href=\"https:\/\/news.google.com\/rss\/articles\/CBMinAFBVV95cUxOZExGRGxlVWE5b2x5VTVJWl83dUZxU2xzOGtjQnlVLVpFNWl0bXI1bzNVM3M5cXE1YlUzc3dWMzlUSWU3eFNJNGxVLXprT3pFZUZkaU4tWHVxTWhDWlR0QktaWFQwZFRZMUY4ajZNa1Q5QVZqdER6dE5EQy1hWlBIbVU5VFhJMFBra3pQSTNFRk4tZHdMS2dtLUJOeHY?oc=5\" target=\"_blank\" rel=\"nofollow noopener\">J. Rudaitis palieka Kaun\u0105 ir t\u0119s karjer\u0105 JAV universitetinio krep\u0161inio lygoje<\/a>&nbsp;&nbsp;Sport24.lt<\/li>\n<li><a href=\"https:\/\/news.google.com\/rss\/articles\/CBMiiAFBVV95cUxPMzZreVoyV1FTZVlFZjdVTzZWTEVOV1lNbkp3b0ZGTjFHWWRhc1EzOXl0Smd4SWJoNm9tNlBfUjAtZ0NOTEM4dDk5eTIzMWpJVldLRGhBOGYwcFB2YW94NE9Gd3M5YVNmSTYwN1JzSDM2cml3aDlOOE1NRnFzRHc3dEtDTFMwTjRI?oc=5\" target=\"_blank\" rel=\"nofollow noopener\">\u201e\u017dalgirio\u201c dubleri\u0173 lyderis karjer\u0105 t\u0119s NCAA<\/a>&nbsp;&nbsp;Sportas.lt<\/li>\n<\/ol>\n","protected":false},"excerpt":{"rendered":"U\u017e Atlanto i\u0161vykstantis \u201e\u017dalgirio\u201c talentas suvienys j\u0117gas su Murausku&nbsp;&nbsp;Delfi Dar vienas \u201e\u017dalgirio\u201c talentas ie\u0161kos laim\u0117s u\u017e Atlanto&nbsp;&nbsp;15min.lt Rudaitis&hellip;\n","protected":false},"author":2,"featured_media":191136,"comment_status":"","ping_status":"","sticky":false,"template":"","format":"standard","meta":{"footnotes":"","_share_on_mastodon":"0"},"categories":[19],"tags":[6601,37,39,36,38,40,17685,16796,47,104],"class_list":["post-191135","post","type-post","status-publish","format-standard","has-post-thumbnail","category-sportas","tag-kauno-zalgiris-2","tag-lietuva","tag-lietuviu","tag-lithuania","tag-lithuanian","tag-lt","tag-nkl","tag-paulius-murauskas","tag-sportas","tag-sports"],"share_on_mastodon":{"url":"https:\/\/pubeurope.com\/@lt\/116664631463717344","error":""},"_links":{"self":[{"href":"https:\/\/www.europesays.com\/lt\/wp-json\/wp\/v2\/posts\/191135","targetHints":{"allow":["GET"]}}],"collection":[{"href":"https:\/\/www.europesays.com\/lt\/wp-json\/wp\/v2\/posts"}],"about":[{"href":"https:\/\/www.europesays.com\/lt\/wp-json\/wp\/v2\/types\/post"}],"author":[{"embeddable":true,"href":"https:\/\/www.europesays.com\/lt\/wp-json\/wp\/v2\/users\/2"}],"replies":[{"embeddable":true,"href":"https:\/\/www.europesays.com\/lt\/wp-json\/wp\/v2\/comments?post=191135"}],"version-history":[{"count":0,"href":"https:\/\/www.europesays.com\/lt\/wp-json\/wp\/v2\/posts\/191135\/revisions"}],"wp:featuredmedia":[{"embeddable":true,"href":"https:\/\/www.europesays.com\/lt\/wp-json\/wp\/v2\/media\/191136"}],"wp:attachment":[{"href":"https:\/\/www.europesays.com\/lt\/wp-json\/wp\/v2\/media?parent=191135"}],"wp:term":[{"taxonomy":"category","embeddable":true,"href":"https:\/\/www.europesays.com\/lt\/wp-json\/wp\/v2\/categories?post=191135"},{"taxonomy":"post_tag","embeddable":true,"href":"https:\/\/www.europesays.com\/lt\/wp-json\/wp\/v2\/tags?post=191135"}],"curies":[{"name":"wp","href":"https:\/\/api.w.org\/{rel}","templated":true}]}}