{"id":191139,"date":"2026-05-30T17:28:16","date_gmt":"2026-05-30T17:28:16","guid":{"rendered":"https:\/\/www.europesays.com\/lt\/191139\/"},"modified":"2026-05-30T17:28:16","modified_gmt":"2026-05-30T17:28:16","slug":"prancuzai-pavargo-nuo-migrantu-respublika-lt","status":"publish","type":"post","link":"https:\/\/www.europesays.com\/lt\/191139\/","title":{"rendered":"Pranc\u016bzai pavargo nuo migrant\u0173 &#8211; Respublika.lt"},"content":{"rendered":"<p><img loading=\"lazy\" decoding=\"async\" src=\"https:\/\/www.respublika.lt\/lt\/naujienos\/pasaulis\/kitos_pasaulio_naujienos\/prancuzai-pavargo-nuo-migrantu\/images\/ico_camera_white.gif\" class=\"camera\" width=\"22\" height=\"15\" alt=\"nuotr.\" style=\"position:relative; top:-2px; right:2px;\"\/> 1 nuotr.<\/p>\n<p>\u201ePasiek\u0117me savo galimybi\u0173 integruoti ir asimiliuoti rib\u0105. Tod\u0117l esu tvirtai \u012fsitikin\u0119s: dabartin\u0117 imigracija turi b\u016bti nutraukta&#8221;, &#8211; teig\u0117 \u017deraldas Dermanenas. EPA-Eltos nuotr.<\/p>\n<p style=\"text-align: justify;\" class=\"desktop_banner\">\u00a0<\/p>\n<p>Taip jis pakomentavo duomenis apie tai, jog 2025 m. Pranc\u016bzija i\u0161dav\u0117 4,5 mln. leidim\u0173 gyventi, o \u0161alyje teis\u0117tai gyvenan\u010di\u0173 u\u017esienie\u010di\u0173 dalis sudaro daugiau nei 8 proc. suaugusi\u0173 gyventoj\u0173.<\/p>\n<p>\u201ePasiek\u0117me savo galimybi\u0173 integruoti ir asimiliuoti rib\u0105. Tod\u0117l esu tvirtai \u012fsitikin\u0119s: dabartin\u0117 imigracija turi b\u016bti nutraukta&#8221;, &#8211; teig\u0117 \u017d.Dermanenas.<\/p>\n<p>Jis prid\u016br\u0117, kad imigracijos klausimas tur\u0117t\u0173 b\u016bti i\u0161spr\u0119stas per kitus prezidento rinkimus. Tai b\u016bt\u0173 galima padaryti apribojant leidim\u0173 gyventi i\u0161davim\u0105 darbo viz\u0173 tur\u0117toj\u0173 artimiesiems.<\/p>\n<p>\u017d.Dermanenas pasi\u016bl\u0117 Konstitucijos pataisas, leid\u017eian\u010dias \u012fvesti migracij\u0105 ribojan\u010dias kvotas. Tai, pasak jo, sudaryt\u0173 s\u0105lygas aptarti parei\u0161k\u0117j\u0173 skai\u010di\u0173, j\u0173 geografin\u0119 kilm\u0119 ir reikaling\u0105 kvalifikacij\u0105.<\/p>\n<p>Jis paragino deportuoti tuos, kuriuos reikia i\u0161si\u0173sti, viz\u0173 i\u0161davim\u0105 susieti su \u012fsakymu i\u0161vykti i\u0161 Pranc\u016bzijos ir prad\u0117ti u\u017esienie\u010di\u0173, kurie jau yra \u0161alyje, asimiliacij\u0105.<\/p>\n<p>Met\u0173 prad\u017eioje ministras pasisak\u0117 u\u017e legalios imigracijos sustabdym\u0105 dvejiems ar trejiems metams, kol bus nustatytas privalom\u0173 kvot\u0173 dydis. Visgi jis pa\u017eym\u0117jo, kad kai kuriems studentams, gydytojams ir mokslininkams gali b\u016bti daromos i\u0161imtys.<\/p>\n<p>Taip pat teisingumo ministerijos vadovas pabr\u0117\u017e\u0117, kad, didinant atlyginimus, b\u016btina pritraukti legalius migrantus ir pranc\u016bzus \u012f darbus, kurie dabar laikomi nepatraukliais ir kuriuos dirba u\u017esienie\u010diai.<\/p>\n","protected":false},"excerpt":{"rendered":"1 nuotr. \u201ePasiek\u0117me savo galimybi\u0173 integruoti ir asimiliuoti rib\u0105. Tod\u0117l esu tvirtai \u012fsitikin\u0119s: dabartin\u0117 imigracija turi b\u016bti nutraukta&#8221;,&hellip;\n","protected":false},"author":2,"featured_media":191140,"comment_status":"","ping_status":"","sticky":false,"template":"","format":"standard","meta":{"footnotes":"","_share_on_mastodon":"0"},"categories":[15],"tags":[25,29885,30,31,29884,29886,34,35,24,12094,29459,32,33,37,39,36,38,40,1130,23,22,44,28,29,651,29458,26,27,5984,74,75,76],"class_list":["post-191139","post","type-post","status-publish","format-standard","has-post-thumbnail","category-pasaulis","tag-antrastes","tag-asimiliacija","tag-breaking-news","tag-breakingnews","tag-darmanin","tag-deportuoti","tag-featured-news","tag-featurednews","tag-headlines","tag-kvalifikacija","tag-kvotos","tag-latest-news","tag-latestnews","tag-lietuva","tag-lietuviu","tag-lithuania","tag-lithuanian","tag-lt","tag-migrantai","tag-naujienos","tag-news","tag-pasaulis","tag-populiariausios-naujienos","tag-populiariausiosnaujienos","tag-prancuzija","tag-riboti","tag-top-stories","tag-topstories","tag-vizos","tag-world","tag-world-news","tag-worldnews"],"share_on_mastodon":{"url":"https:\/\/pubeurope.com\/@lt\/116664711663762389","error":""},"_links":{"self":[{"href":"https:\/\/www.europesays.com\/lt\/wp-json\/wp\/v2\/posts\/191139","targetHints":{"allow":["GET"]}}],"collection":[{"href":"https:\/\/www.europesays.com\/lt\/wp-json\/wp\/v2\/posts"}],"about":[{"href":"https:\/\/www.europesays.com\/lt\/wp-json\/wp\/v2\/types\/post"}],"author":[{"embeddable":true,"href":"https:\/\/www.europesays.com\/lt\/wp-json\/wp\/v2\/users\/2"}],"replies":[{"embeddable":true,"href":"https:\/\/www.europesays.com\/lt\/wp-json\/wp\/v2\/comments?post=191139"}],"version-history":[{"count":0,"href":"https:\/\/www.europesays.com\/lt\/wp-json\/wp\/v2\/posts\/191139\/revisions"}],"wp:featuredmedia":[{"embeddable":true,"href":"https:\/\/www.europesays.com\/lt\/wp-json\/wp\/v2\/media\/191140"}],"wp:attachment":[{"href":"https:\/\/www.europesays.com\/lt\/wp-json\/wp\/v2\/media?parent=191139"}],"wp:term":[{"taxonomy":"category","embeddable":true,"href":"https:\/\/www.europesays.com\/lt\/wp-json\/wp\/v2\/categories?post=191139"},{"taxonomy":"post_tag","embeddable":true,"href":"https:\/\/www.europesays.com\/lt\/wp-json\/wp\/v2\/tags?post=191139"}],"curies":[{"name":"wp","href":"https:\/\/api.w.org\/{rel}","templated":true}]}}