{"id":191163,"date":"2026-05-30T18:21:14","date_gmt":"2026-05-30T18:21:14","guid":{"rendered":"https:\/\/www.europesays.com\/lt\/191163\/"},"modified":"2026-05-30T18:21:14","modified_gmt":"2026-05-30T18:21:14","slug":"vladas-vaicekauskas-kas-galetu-tapti-nauju-lrt-vadovu-respublika-lt","status":"publish","type":"post","link":"https:\/\/www.europesays.com\/lt\/191163\/","title":{"rendered":"Vladas VAICEKAUSKAS: Kas gal\u0117t\u0173 tapti nauju LRT vadovu? &#8211; Respublika.lt"},"content":{"rendered":"<p style=\"text-align: justify;\" class=\"desktop_banner\">\u00a0<\/p>\n<p>Kriaunos up\u0117s potvynio vandenims pasitraukus, pavasaris rankoves pasiraitoj\u0119s pasitiesia nei\u0161pasakyto gro\u017eio kokio hektaro plo\u010dio kilim\u0105 &#8211; \u017ei\u016bri i\u0161pl\u0117t\u0119s akis ir jauti, kaip svaigsta galva.<\/p>\n<p>Svaigsta galva, palyginus su praeitimi, ir nuo laisvo \u017eod\u017eio gausos kasdienio gyvenimo pievose. Laisv\u0105 \u017eod\u012f pasiganyti i\u0161leid\u017eia u\u017esienio privataus kapitalo portalai \u201eDelfi&#8221;, \u201e15min&#8221;, \u201eVerslo \u017einios&#8221;, \u201eAlfa&#8221;, vietiniai prenumeruojami portalai ir privat\u016bs tele ir radijo kanalai-stotys, savo elektroniniuose puslapiuose rei\u0161kiasi \u017eurnalistai.<\/p>\n<p>Ar valstyb\u0117 pan\u010dioja j\u0173 skelbiam\u0105 laisv\u0105 \u017eod\u012f? Supan\u010dioti nor\u0117t\u0173 politikos v\u0117j\u0173 perp\u016bstas, it savo urv\u0105 saugantis seim\u016bnas, silpnokai savo k\u0117d\u0117je besijau\u010diantis meras, pusmeris. Valstyb\u0117, kaip senais glavlito laikais, \u012f priva\u010dius reikalus nesiki\u0161a.<\/p>\n<p>Tik mums atrodo, kad laisviausias \u017emogus yra privataus kapitalo \u017einiasklaidos savininkas. Samdyto \u017eurnalisto laisv\u0117 yra jo valioje, bet ir privataus kapitalo \u017einiasklaida turi paisyti politin\u0117s, ideologin\u0117s, teisin\u0117s valstyb\u0117s sanklodos. Absoliu\u010diai laisvas esi savo mintyse, kai vienas pats braidai po purien\u0173 nupiltus up\u0117s pakran\u010di\u0173 sl\u0117nius. I\u0161leidi mint\u012f pasivaik\u0161\u010dioti, netenki laisv\u0117s.<\/p>\n<p>Privataus kapitalo \u017einiasklaida suka galv\u0105, kaip i\u0161silaikyti laisvo \u017eod\u017eio perpildytoje rinkoje, kad gal\u0117tum padoriau atsilyginti auk\u0161tos profesin\u0117s mark\u0117s \u017eurnalistams, redaktoriams.<\/p>\n<p>LRT vadov\u0173 toks, da\u017enai gniu\u017edantis, r\u016bpestis neslegia. Neperd\u0117siu sakydamas, kad 650 LRT darbuotoj\u0173 gyvena Rojaus malon\u0117je &#8211; valstyb\u0117 i\u0161 sunkiai u\u017edirbt\u0173 mokes\u010di\u0173 atseik\u0117ja 80 milijon\u0173 eur\u0173 ir jie yra viskuo apr\u016bpinti ir pasotinti.<\/p>\n<p>Ma\u017edaug tiek darbuotoj\u0173 kasdien tri\u016bsia Sveikatos, \u0160vietimo, mokslo ir sporto, Socialin\u0117s apsaugos ir darbo ministerijose. Perpus ma\u017eiau specialist\u0173 dirba vyriausyb\u0117je, Seime.<\/p>\n<p>Kiekviena i\u0161 \u0161i\u0173 biud\u017eetini\u0173 \u012fstaig\u0173 kasmet ant stalo gali i\u0161d\u0117lioti nuveiktus darbus valstyb\u0117s ir tautos gerovei, gali i\u0161d\u0117lioti suplanuotus ateities darbus.<\/p>\n<p>Kokiais tautos ir valstyb\u0117s labui nuveiktais darbais gal\u0117t\u0173 pasigirti LRT? U\u017esienio radijo stotys gars\u0117ja pasaulinio lygio simfoniniais orkestrais, tokio pat lygio chorais, pavyzd\u017eiui, Berlyno radijas.<\/p>\n<p>LRT nevaldo milijard\u0173, bet, profesionaliai susitvarkius savo \u016bk\u012f, l\u0117\u0161\u0173 pakakt\u0173 suburti nedidel\u0117s apr\u0117pties profesional\u0173 teleteatr\u0105, savo folkloro grup\u0119, savo orkestr\u0105. LRT &#8211; plikas kaip tilvikas, did\u017eiausi\u0105 r\u016bpest\u012f sutelk\u0119s \u017eaidimams, serialams, pabiroms laidel\u0117ms.<\/p>\n<p>Nematyti profesionaliai nuausto televizijos ir radijo audinio, kurio margi ra\u0161tai d\u017eiugint\u0173 ak\u012f ir glostyt\u0173 siel\u0105.<\/p>\n<p>Graudu \u017ei\u016br\u0117ti, kaip Seime politikai, visuomenininkai, ministrai, \u017eurnalistai dau\u017eo krumplius gin\u010dydamiesi, kaip tur\u0117t\u0173 dirbti LRT, kad patenkint\u0173 valstyb\u0117s ir tautos l\u016bkes\u010dius.<\/p>\n<p>\u201eVald\u017eia nori u\u017egrobti ir politizuoti LRT&#8221;, \u201evar\u017eo \u017eod\u017eio laisv\u0119&#8221;, \u201e\u0161alin rankas&#8221; ir t.t. Ra\u0161omi skundai Briuseliui, Venecijos komisijai. Ar\u0161iai deramasi, kas gal\u0117t\u0173 dirbti LRT taryboje ar valdyboje.<\/p>\n<p>Priregzta tiek politini\u0173 kebekni\u0173, kad nesutilpt\u0173 did\u017eiausiame Vilniaus s\u0105vartyne.<\/p>\n<p>Po didel\u0117s apr\u0117pties maskuot\u0117s priedanga slepiasi k\u0117slai &#8211; paleisti v\u0117jais vis\u0105 vyriausyb\u0119, koalicij\u0105 ir i\u0161sirinkti nauj\u0105 vald\u017ei\u0105. Ir tuomet bus laisva it padangi\u0173 pauk\u0161t\u0117 LRT, pati valstyb\u0117 ir tauta. Patys mitingai daugeliui tapo nemokama atrakcija, \u0161iaip gan linksma ten pasib\u016bti.<\/p>\n<p>Visos kebekn\u0117s pasibaigt\u0173 prie LRT vairo stojus i\u0161mintingam, Dievo pateptam, did\u017eiul\u0119 patirt\u012f nepriklausomos \u017einiasklaidos erdv\u0117se sukaupusiam vadovui. I\u0161mintis, talentas, patirtis sud\u0117liot\u0173, i\u0161grynint\u0173, i\u0161politizuot\u0173 svarbiausius darbus pertvarkant pa\u010di\u0105 LRT, met\u0173 metais susiklos\u010diusi\u0105 ir surag\u0117jusi\u0105 strukt\u016br\u0105.<\/p>\n<p>Nes dabar labai da\u017enai regi, kaip LRT devyni vilkai vien\u0105 bit\u0119 pjauna &#8211; priva\u010diose strukt\u016brose tokios pat apr\u0117pties laidas rengia perpus ma\u017eiau darbuotoj\u0173.<\/p>\n<p>At\u0117jo laikas atsisakyti trumpinio LRT, nustoti eler\u010diuotis ir tapti Lietuvos televizija ir Lietuvos radijumi. Teb\u016bna ta naujoji Lietuvos televizijos ir radijo taryba, valdyba.<\/p>\n<p>I\u0161mintingam, naujam konkurs\u0105 laim\u0117jusiam vadovui naujoji Taryba ir valdyba gal\u0117t\u0173 tapti rimtais pagalbininkais k\u016brybi\u0161kai pertvarkant, atnaujinant sustabar\u0117jusi\u0105, \u012fvairaus raugo ir kvapo prielipomis it erkut\u0117mis aplipusi\u0105 strukt\u016br\u0105. Nema\u017eai broko prisikaup\u0119 ir laisvo \u017eod\u017eio k\u016brybos virtuv\u0117je.<\/p>\n<p>Apsivaliusi ir i\u0161sivaliusi LRT atgaut\u0173 tikr\u0105j\u0105 savo pa\u0161aukt\u012f &#8211; ne vadintis kaip iki \u0161iolei, o tapti tikru visuomeniniu laisvo \u017eod\u017eio transliuotoju.<\/p>\n<p>I\u0161sivalyti ir apsivalyti reikia ne k\u0105 kit\u0105, o tai, kaip atgauti savigarb\u0105 &#8211; juk turint galyb\u0119 gabi\u0173 \u017eurnalist\u0173 laidoms vesti kviestis brangiai apmokamus pa\u0161alie\u010dius, rodo transliuotojo negali\u0105.<\/p>\n<p>Ar galite \u012fsivaizuoti \u201eLietuvos ryto&#8221; \u017eurnalistus ra\u0161an\u010dius ir \u201eRespublikos&#8221; priedui ar \u201eVakaro \u017einioms&#8221;. Abu vadovai grei\u010diau nu\u0161okt\u0173 nuo Gedimino pilies bok\u0161to nei su tuo susitaikyt\u0173.<\/p>\n<p>\u012e pla\u010dias diskusijas visuomenei r\u016bpimais klausimais galima ir net b\u016btina pasikviesti ir kit\u0173 redakcij\u0173 i\u0161kilius \u017eurnalistus, pavyzd\u017eiui, \u201e\u017dini\u0173 radijo&#8221;.<\/p>\n<p>Kur rasti \u017emog\u0173, kurio talentas, i\u0161mintis ir patirtis Lietuvos televizijai ir radijui i\u0161eit\u0173 \u012f sveikat\u0105?<\/p>\n<p>Toks \u017emogus labai profesionaliai k\u016brybi\u0161kai vadovauja vienam priva\u010diam portalui.<\/p>\n<p>Jo vardas Vaidotas, o pavard\u0117 Beniu\u0161is. Geresnio kandidato mano patyrusi akis \u017einiasklaidos lauke nemato.<\/p>\n<p>Reikia ne patyrusio valdininko, o p\u016bd\u0105 druskos suvalgiusio ir didybe nesusirgusio talentingo plunksnos darbininko.<\/p>\n<p>I\u0161dr\u012fsk ir laim\u0117k. Laisvas ir \u0161varus Lietuvos tele ir radijo \u017eodis ims laigyti po \u017eydin\u010dias gyvenimo pievas.<\/p>\n<p>LRT \u012fsta\u010dius \u012f valstyb\u0117s ir tautos stiprinimo vag\u0105, b\u016bt\u0173 smagu nerti \u012f did\u017eiosios politikos vandenis.<\/p>\n","protected":false},"excerpt":{"rendered":"\u00a0 Kriaunos up\u0117s potvynio vandenims pasitraukus, pavasaris rankoves pasiraitoj\u0119s pasitiesia nei\u0161pasakyto gro\u017eio kokio hektaro plo\u010dio kilim\u0105 &#8211; \u017ei\u016bri&hellip;\n","protected":false},"author":2,"featured_media":191164,"comment_status":"","ping_status":"","sticky":false,"template":"","format":"standard","meta":{"footnotes":"","_share_on_mastodon":"0"},"categories":[13],"tags":[25,29889,30,31,34,35,24,9044,32,33,37,39,36,38,519,40,10364,23,22,1269,28,29,1869,26,27,1997,574,979,9045],"class_list":["post-191163","post","type-post","status-publish","format-standard","has-post-thumbnail","category-lietuva","tag-antrastes","tag-beniusis","tag-breaking-news","tag-breakingnews","tag-featured-news","tag-featurednews","tag-headlines","tag-laisvas","tag-latest-news","tag-latestnews","tag-lietuva","tag-lietuviu","tag-lithuania","tag-lithuanian","tag-lrt","tag-lt","tag-mitingai","tag-naujienos","tag-news","tag-politika","tag-populiariausios-naujienos","tag-populiariausiosnaujienos","tag-taryba","tag-top-stories","tag-topstories","tag-vadovas","tag-vaicekauskas","tag-ziniasklaida","tag-zodis"],"share_on_mastodon":{"url":"https:\/\/pubeurope.com\/@lt\/116664918621212897","error":""},"_links":{"self":[{"href":"https:\/\/www.europesays.com\/lt\/wp-json\/wp\/v2\/posts\/191163","targetHints":{"allow":["GET"]}}],"collection":[{"href":"https:\/\/www.europesays.com\/lt\/wp-json\/wp\/v2\/posts"}],"about":[{"href":"https:\/\/www.europesays.com\/lt\/wp-json\/wp\/v2\/types\/post"}],"author":[{"embeddable":true,"href":"https:\/\/www.europesays.com\/lt\/wp-json\/wp\/v2\/users\/2"}],"replies":[{"embeddable":true,"href":"https:\/\/www.europesays.com\/lt\/wp-json\/wp\/v2\/comments?post=191163"}],"version-history":[{"count":0,"href":"https:\/\/www.europesays.com\/lt\/wp-json\/wp\/v2\/posts\/191163\/revisions"}],"wp:featuredmedia":[{"embeddable":true,"href":"https:\/\/www.europesays.com\/lt\/wp-json\/wp\/v2\/media\/191164"}],"wp:attachment":[{"href":"https:\/\/www.europesays.com\/lt\/wp-json\/wp\/v2\/media?parent=191163"}],"wp:term":[{"taxonomy":"category","embeddable":true,"href":"https:\/\/www.europesays.com\/lt\/wp-json\/wp\/v2\/categories?post=191163"},{"taxonomy":"post_tag","embeddable":true,"href":"https:\/\/www.europesays.com\/lt\/wp-json\/wp\/v2\/tags?post=191163"}],"curies":[{"name":"wp","href":"https:\/\/api.w.org\/{rel}","templated":true}]}}