{"id":191360,"date":"2026-05-31T05:42:19","date_gmt":"2026-05-31T05:42:19","guid":{"rendered":"https:\/\/www.europesays.com\/lt\/191360\/"},"modified":"2026-05-31T05:42:19","modified_gmt":"2026-05-31T05:42:19","slug":"europos-komisija-ilgiau-nei-pusmeti-mazejusios-pieno-supirkimo-kainos-turetu-stabilizuotis-2","status":"publish","type":"post","link":"https:\/\/www.europesays.com\/lt\/191360\/","title":{"rendered":"Europos Komisija: ilgiau nei pusmet\u012f ma\u017e\u0117jusios pieno supirkimo kainos tur\u0117t\u0173 stabilizuotis"},"content":{"rendered":"<p>Europos S\u0105jungoje \u0161i\u0173 met\u0173 baland\u012f vidutin\u0117 pieno supirkimo kaina siek\u0117 42,91 euro cento u\u017e kilogram\u0105 \u2013 19,1 proc. ma\u017eiau nei prie\u0161 metus, prane\u0161\u0117 Europos Komisijos Pieno rinkos steb\u0117jimo centras (MMO). Vis d\u0117lto prognozuojama, kad pieno supirkimo kain\u0173 ma\u017e\u0117jimas tur\u0117t\u0173 stabilizuotis.<\/p>\n<p>Skelbiama, kad did\u017eiausi kain\u0173 kritimai fiksuoti pagrindin\u0117se pieno gamybos ir eksporto \u0161alyse. Anot MMO, Danijoje pieno supirkimo kaina suma\u017e\u0117jo 28,2 proc., Vokietijoje \u2013 26,4 proc., Nyderlanduose \u2013 24,9 proc., o Belgijoje, \u010cekijoje ir Lenkijoje kainos ma\u017e\u0117jo apie penktadal\u012f.<\/p>\n<p>Baltijos valstyb\u0117se taip pat fiksuoti pana\u0161\u016bs poky\u010diai. Lietuvoje pieno supirkimo kaina per metus smuko beveik tre\u010ddaliu, Estijoje \u2013 26,6 proc., Latvijoje \u2013 21,5 proc.<\/p>\n<p>MMO duomenimis, kain\u0173 ma\u017e\u0117jim\u0105 l\u0117m\u0117 i\u0161augusi\u00a0\u017ealio\u00a0pieno pasi\u016bla, vir\u0161ijusi paklausos augim\u0105. D\u0117l to ma\u017e\u0117jo pagrindini\u0173 pieno produkt\u0173, ypa\u010d sviesto ir s\u016bri\u0173, kainos, o atsarg\u0173 did\u0117jimas Europoje dar\u0117 papildom\u0105 spaudim\u0105 \u017ealiavos rinkai.<\/p>\n<p>Remiantis Europos Komisijos paskelbta ES trumpalaike rinkos prognoze, nuo 2025 m. spalio besit\u0119s\u0119s pieno supirkimo kain\u0173 ma\u017e\u0117jimas tur\u0117t\u0173 stabilizuotis. Prognoz\u0117 grind\u017eiama naujausiais rinkos duomenimis ir Europos Komisijos \u017dem\u0117s \u016bkio ir kaimo pl\u0117tros departamento vertinimais.<\/p>\n<p>Teigiama, kad pirmieji stabilizacijos signalai matomi Italijos neatid\u0117liotin\u0173 sandori\u0173 \u201espot\u201c rinkoje, kur \u017ealiavinio pieno kaina augo devynias savaites i\u0161 eil\u0117s ir gegu\u017e\u0117s 25 d. pasiek\u0117 35,25 euro cento u\u017e kilogram\u0105.<\/p>\n<p>Europos Komisija prognozuoja, kad perdirbimas bus orientuojamas \u012f didesn\u0117s prid\u0117tin\u0117s vert\u0117s produktus \u2013 s\u016brius ir i\u0161r\u016bgas, kuri\u0173 eksport\u0105 palaiko pasaulin\u0117 paklausa.<\/p>\n<p>Tuo metu sviesto ir lieso pieno milteli\u0173 gamyba tur\u0117t\u0173 i\u0161likti stabili, nugriebto pieno milteli\u0173 eksportas \u2013 pana\u0161us kaip pernai, o nenugriebto pieno milteli\u0173 gamyba ir eksportas toliau ma\u017e\u0117s. Taip pat numatoma, kad geriamojo pieno vartojimo ma\u017e\u0117jim\u0105 i\u0161 dalies kompensuos jogurto ir grietin\u0117l\u0117s paklausa.<\/p>\n<p>\t\t\t\t\t\t\t\t\t\t\t\t <img decoding=\"async\" src=\"https:\/\/www.europesays.com\/lt\/wp-content\/uploads\/2026\/05\/1780206139_992_elta.png\"\/><\/p>\n","protected":false},"excerpt":{"rendered":"Europos S\u0105jungoje \u0161i\u0173 met\u0173 baland\u012f vidutin\u0117 pieno supirkimo kaina siek\u0117 42,91 euro cento u\u017e kilogram\u0105 \u2013 19,1 proc.&hellip;\n","protected":false},"author":2,"featured_media":191361,"comment_status":"","ping_status":"","sticky":false,"template":"","format":"standard","meta":{"footnotes":"","_share_on_mastodon":"0"},"categories":[17],"tags":[81,37,39,36,38,40,2805,29922,46],"class_list":["post-191360","post","type-post","status-publish","format-standard","has-post-thumbnail","category-verslas","tag-business","tag-lietuva","tag-lietuviu","tag-lithuania","tag-lithuanian","tag-lt","tag-pienas","tag-pieno-supirkimas","tag-verslas"],"share_on_mastodon":{"url":"https:\/\/pubeurope.com\/@lt\/116667596639241243","error":""},"_links":{"self":[{"href":"https:\/\/www.europesays.com\/lt\/wp-json\/wp\/v2\/posts\/191360","targetHints":{"allow":["GET"]}}],"collection":[{"href":"https:\/\/www.europesays.com\/lt\/wp-json\/wp\/v2\/posts"}],"about":[{"href":"https:\/\/www.europesays.com\/lt\/wp-json\/wp\/v2\/types\/post"}],"author":[{"embeddable":true,"href":"https:\/\/www.europesays.com\/lt\/wp-json\/wp\/v2\/users\/2"}],"replies":[{"embeddable":true,"href":"https:\/\/www.europesays.com\/lt\/wp-json\/wp\/v2\/comments?post=191360"}],"version-history":[{"count":0,"href":"https:\/\/www.europesays.com\/lt\/wp-json\/wp\/v2\/posts\/191360\/revisions"}],"wp:featuredmedia":[{"embeddable":true,"href":"https:\/\/www.europesays.com\/lt\/wp-json\/wp\/v2\/media\/191361"}],"wp:attachment":[{"href":"https:\/\/www.europesays.com\/lt\/wp-json\/wp\/v2\/media?parent=191360"}],"wp:term":[{"taxonomy":"category","embeddable":true,"href":"https:\/\/www.europesays.com\/lt\/wp-json\/wp\/v2\/categories?post=191360"},{"taxonomy":"post_tag","embeddable":true,"href":"https:\/\/www.europesays.com\/lt\/wp-json\/wp\/v2\/tags?post=191360"}],"curies":[{"name":"wp","href":"https:\/\/api.w.org\/{rel}","templated":true}]}}