{"id":191396,"date":"2026-05-31T06:32:31","date_gmt":"2026-05-31T06:32:31","guid":{"rendered":"https:\/\/www.europesays.com\/lt\/191396\/"},"modified":"2026-05-31T06:32:31","modified_gmt":"2026-05-31T06:32:31","slug":"bella-hadid-kaitina-interneta-nusimete-liemenele","status":"publish","type":"post","link":"https:\/\/www.europesays.com\/lt\/191396\/","title":{"rendered":"Bella Hadid kaitina internet\u0105 \u2013 nusimet\u0117 liemen\u0117l\u0119"},"content":{"rendered":"<p>Socialiniuose tinkluose paskelbtose nuotraukose Bella pozavo itin dr\u0105siai \u2013 viename kadre ji \u012fsiam\u017eino apsinuoginusi iki pus\u0117s, prisidengusi tik lengvu topu. <\/p>\n<p>Kitose nuotraukose modelis matoma ilsintis jachtos denyje vilkint maudymosi kostium\u0117l\u012f ir m\u0117gaujantis atostog\u0173 atmosfera.<\/p>\n<p>Gerb\u0117j\u0173 d\u0117mes\u012f patrauk\u0117 ne tik \u012fsp\u016bdingi vaizdai i\u0161 Rivjeros, bet ir Bellos parodyta kasdienyb\u0117. Modelis pasidalijo savo laiku vietin\u0117je kavin\u0117je. <\/p>\n<p>Be to, internete jau kur\u012f laik\u0105 netyla diskusijos apie itin liekn\u0105 Bellos <a rel=\"noopener nofollow\" target=\"_blank\" href=\"https:\/\/www.delfi.lt\/temos\/figura\" tag-id=\"52399045\">fig\u016br\u0105<\/a>, tod\u0117l \u0161ios detal\u0117s sulauk\u0117 nema\u017eai komentar\u0173 socialiniuose tinkluose.<\/p>\n<p>    <img decoding=\"async\" src=\"https:\/\/www.europesays.com\/lt\/wp-content\/uploads\/2026\/05\/039f1824-2d4b-450f-a3a7-51a7f1b69640.jpg\" loading=\"lazy\" alt=\"Bella Hadid\"\/>               <\/p>\n","protected":false},"excerpt":{"rendered":"Socialiniuose tinkluose paskelbtose nuotraukose Bella pozavo itin dr\u0105siai \u2013 viename kadre ji \u012fsiam\u017eino apsinuoginusi iki pus\u0117s, prisidengusi tik&hellip;\n","protected":false},"author":2,"featured_media":191397,"comment_status":"","ping_status":"","sticky":false,"template":"","format":"standard","meta":{"footnotes":"","_share_on_mastodon":"0"},"categories":[21],"tags":[6697,113,229,37,39,36,38,40,114],"class_list":["post-191396","post","type-post","status-publish","format-standard","has-post-thumbnail","category-pramogos","tag-bella-hadid","tag-entertainment","tag-figura","tag-lietuva","tag-lietuviu","tag-lithuania","tag-lithuanian","tag-lt","tag-pramogos"],"share_on_mastodon":{"url":"https:\/\/pubeurope.com\/@lt\/116667793191416408","error":""},"_links":{"self":[{"href":"https:\/\/www.europesays.com\/lt\/wp-json\/wp\/v2\/posts\/191396","targetHints":{"allow":["GET"]}}],"collection":[{"href":"https:\/\/www.europesays.com\/lt\/wp-json\/wp\/v2\/posts"}],"about":[{"href":"https:\/\/www.europesays.com\/lt\/wp-json\/wp\/v2\/types\/post"}],"author":[{"embeddable":true,"href":"https:\/\/www.europesays.com\/lt\/wp-json\/wp\/v2\/users\/2"}],"replies":[{"embeddable":true,"href":"https:\/\/www.europesays.com\/lt\/wp-json\/wp\/v2\/comments?post=191396"}],"version-history":[{"count":0,"href":"https:\/\/www.europesays.com\/lt\/wp-json\/wp\/v2\/posts\/191396\/revisions"}],"wp:featuredmedia":[{"embeddable":true,"href":"https:\/\/www.europesays.com\/lt\/wp-json\/wp\/v2\/media\/191397"}],"wp:attachment":[{"href":"https:\/\/www.europesays.com\/lt\/wp-json\/wp\/v2\/media?parent=191396"}],"wp:term":[{"taxonomy":"category","embeddable":true,"href":"https:\/\/www.europesays.com\/lt\/wp-json\/wp\/v2\/categories?post=191396"},{"taxonomy":"post_tag","embeddable":true,"href":"https:\/\/www.europesays.com\/lt\/wp-json\/wp\/v2\/tags?post=191396"}],"curies":[{"name":"wp","href":"https:\/\/api.w.org\/{rel}","templated":true}]}}