{"id":191750,"date":"2026-05-31T16:22:08","date_gmt":"2026-05-31T16:22:08","guid":{"rendered":"https:\/\/www.europesays.com\/lt\/191750\/"},"modified":"2026-05-31T16:22:08","modified_gmt":"2026-05-31T16:22:08","slug":"maltoje-visuotinius-rinkimus-laimejo-valdancioji-partija","status":"publish","type":"post","link":"https:\/\/www.europesays.com\/lt\/191750\/","title":{"rendered":"Maltoje visuotinius rinkimus laim\u0117jo valdan\u010dioji partija"},"content":{"rendered":"<p>\u201eMes \u012fra\u0161\u0117me savo vard\u0105 \u012f istorij\u0105, laim\u0117dami ketvirt\u0105 kart\u0105 i\u0161 eil\u0117s\u201c, \u2013 sekmadien\u012f per televizij\u0105 rodytame interviu sak\u0117 ministras pirmininkas Robertas Abela, pirminiams rezultatams parod\u017eius, kad jo partija lenkia konservatyvi\u0105j\u0105 Nacionalist\u0173 partij\u0105 (PN).<\/p>\n<p>R. Abela teig\u0117, kad nori b\u016bti vis\u0173 Maltos pilie\u010di\u0173 ministru pirmininku.<\/p>\n<p>Opozicijos lyderis Aleksas Borgas i\u0161 partijos PN socialiniuose tinkluose paskelbtame vaizdo \u012fra\u0161e sak\u0117 paskambin\u0119s R. Abelai, kad pripa\u017eint\u0173 pralaim\u0117jim\u0105 ir palink\u0117t\u0173 jam s\u0117km\u0117s.<\/p>\n<p>\u201e\u017dmon\u0117s i\u0161rei\u0161k\u0117 savo nuomon\u0119 ir mes privalome gerbti j\u0173 vali\u0105\u201c, \u2013 sak\u0117 A. Borgas. Jis teig\u0117, kad tai nebuvo tas rezultatas, kurio tik\u0117josi, ta\u010diau pabr\u0117\u017e\u0117, kad niekas netur\u0117t\u0173 gail\u0117tis balsav\u0119s u\u017e jo partij\u0105.<\/p>\n<p>Kol kas neai\u0161ku, koks yra u\u017e abi partijas atiduot\u0173 bals\u0173 skirtumas, o bals\u0173 skai\u010diavimas tur\u0117t\u0173 baigtis sekmadien\u012f vakare. Remiantis oficialiais duomenimis, rink\u0117j\u0173 aktyvumas siek\u0117 daugiau nei 87 proc.<\/p>\n<p>48-eri\u0173 R. Abela apie \u0161e\u0161tadien\u012f \u012fvykusius rinkimus paskelb\u0117 baland\u017eio pabaigoje \u2013 metais anks\u010diau nei numatyta, tok\u012f sprendim\u0105 gr\u012fsdamas nerim\u0105 kelian\u010diais pasauliniais geopolitiniais klausimais, susijusiais su karu Irane.<\/p>\n<p>Jis sak\u0117, kad jo vyriausybei reikalingi nauji \u012fgaliojimai, kurie pad\u0117t\u0173 Maltai ir jos pilie\u010diams \u012fveikti art\u0117jan\u010di\u0105 energetikos kriz\u0119.<\/p>\n<p>Jo centro kair\u0117s partija MLP rinkim\u0173 kampanijos metu akcentavo veiklos t\u0119stinum\u0105 ir teig\u0117, kad stipri Maltos ekonomika \u012frodo, kad ji sugeba valdyti \u0161al\u012f.<\/p>\n<p>Tuo tarpu A. Borgo vadovaujama PN save pristat\u0117 kaip j\u0117g\u0105, kuri pagerins \u0161alies infrastrukt\u016br\u0105 ir suma\u017eins Maltos priklausomyb\u0119 nuo u\u017esienio darbo j\u0117gos. Partija 30-eri\u0173 A. Borg\u0105 \u2013 teisinink\u0105 ir buvus\u012f konkurso \u201eMr World Malta\u201c nugal\u0117toj\u0105 \u2013 vaizdavo kaip nauj\u0105 politin\u0119 alternatyv\u0105, galin\u010di\u0105 atne\u0161ti poky\u010di\u0173 po daugiau nei de\u0161imtmet\u012f trukusio Darbo partijos valdymo.<\/p>\n","protected":false},"excerpt":{"rendered":"\u201eMes \u012fra\u0161\u0117me savo vard\u0105 \u012f istorij\u0105, laim\u0117dami ketvirt\u0105 kart\u0105 i\u0161 eil\u0117s\u201c, \u2013 sekmadien\u012f per televizij\u0105 rodytame interviu sak\u0117&hellip;\n","protected":false},"author":2,"featured_media":191751,"comment_status":"","ping_status":"","sticky":false,"template":"","format":"standard","meta":{"footnotes":"","_share_on_mastodon":"0"},"categories":[15],"tags":[25,30,31,34,35,24,32,33,37,39,36,38,40,10674,23,22,44,28,29,340,26,27,74,75,76],"class_list":["post-191750","post","type-post","status-publish","format-standard","has-post-thumbnail","category-pasaulis","tag-antrastes","tag-breaking-news","tag-breakingnews","tag-featured-news","tag-featurednews","tag-headlines","tag-latest-news","tag-latestnews","tag-lietuva","tag-lietuviu","tag-lithuania","tag-lithuanian","tag-lt","tag-malta","tag-naujienos","tag-news","tag-pasaulis","tag-populiariausios-naujienos","tag-populiariausiosnaujienos","tag-rinkimai","tag-top-stories","tag-topstories","tag-world","tag-world-news","tag-worldnews"],"share_on_mastodon":{"url":"https:\/\/pubeurope.com\/@lt\/116670113065074172","error":""},"_links":{"self":[{"href":"https:\/\/www.europesays.com\/lt\/wp-json\/wp\/v2\/posts\/191750","targetHints":{"allow":["GET"]}}],"collection":[{"href":"https:\/\/www.europesays.com\/lt\/wp-json\/wp\/v2\/posts"}],"about":[{"href":"https:\/\/www.europesays.com\/lt\/wp-json\/wp\/v2\/types\/post"}],"author":[{"embeddable":true,"href":"https:\/\/www.europesays.com\/lt\/wp-json\/wp\/v2\/users\/2"}],"replies":[{"embeddable":true,"href":"https:\/\/www.europesays.com\/lt\/wp-json\/wp\/v2\/comments?post=191750"}],"version-history":[{"count":0,"href":"https:\/\/www.europesays.com\/lt\/wp-json\/wp\/v2\/posts\/191750\/revisions"}],"wp:featuredmedia":[{"embeddable":true,"href":"https:\/\/www.europesays.com\/lt\/wp-json\/wp\/v2\/media\/191751"}],"wp:attachment":[{"href":"https:\/\/www.europesays.com\/lt\/wp-json\/wp\/v2\/media?parent=191750"}],"wp:term":[{"taxonomy":"category","embeddable":true,"href":"https:\/\/www.europesays.com\/lt\/wp-json\/wp\/v2\/categories?post=191750"},{"taxonomy":"post_tag","embeddable":true,"href":"https:\/\/www.europesays.com\/lt\/wp-json\/wp\/v2\/tags?post=191750"}],"curies":[{"name":"wp","href":"https:\/\/api.w.org\/{rel}","templated":true}]}}